{"id":26829,"date":"2024-05-25T10:40:22","date_gmt":"2024-05-25T08:40:22","guid":{"rendered":"https:\/\/edublog.educastur.es\/ixuxu\/?p=26829"},"modified":"2024-05-25T10:40:41","modified_gmt":"2024-05-25T08:40:41","slug":"26829","status":"publish","type":"post","link":"https:\/\/edublog.educastur.es\/ixuxu\/2024\/05\/26829\/","title":{"rendered":""},"content":{"rendered":"<p style=\"text-align: center\"><span style=\"color: #800080\"><strong><em><span style=\"font-size: 24px\">\u00abSi naide sabe nin por qu\u00e9 rimos <\/span><\/em><\/strong><\/span><br \/>\n<span style=\"color: #800080\"><strong><em><span style=\"font-size: 24px\">nin por qu\u00e9 lloramos; <\/span><\/em><\/strong><\/span><br \/>\n<span style=\"color: #800080\"><strong><em><span style=\"font-size: 24px\">si naide sabe nin por qu\u00e9 vinimos <\/span><\/em><\/strong><\/span><br \/>\n<span style=\"color: #800080\"><strong><em><span style=\"font-size: 24px\">nin por qu\u00e9 vamos; <\/span><\/em><\/strong><\/span><br \/>\n<span style=\"color: #800080\"><strong><em><span style=\"font-size: 24px\">si nun mar de tiniebles nos movemos,<\/span><\/em><\/strong><\/span><br \/>\n<span style=\"color: #800080\"><strong><em><span style=\"font-size: 24px\"> si tou ye nueche en derredor y arcanu, <\/span><\/em><\/strong><\/span><br \/>\n<span style=\"color: #800080\"><strong><em><span style=\"font-size: 24px\">\u00a1a lo menos amemos! <\/span><\/em><\/strong><\/span><br \/>\n<span style=\"color: #800080\"><strong><em><span style=\"font-size: 24px\">\u00a1Quiciabes nun s\u00eda en vanu\/devan\u00e9u!\u00bb<\/span><\/em><\/strong><\/span><br \/>\n<span style=\"color: #800080\"><strong><em><span style=\"font-size: 24px\">\u00ab\u00a1Amemos!\u00bb<\/span><\/em><\/strong><\/span><\/p>\n<p style=\"text-align: center\">Am\u00e1do Nervo<\/p>\n<div class=\"html-div xe8uvvx xdj266r x11i5rnm xat24cr x1mh8g0r xexx8yu x4uap5 x18d9i69 xkhd6sd\" dir=\"auto\">\n<div class=\"html-div xe8uvvx xdj266r x11i5rnm xat24cr x1mh8g0r xexx8yu x4uap5 x18d9i69 xkhd6sd\" dir=\"auto\">\n<div class=\"x1iorvi4 x1pi30zi x1l90r2v x1swvt13\" data-ad-comet-preview=\"message\" data-ad-preview=\"message\">\n<div class=\"x78zum5 xdt5ytf xz62fqu x16ldp7u\">\n<div class=\"xu06os2 x1ok221b\">\n<div class=\"xdj266r x11i5rnm xat24cr x1mh8g0r x1vvkbs x126k92a\">\n<div dir=\"auto\"><span style=\"font-size: 12px\"><span style=\"color: #333333\">\u00abSi nadie sabe ni por qu\u00e9 re\u00edmos ni por qu\u00e9 lloramos; si nadie sabe ni por qu\u00e9 vinimos ni por qu\u00e9 nos vamos; si en un mar de tinieblas nos movemos, si todo es noche en derredor y arcano, \u00a1a lo menos amemos! \u00a1Quiz\u00e1 no sea en vano!\u00bb<\/span> \u00ab\u00a1Amemos!\u00bb, Amado Nervo<\/span><\/div>\n<\/div>\n<\/div>\n<\/div>\n<\/div>\n<\/div>\n<\/div>\n","protected":false},"excerpt":{"rendered":"<p>\u00abSi naide sabe nin por qu\u00e9 rimos nin por qu\u00e9 lloramos; si naide sabe nin por qu\u00e9 vinimos nin por qu\u00e9 vamos; si nun mar de tiniebles nos movemos, si tou ye nueche en derredor y arcanu, \u00a1a lo menos amemos! \u00a1Quiciabes nun s\u00eda en vanu\/devan\u00e9u!\u00bb \u00ab\u00a1Amemos!\u00bb Am\u00e1do Nervo \u00abSi nadie sabe ni por qu\u00e9 [&hellip;]<\/p>\n","protected":false},"author":117,"featured_media":0,"comment_status":"open","ping_status":"open","sticky":false,"template":"","format":"quote","meta":{"footnotes":""},"categories":[1],"tags":[],"class_list":["post-26829","post","type-post","status-publish","format-quote","hentry","category-sin-categoria","post_format-post-format-quote"],"_links":{"self":[{"href":"https:\/\/edublog.educastur.es\/ixuxu\/wp-json\/wp\/v2\/posts\/26829","targetHints":{"allow":["GET"]}}],"collection":[{"href":"https:\/\/edublog.educastur.es\/ixuxu\/wp-json\/wp\/v2\/posts"}],"about":[{"href":"https:\/\/edublog.educastur.es\/ixuxu\/wp-json\/wp\/v2\/types\/post"}],"author":[{"embeddable":true,"href":"https:\/\/edublog.educastur.es\/ixuxu\/wp-json\/wp\/v2\/users\/117"}],"replies":[{"embeddable":true,"href":"https:\/\/edublog.educastur.es\/ixuxu\/wp-json\/wp\/v2\/comments?post=26829"}],"version-history":[{"count":2,"href":"https:\/\/edublog.educastur.es\/ixuxu\/wp-json\/wp\/v2\/posts\/26829\/revisions"}],"predecessor-version":[{"id":26831,"href":"https:\/\/edublog.educastur.es\/ixuxu\/wp-json\/wp\/v2\/posts\/26829\/revisions\/26831"}],"wp:attachment":[{"href":"https:\/\/edublog.educastur.es\/ixuxu\/wp-json\/wp\/v2\/media?parent=26829"}],"wp:term":[{"taxonomy":"category","embeddable":true,"href":"https:\/\/edublog.educastur.es\/ixuxu\/wp-json\/wp\/v2\/categories?post=26829"},{"taxonomy":"post_tag","embeddable":true,"href":"https:\/\/edublog.educastur.es\/ixuxu\/wp-json\/wp\/v2\/tags?post=26829"}],"curies":[{"name":"wp","href":"https:\/\/api.w.org\/{rel}","templated":true}]}}