{"id":26856,"date":"2024-05-27T10:00:52","date_gmt":"2024-05-27T08:00:52","guid":{"rendered":"https:\/\/edublog.educastur.es\/ixuxu\/?p=26856"},"modified":"2024-05-28T22:14:31","modified_gmt":"2024-05-28T20:14:31","slug":"sabes-cualos-son-les-cotes-mas-altes-y-mas-baxes-dasturies","status":"publish","type":"post","link":"https:\/\/edublog.educastur.es\/ixuxu\/2024\/05\/sabes-cualos-son-les-cotes-mas-altes-y-mas-baxes-dasturies\/","title":{"rendered":"\u00bfSabes cu\u00e1los son les cotes m\u00e1s altes y m\u00e1s baxes d&#8217;Asturies?"},"content":{"rendered":"<ul>\n<li><a href=\"https:\/\/www.sadei.es\/datos\/0\/2022_04_altitud1489.jpg\"><strong>Imaxe<\/strong><\/a> \/ Fonte: ????? ???????\n<div class=\"centrado\">\n<div id=\"contenido\">\n<div class=\"blq mart32\">\n<div class=\"blq marb4\">\n<div class=\"bl_izq ohid mart16 marl0 t22_7 mart24\"><\/div>\n<div class=\"bl_izq ohid mart16 marl3p t22_7 mart24\">\n<div class=\" v_norm\">\n<p>&nbsp;<\/p>\n<\/div>\n<\/div>\n<\/div>\n<div class=\"blq marb4\">\n<div class=\"bl_izq ohid mart16 marl0 t22_7 mart24\">\n<div class=\"fot_cen marb16 t100\"><a title=\"Principales cotas de Asturias\" href=\"https:\/\/www.sadei.es\/v_portal\/inc\/clicklink.asp?t=1&amp;cod=6262&amp;c=0\" rel=\"lightbox[2589]\" data-fancybox=\"images\" data-type=\"image\"> <img decoding=\"async\" class=\"t100\" src=\"https:\/\/www.sadei.es\/datos\/0\/2022_04_altitud1489.jpg\" alt=\"Principales cotas de Asturias\" \/><\/a><\/div>\n<div class=\" v_norm\">\n<p>&nbsp;<\/p>\n<\/div>\n<\/div>\n<\/div>\n<\/div>\n<\/div>\n<\/div>\n<\/li>\n<li><a title=\"Documento PDF\" href=\"https:\/\/www.sadei.es\/sadei\/Resources\/PX\/Databases\/Infografias\/2022_04_altitud.pdf\" target=\"_blank\" rel=\"noopener\">PDF<\/a> ? <a href=\"https:\/\/bit.ly\/42Y5XBg\">https:\/\/bit.ly\/42Y5XBg<\/a><\/li>\n<\/ul>\n<div class=\"xyinxu5 x4uap5 x1g2khh7 xkhd6sd\">\n<ul>\n<li>? El puntu m\u00e1s altu ye <a href=\"https:\/\/es.wikipedia.org\/wiki\/Torre_Cerredo\"><strong>Torre Cerredo<\/strong><\/a> (2.649 metros) en Picos d&#8217;Europa<\/li>\n<li>\u26f1 Les zones m\u00e1s baxes son la Cantera del Perecil (Carre\u00f1o), la <a href=\"https:\/\/www.turismoasturias.es\/descubre\/costa\/playas\/playa-de-la-griega\"><strong>Playa de la Griega (Colunga)<\/strong><\/a> y la<a href=\"https:\/\/www.sellavirtual.com\/ria-de-ribadesella-rio-sella-asturias\/\"><strong> R\u00eda de Ribeseya<\/strong><\/a><\/li>\n<li>?<a href=\"https:\/\/www.turismoasturias.es\/descubre\/naturaleza\/otros-espacios\/areas-recreativas\/el-puertu-leitariegos\"><strong>El Puertu, en Cangas del Narcea<\/strong><\/a> ye&#8217;l pueblu m\u00e1s elev\u00e1u<\/li>\n<li><span class=\"x193iq5w xeuugli x13faqbe x1vvkbs x1xmvt09 x1lliihq x1s928wv xhkezso x1gmr53x x1cpjm7i x1fgarty x1943h6x xudqn12 x3x7a5m x1f6kntn xvq8zen xo1l8bm xzsf02u\" dir=\"auto\"><span class=\"html-span xdj266r x11i5rnm xat24cr x1mh8g0r xexx8yu x4uap5 x18d9i69 xkhd6sd x1hl2dhg x16tdsg8 x1vvkbs\"><a class=\"x1i10hfl xjbqb8w x1ejq31n xd10rxx x1sy0etr x17r0tee x972fbf xcfux6l x1qhh985 xm0m39n x9f619 x1ypdohk xt0psk2 xe8uvvx xdj266r x11i5rnm xat24cr x1mh8g0r xexx8yu x4uap5 x18d9i69 xkhd6sd x16tdsg8 x1hl2dhg xggy1nq x1a2a7pz x1sur9pj xkrqix3 xzsf02u x1s688f\" role=\"link\" href=\"https:\/\/www.facebook.com\/sadeiAsturias?__cft__[0]=AZU88L_IVE45Ms2sBDyi3hVJkB8t57xA-m6HAi_DvXRf7c1oJc0SmuupxaB3IxpSJEI64HoV_nfSYZn-_cyhYPeXQK-SJ57bEygOW-cQSAPFlL-KrogCgMbHfgGHhIB-vvjpinSdbfBCsA4YFSmHh5_c6hU8gjUR1MeLZkblmq8aY0vxsTXAy0n9UjWZFTKW_sPDkZHdPkm9tHL1hnCSWkfQNflbDu5Anm4bPwOcpUtPug&amp;__tn__=-]K*F\"><span class=\"xt0psk2\">SADEI<\/span><\/a><\/span> , nel apart\u00e1u ????? ??????? <span class=\"html-span xexx8yu x4uap5 x18d9i69 xkhd6sd x1hl2dhg x16tdsg8 x1vvkbs x3nfvp2 x1j61x8r x1fcty0u xdj266r xhhsvwb xat24cr xgzva0m xxymvpz xlup9mm x1kky2od\"><img loading=\"lazy\" decoding=\"async\" class=\"xz74otr\" src=\"https:\/\/static.xx.fbcdn.net\/images\/emoji.php\/v9\/t51\/1\/16\/1f449.png\" alt=\"?\" width=\"16\" height=\"16\" \/><\/span> <span class=\"html-span xdj266r x11i5rnm xat24cr x1mh8g0r xexx8yu x4uap5 x18d9i69 xkhd6sd x1hl2dhg x16tdsg8 x1vvkbs\"><a class=\"x1i10hfl xjbqb8w x1ejq31n xd10rxx x1sy0etr x17r0tee x972fbf xcfux6l x1qhh985 xm0m39n x9f619 x1ypdohk xt0psk2 xe8uvvx xdj266r x11i5rnm xat24cr x1mh8g0r xexx8yu x4uap5 x18d9i69 xkhd6sd x16tdsg8 x1hl2dhg xggy1nq x1a2a7pz x1sur9pj xkrqix3 x1fey0fg\" role=\"link\" href=\"https:\/\/l.facebook.com\/l.php?u=https%3A%2F%2Fbit.ly%2F42Y5XBg%3Ffbclid%3DIwZXh0bgNhZW0CMTAAAR0ULjEqdKivZaDtW4F3czz-jHn0atQAHEjYCwhKj9D6UVsk-P1Uah2a9qc_aem_AYsMmE_j5jmr9uZBcrchu29WYn82OGqKkBfJodwRsW7YQ1uNCMEKM4aTSSD_gFAthgzmvK7adciZZTcspS6d082w&amp;h=AT0NhAaZt4oF5qSpCUr6z7S2kVuklmVUvCd48pG1-bCs2nqfMAFpaGmSbwFwcgzaShYsGvGeNE0krvEthiF67HegzorVncz_apNYPADUh9rjhba65eh8Z9IA_bylb_7-l8dtHNewrFMgu0ENDQ&amp;__tn__=-UK*F&amp;c[0]=AT1wSESJHGa5ErJ1ET3UsauSjSglQccAq8IYkaUnFXMjl65Uw76Pc8YTmUsIm5GkSFvmmN-9Km5E_t0ASq9TSxSOJZFBmrsMbRsqrDfbE7RN5qXj5Y4T2mbBfTduOJHYSYZbLWGsK5X72lJhRqDzblVEa2PvRV30cOCJOo3INr0-MPBJCnMX0tV3hSDTfGYIhlkcNiJzBx9kgArJjJMQNrwu0_s2SqDtkSb3wAgivDP7ww8dAGRxcu6Y7GCAnwg\" target=\"_blank\" rel=\"nofollow noopener noreferrer\">https:\/\/bit.ly\/42Y5XBg<\/a><\/span><\/span><\/li>\n<\/ul>\n<\/div>\n<div class=\"xyinxu5 x4uap5 x1g2khh7 xkhd6sd\" style=\"text-align: center\">\n<div class=\"x1i10hfl xjbqb8w x1ejq31n xd10rxx x1sy0etr x17r0tee x972fbf xcfux6l x1qhh985 xm0m39n x9f619 x1ypdohk xt0psk2 xe8uvvx xdj266r x11i5rnm xat24cr x1mh8g0r xexx8yu x4uap5 x18d9i69 xkhd6sd x16tdsg8 x1hl2dhg xggy1nq x1a2a7pz x1sur9pj xkrqix3 xzsf02u x1s688f\" role=\"button\"><\/div>\n<\/div>\n","protected":false},"excerpt":{"rendered":"<p>Imaxe \/ Fonte: ????? ??????? &nbsp; &nbsp; PDF ? https:\/\/bit.ly\/42Y5XBg ? El puntu m\u00e1s altu ye Torre Cerredo (2.649 metros) en Picos d&#8217;Europa \u26f1 Les zones m\u00e1s baxes son la Cantera del Perecil (Carre\u00f1o), la Playa de la Griega (Colunga) y la R\u00eda de Ribeseya ?El Puertu, en Cangas del Narcea ye&#8217;l pueblu m\u00e1s elev\u00e1u [&hellip;]<\/p>\n","protected":false},"author":117,"featured_media":0,"comment_status":"open","ping_status":"open","sticky":false,"template":"","format":"standard","meta":{"footnotes":""},"categories":[346],"tags":[],"class_list":["post-26856","post","type-post","status-publish","format-standard","hentry","category-sadei"],"_links":{"self":[{"href":"https:\/\/edublog.educastur.es\/ixuxu\/wp-json\/wp\/v2\/posts\/26856","targetHints":{"allow":["GET"]}}],"collection":[{"href":"https:\/\/edublog.educastur.es\/ixuxu\/wp-json\/wp\/v2\/posts"}],"about":[{"href":"https:\/\/edublog.educastur.es\/ixuxu\/wp-json\/wp\/v2\/types\/post"}],"author":[{"embeddable":true,"href":"https:\/\/edublog.educastur.es\/ixuxu\/wp-json\/wp\/v2\/users\/117"}],"replies":[{"embeddable":true,"href":"https:\/\/edublog.educastur.es\/ixuxu\/wp-json\/wp\/v2\/comments?post=26856"}],"version-history":[{"count":4,"href":"https:\/\/edublog.educastur.es\/ixuxu\/wp-json\/wp\/v2\/posts\/26856\/revisions"}],"predecessor-version":[{"id":26860,"href":"https:\/\/edublog.educastur.es\/ixuxu\/wp-json\/wp\/v2\/posts\/26856\/revisions\/26860"}],"wp:attachment":[{"href":"https:\/\/edublog.educastur.es\/ixuxu\/wp-json\/wp\/v2\/media?parent=26856"}],"wp:term":[{"taxonomy":"category","embeddable":true,"href":"https:\/\/edublog.educastur.es\/ixuxu\/wp-json\/wp\/v2\/categories?post=26856"},{"taxonomy":"post_tag","embeddable":true,"href":"https:\/\/edublog.educastur.es\/ixuxu\/wp-json\/wp\/v2\/tags?post=26856"}],"curies":[{"name":"wp","href":"https:\/\/api.w.org\/{rel}","templated":true}]}}