{"id":26922,"date":"2024-05-25T14:00:11","date_gmt":"2024-05-25T12:00:11","guid":{"rendered":"https:\/\/edublog.educastur.es\/ixuxu\/?p=26922"},"modified":"2024-05-29T00:22:23","modified_gmt":"2024-05-28T22:22:23","slug":"dia-dafrica","status":"publish","type":"post","link":"https:\/\/edublog.educastur.es\/ixuxu\/2024\/05\/dia-dafrica\/","title":{"rendered":"D\u00eda d&#8217;\u00c1frica"},"content":{"rendered":"<blockquote><p><em><strong>\u00abCuando un vieyu muerre, una biblioteca arde\u00bb.<\/strong><\/em> Proverbiu africanu.<\/p><\/blockquote>\n<p style=\"text-align: center\"><a href=\"https:\/\/covideamve.org\/wp-content\/uploads\/2024\/05\/24691449_6994940.jpg\"><img loading=\"lazy\" decoding=\"async\" class=\"aligncenter size-full\" src=\"https:\/\/covideamve.org\/wp-content\/uploads\/2024\/05\/24691449_6994940.jpg\" width=\"2000\" height=\"1522\" \/><\/a><\/p>\n<p>Cada 25 de mayu celebra&#8217;l D\u00eda d&#8217;\u00c1frica para destacar la diversid\u00e1 cultural d&#8217;esti continente y conmemorar la fundaci\u00f3n de la Organizaci\u00f3n para la Unid\u00e1 Africana (OUA), una organizaci\u00f3n rexonal qu&#8217;arrexuntaba a los pa\u00edses del continente africanu, fundada&#8217;l 25 de mayu de 1963.<\/p>\n<div class=\"x11i5rnm xat24cr x1mh8g0r x1vvkbs xtlvy1s x126k92a\">\n<div dir=\"auto\"><span class=\"html-span xexx8yu x4uap5 x18d9i69 xkhd6sd x1hl2dhg x16tdsg8 x1vvkbs x3nfvp2 x1j61x8r x1fcty0u xdj266r xhhsvwb xat24cr xgzva0m xxymvpz xlup9mm x1kky2od\"><img loading=\"lazy\" decoding=\"async\" class=\"xz74otr\" src=\"https:\/\/static.xx.fbcdn.net\/images\/emoji.php\/v9\/t3f\/1\/16\/1f30d.png\" alt=\"?\" width=\"16\" height=\"16\" \/><\/span><span class=\"html-span xexx8yu x4uap5 x18d9i69 xkhd6sd x1hl2dhg x16tdsg8 x1vvkbs x3nfvp2 x1j61x8r x1fcty0u xdj266r xhhsvwb xat24cr xgzva0m xxymvpz xlup9mm x1kky2od\"><img loading=\"lazy\" decoding=\"async\" class=\"xz74otr\" src=\"https:\/\/static.xx.fbcdn.net\/images\/emoji.php\/v9\/t1f\/1\/16\/1f9d1_1f3fe_200d_1f9b1.png\" alt=\"??\u200d?\" width=\"16\" height=\"16\" \/><\/span><span class=\"html-span xexx8yu x4uap5 x18d9i69 xkhd6sd x1hl2dhg x16tdsg8 x1vvkbs x3nfvp2 x1j61x8r x1fcty0u xdj266r xhhsvwb xat24cr xgzva0m xxymvpz xlup9mm x1kky2od\"><img loading=\"lazy\" decoding=\"async\" class=\"xz74otr\" src=\"https:\/\/static.xx.fbcdn.net\/images\/emoji.php\/v9\/t8d\/1\/16\/1f467.png\" alt=\"?\" width=\"16\" height=\"16\" \/><\/span><span class=\"html-span xexx8yu x4uap5 x18d9i69 xkhd6sd x1hl2dhg x16tdsg8 x1vvkbs x3nfvp2 x1j61x8r x1fcty0u xdj266r xhhsvwb xat24cr xgzva0m xxymvpz xlup9mm x1kky2od\"><img loading=\"lazy\" decoding=\"async\" class=\"xz74otr\" src=\"https:\/\/static.xx.fbcdn.net\/images\/emoji.php\/v9\/tcb\/1\/16\/1f467_1f3fe.png\" alt=\"??\" width=\"16\" height=\"16\" \/><\/span><span class=\"html-span xexx8yu x4uap5 x18d9i69 xkhd6sd x1hl2dhg x16tdsg8 x1vvkbs x3nfvp2 x1j61x8r x1fcty0u xdj266r xhhsvwb xat24cr xgzva0m xxymvpz xlup9mm x1kky2od\"><img loading=\"lazy\" decoding=\"async\" class=\"xz74otr\" src=\"https:\/\/static.xx.fbcdn.net\/images\/emoji.php\/v9\/t2a\/1\/16\/1f992.png\" alt=\"?\" width=\"16\" height=\"16\" \/><\/span><span class=\"html-span xexx8yu x4uap5 x18d9i69 xkhd6sd x1hl2dhg x16tdsg8 x1vvkbs x3nfvp2 x1j61x8r x1fcty0u xdj266r xhhsvwb xat24cr xgzva0m xxymvpz xlup9mm x1kky2od\"><img loading=\"lazy\" decoding=\"async\" class=\"xz74otr\" src=\"https:\/\/static.xx.fbcdn.net\/images\/emoji.php\/v9\/t5a\/1\/16\/1f99b.png\" alt=\"?\" width=\"16\" height=\"16\" \/><\/span><span class=\"html-span xexx8yu x4uap5 x18d9i69 xkhd6sd x1hl2dhg x16tdsg8 x1vvkbs x3nfvp2 x1j61x8r x1fcty0u xdj266r xhhsvwb xat24cr xgzva0m xxymvpz xlup9mm x1kky2od\"><img loading=\"lazy\" decoding=\"async\" class=\"xz74otr\" src=\"https:\/\/static.xx.fbcdn.net\/images\/emoji.php\/v9\/t52\/1\/16\/1f406.png\" alt=\"?\" width=\"16\" height=\"16\" \/><\/span><span class=\"html-span xexx8yu x4uap5 x18d9i69 xkhd6sd x1hl2dhg x16tdsg8 x1vvkbs x3nfvp2 x1j61x8r x1fcty0u xdj266r xhhsvwb xat24cr xgzva0m xxymvpz xlup9mm x1kky2od\"><img loading=\"lazy\" decoding=\"async\" class=\"xz74otr\" src=\"https:\/\/static.xx.fbcdn.net\/images\/emoji.php\/v9\/tbd\/1\/16\/1f98d.png\" alt=\"?\" width=\"16\" height=\"16\" \/><\/span><span class=\"html-span xexx8yu x4uap5 x18d9i69 xkhd6sd x1hl2dhg x16tdsg8 x1vvkbs x3nfvp2 x1j61x8r x1fcty0u xdj266r xhhsvwb xat24cr xgzva0m xxymvpz xlup9mm x1kky2od\"><img loading=\"lazy\" decoding=\"async\" class=\"xz74otr\" src=\"https:\/\/static.xx.fbcdn.net\/images\/emoji.php\/v9\/t3b\/1\/16\/1f42a.png\" alt=\"?\" width=\"16\" height=\"16\" \/><\/span><span class=\"html-span xexx8yu x4uap5 x18d9i69 xkhd6sd x1hl2dhg x16tdsg8 x1vvkbs x3nfvp2 x1j61x8r x1fcty0u xdj266r xhhsvwb xat24cr xgzva0m xxymvpz xlup9mm x1kky2od\"><img loading=\"lazy\" decoding=\"async\" class=\"xz74otr\" src=\"https:\/\/static.xx.fbcdn.net\/images\/emoji.php\/v9\/tf3\/1\/16\/1f418.png\" alt=\"?\" width=\"16\" height=\"16\" \/><\/span><span class=\"html-span xexx8yu x4uap5 x18d9i69 xkhd6sd x1hl2dhg x16tdsg8 x1vvkbs x3nfvp2 x1j61x8r x1fcty0u xdj266r xhhsvwb xat24cr xgzva0m xxymvpz xlup9mm x1kky2od\"><img loading=\"lazy\" decoding=\"async\" class=\"xz74otr\" src=\"https:\/\/static.xx.fbcdn.net\/images\/emoji.php\/v9\/tab\/1\/16\/1f993.png\" alt=\"?\" width=\"16\" height=\"16\" \/><\/span><\/div>\n<blockquote>\n<div dir=\"auto\"><span style=\"color: #008080\"><em><strong>\u00a0Educar a africanos aptos pal sieglu XXI: construyir sistemes educativos resilientes pa un mayor accesu a un aprendizaxe inclusivu, duraderu, calidable y pertinente n&#8217;\u00c1frica.<\/strong><\/em><\/span><\/div>\n<\/blockquote>\n<ul>\n<li dir=\"auto\"><a href=\"https:\/\/es.wikipedia.org\/wiki\/D%C3%ADa_de_%C3%81frica\">D\u00eda de: wiki<\/a>\u00a0 \/ <a href=\"https:\/\/au.int\/en\/theme\/2024\/educate-african-fit-21st-century\">https:\/\/au.int\/en\/theme\/2024\/educate-african-fit-21st-century<\/a><\/li>\n<\/ul>\n<p><!--more--><\/p>\n<p><strong>\u00c1frica ye&#8217;l segundu continente m\u00e1s estensu del mundu,<\/strong> con un mapa f\u00edsicu que toma 30 millones de km\u00b2 sobro una masa compacto de pandos\/mesetes antiguos y elevaes. El continente llinda al norte col mar Mediterr\u00e1neu, al este col mar Color\u00e1u, l&#8217;oc\u00e9anu \u00cdndicu y la canal de Suez \u2014que lo dixebra d&#8217;Asia\u2014, y al oeste col oc\u00e9anu Atl\u00e1nticu.<\/p>\n<p>Ye un continente antiguu, form\u00e1u por roques cristalines dures y suelos magrizos. Sicas\u00ed, tami\u00e9n hai dos cordales nuevos de picos pronunciaos.<\/p>\n<\/div>\n<p><a href=\"https:\/\/elordenmundial.com\/wp-content\/uploads\/2023\/08\/mapa-fisico-africa.png\"><img loading=\"lazy\" decoding=\"async\" class=\"aligncenter size-full\" src=\"https:\/\/elordenmundial.com\/wp-content\/uploads\/2023\/08\/mapa-fisico-africa.png\" width=\"1301\" height=\"921\" \/><\/a><\/p>\n<p style=\"text-align: center\"><a href=\"https:\/\/i0.wp.com\/geopol21.com\/wp-content\/uploads\/Mapa-GEOPOL-Pobreza-Africa-scaled.jpg?resize=1741%2C2048&amp;ssl=1\"><img loading=\"lazy\" decoding=\"async\" class=\"aligncenter size-full\" src=\"https:\/\/i0.wp.com\/geopol21.com\/wp-content\/uploads\/Mapa-GEOPOL-Pobreza-Africa-scaled.jpg?resize=1741%2C2048&amp;ssl=1\" width=\"1741\" height=\"2048\" \/><\/a><\/p>\n<div class=\"x11i5rnm xat24cr x1mh8g0r x1vvkbs xtlvy1s x126k92a\">\n<p style=\"text-align: center\"><a href=\"https:\/\/imagenes.serpadres.es\/files\/vertical_image_670\/uploads\/2024\/04\/10\/66167ff48e573.jpeg\"><img loading=\"lazy\" decoding=\"async\" class=\"aligncenter size-full\" src=\"https:\/\/imagenes.serpadres.es\/files\/vertical_image_670\/uploads\/2024\/04\/10\/66167ff48e573.jpeg\" width=\"670\" height=\"777\" \/><\/a><\/p>\n<\/div>\n<p style=\"text-align: center\"><a href=\"https:\/\/imagenes.serpadres.es\/files\/vertical_image_670\/uploads\/2024\/04\/10\/661680cc47391.jpeg\"><img loading=\"lazy\" decoding=\"async\" class=\"aligncenter size-full\" src=\"https:\/\/imagenes.serpadres.es\/files\/vertical_image_670\/uploads\/2024\/04\/10\/661680cc47391.jpeg\" width=\"670\" height=\"670\" \/><\/a><\/p>\n<div dir=\"auto\"><\/div>\n","protected":false},"excerpt":{"rendered":"<p>\u00abCuando un vieyu muerre, una biblioteca arde\u00bb. Proverbiu africanu. Cada 25 de mayu celebra&#8217;l D\u00eda d&#8217;\u00c1frica para destacar la diversid\u00e1 cultural d&#8217;esti continente y conmemorar la fundaci\u00f3n de la Organizaci\u00f3n para la Unid\u00e1 Africana (OUA), una organizaci\u00f3n rexonal qu&#8217;arrexuntaba a los pa\u00edses del continente africanu, fundada&#8217;l 25 de mayu de 1963. \u00a0Educar a africanos aptos [&hellip;]<\/p>\n","protected":false},"author":117,"featured_media":0,"comment_status":"open","ping_status":"open","sticky":false,"template":"","format":"standard","meta":{"footnotes":""},"categories":[6],"tags":[],"class_list":["post-26922","post","type-post","status-publish","format-standard","hentry","category-dia-de"],"_links":{"self":[{"href":"https:\/\/edublog.educastur.es\/ixuxu\/wp-json\/wp\/v2\/posts\/26922","targetHints":{"allow":["GET"]}}],"collection":[{"href":"https:\/\/edublog.educastur.es\/ixuxu\/wp-json\/wp\/v2\/posts"}],"about":[{"href":"https:\/\/edublog.educastur.es\/ixuxu\/wp-json\/wp\/v2\/types\/post"}],"author":[{"embeddable":true,"href":"https:\/\/edublog.educastur.es\/ixuxu\/wp-json\/wp\/v2\/users\/117"}],"replies":[{"embeddable":true,"href":"https:\/\/edublog.educastur.es\/ixuxu\/wp-json\/wp\/v2\/comments?post=26922"}],"version-history":[{"count":8,"href":"https:\/\/edublog.educastur.es\/ixuxu\/wp-json\/wp\/v2\/posts\/26922\/revisions"}],"predecessor-version":[{"id":26930,"href":"https:\/\/edublog.educastur.es\/ixuxu\/wp-json\/wp\/v2\/posts\/26922\/revisions\/26930"}],"wp:attachment":[{"href":"https:\/\/edublog.educastur.es\/ixuxu\/wp-json\/wp\/v2\/media?parent=26922"}],"wp:term":[{"taxonomy":"category","embeddable":true,"href":"https:\/\/edublog.educastur.es\/ixuxu\/wp-json\/wp\/v2\/categories?post=26922"},{"taxonomy":"post_tag","embeddable":true,"href":"https:\/\/edublog.educastur.es\/ixuxu\/wp-json\/wp\/v2\/tags?post=26922"}],"curies":[{"name":"wp","href":"https:\/\/api.w.org\/{rel}","templated":true}]}}