{"id":27166,"date":"2024-06-02T10:55:39","date_gmt":"2024-06-02T08:55:39","guid":{"rendered":"https:\/\/edublog.educastur.es\/ixuxu\/?p=27166"},"modified":"2024-06-02T10:58:00","modified_gmt":"2024-06-02T08:58:00","slug":"27166","status":"publish","type":"post","link":"https:\/\/edublog.educastur.es\/ixuxu\/2024\/06\/27166\/","title":{"rendered":"El Principa\u0301u destina 1,67 millones d\u2019euros al deporte asturiano"},"content":{"rendered":"<div class=\"x78zum5 xdt5ytf xz62fqu x16ldp7u\">\n<div class=\"xu06os2 x1ok221b\">\n<ul>\n<li class=\"html-h3 xe8uvvx x11i5rnm xat24cr x1mh8g0r xexx8yu x4uap5 x18d9i69 xkhd6sd x1vvkbs x1heor9g x1qlqyl8 x1pd3egz x1a2a7pz x1gslohp x1yc453h\"><span class=\"xt0psk2\"><a class=\"x1i10hfl xjbqb8w x1ejq31n xd10rxx x1sy0etr x17r0tee x972fbf xcfux6l x1qhh985 xm0m39n x9f619 x1ypdohk xt0psk2 xe8uvvx xdj266r x11i5rnm xat24cr x1mh8g0r xexx8yu x4uap5 x18d9i69 xkhd6sd x16tdsg8 x1hl2dhg xggy1nq x1a2a7pz x1sur9pj xkrqix3 xzsf02u x1s688f\" role=\"link\" href=\"https:\/\/www.facebook.com\/culturaAST?__cft__[0]=AZWHrlHOy4bgMRs9Xn0dpTTmI2uuG9iagDX0vV0qw_cTZ88QexCp2T7Sbkdc6rg1HoeAR-erg2NuXZrz0of3U9vgFYZ03vFFpyQtymAp-FywlCNNDiZLPjb0gyocCfS_LKGq50lILBgWRULy8voZy_NVaPSF7gEb6n-C8cWdWRpzwEqqkpRcDHUSRHAlgUPPy674B1Md9GkTFXNlWsC5Svjf2lkYlzmTmW6jhmKqvyksZw&amp;__tn__=-UC%2CP-y-R\"><strong><span class=\"html-span xdj266r x11i5rnm xat24cr x1mh8g0r xexx8yu x4uap5 x18d9i69 xkhd6sd x1hl2dhg x16tdsg8 x1vvkbs\">Conseyer\u00eda de Cultura, Pol\u00edtica Lling\u00fc\u00edstica y Deporte<\/span><\/strong><\/a><\/span><\/li>\n<\/ul>\n<p style=\"text-align: center\">\n<!-- iframe plugin v.6.0 wordpress.org\/plugins\/iframe\/ -->\n<iframe loading=\"lazy\" src=\"https:\/\/www.facebook.com\/plugins\/post.php?href=https%3A%2F%2Fwww.facebook.com%2FculturaAST%2Fposts%2Fpfbid0osPVZAuS4e7aDtBR1cDonocrSCVdQpyZ9gQ4m6i4A4Sp4hBHnu5keZrxfwFLnf3ul&#038;show_text=false&#038;width=500&#038;preview=comet_preview\" width=\"500\" height=\"104\" style=\"border:none;overflow:hidden\" scrolling=\"no\" frameborder=\"0\" allowfullscreen=\"true\" allow=\"autoplay; clipboard-write; encrypted-media; picture-in-picture; web-share\" 0=\"\/iframe\" class=\"iframe-class\"><\/iframe>\n<\/p>\n<\/div>\n<\/div>\n<div class=\"html-div xe8uvvx xdj266r x11i5rnm xat24cr x1mh8g0r xexx8yu x4uap5 x18d9i69 xkhd6sd\" dir=\"auto\">\n<div class=\"html-div xe8uvvx xdj266r x11i5rnm xat24cr x1mh8g0r xexx8yu x4uap5 x18d9i69 xkhd6sd\" dir=\"auto\">\n<div class=\"x1iorvi4 x1pi30zi x1l90r2v x1swvt13\" data-ad-comet-preview=\"message\" data-ad-preview=\"message\">\n<div class=\"x78zum5 xdt5ytf xz62fqu x16ldp7u\">\n<div class=\"xu06os2 x1ok221b\">\n<div class=\"xdj266r x11i5rnm xat24cr x1mh8g0r x1vvkbs x126k92a\">\n<div dir=\"auto\"><span class=\"html-span xexx8yu x4uap5 x18d9i69 xkhd6sd x1hl2dhg x16tdsg8 x1vvkbs x3nfvp2 x1j61x8r x1fcty0u xdj266r xhhsvwb xat24cr xgzva0m xxymvpz xlup9mm x1kky2od\"><img loading=\"lazy\" decoding=\"async\" class=\"xz74otr\" src=\"https:\/\/static.xx.fbcdn.net\/images\/emoji.php\/v9\/td8\/1\/16\/1f3d1.png\" alt=\"?\" width=\"16\" height=\"16\" \/><\/span><span class=\"html-span xexx8yu x4uap5 x18d9i69 xkhd6sd x1hl2dhg x16tdsg8 x1vvkbs x3nfvp2 x1j61x8r x1fcty0u xdj266r xhhsvwb xat24cr xgzva0m xxymvpz xlup9mm x1kky2od\"><img loading=\"lazy\" decoding=\"async\" class=\"xz74otr\" src=\"https:\/\/static.xx.fbcdn.net\/images\/emoji.php\/v9\/tc2\/1\/16\/1f94e.png\" alt=\"?\" width=\"16\" height=\"16\" \/><\/span> <span class=\"html-span xexx8yu x4uap5 x18d9i69 xkhd6sd x1hl2dhg x16tdsg8 x1vvkbs x3nfvp2 x1j61x8r x1fcty0u xdj266r xhhsvwb xat24cr xgzva0m xxymvpz xlup9mm x1kky2od\"><img loading=\"lazy\" decoding=\"async\" class=\"xz74otr\" src=\"https:\/\/static.xx.fbcdn.net\/images\/emoji.php\/v9\/t57\/1\/16\/1f3d0.png\" alt=\"?\" width=\"16\" height=\"16\" \/><\/span>El Principa\u0301u destina 1,67 millones d\u2019euros a les federaciones y clubes deportivos asturianos<\/div>\n<\/div>\n<div class=\"x11i5rnm xat24cr x1mh8g0r x1vvkbs xtlvy1s x126k92a\">\n<div dir=\"auto\"><span class=\"html-span xexx8yu x4uap5 x18d9i69 xkhd6sd x1hl2dhg x16tdsg8 x1vvkbs x3nfvp2 x1j61x8r x1fcty0u xdj266r xhhsvwb xat24cr xgzva0m xxymvpz xlup9mm x1kky2od\"><img loading=\"lazy\" decoding=\"async\" class=\"xz74otr\" src=\"https:\/\/static.xx.fbcdn.net\/images\/emoji.php\/v9\/tfb\/1\/16\/1f5e3.png\" alt=\"?\ufe0f\" width=\"16\" height=\"16\" \/><\/span>La conseyera, Vanessa Guti\u00e9rrez, destaca \u00abel cumplimientu del compromisu del Gobiernu d\u2019Asturies col deporte asturianu\u00bb<\/div>\n<\/div>\n<div class=\"x11i5rnm xat24cr x1mh8g0r x1vvkbs xtlvy1s x126k92a\">\n<div dir=\"auto\"><span class=\"html-span xexx8yu x4uap5 x18d9i69 xkhd6sd x1hl2dhg x16tdsg8 x1vvkbs x3nfvp2 x1j61x8r x1fcty0u xdj266r xhhsvwb xat24cr xgzva0m xxymvpz xlup9mm x1kky2od\"><img loading=\"lazy\" decoding=\"async\" class=\"xz74otr\" src=\"https:\/\/static.xx.fbcdn.net\/images\/emoji.php\/v9\/tff\/1\/16\/1f4c6.png\" alt=\"?\" width=\"16\" height=\"16\" \/><\/span>El plazu de solicit\u00fa remata\u2019l 27 de xunu<\/div>\n<div dir=\"auto\"><!--more--><\/div>\n<\/div>\n<div class=\"x11i5rnm xat24cr x1mh8g0r x1vvkbs xtlvy1s x126k92a\">\n<ul>\n<li dir=\"auto\">M\u00e1s informaci\u00f3n en <span class=\"html-span xexx8yu x4uap5 x18d9i69 xkhd6sd x1hl2dhg x16tdsg8 x1vvkbs x3nfvp2 x1j61x8r x1fcty0u xdj266r xhhsvwb xat24cr xgzva0m xxymvpz xlup9mm x1kky2od\"><img loading=\"lazy\" decoding=\"async\" class=\"xz74otr\" src=\"https:\/\/static.xx.fbcdn.net\/images\/emoji.php\/v9\/t8d\/1\/16\/1f449_1f3fc.png\" alt=\"??\" width=\"16\" height=\"16\" \/><\/span> <span class=\"html-span xdj266r x11i5rnm xat24cr x1mh8g0r xexx8yu x4uap5 x18d9i69 xkhd6sd x1hl2dhg x16tdsg8 x1vvkbs\"><a class=\"x1i10hfl xjbqb8w x1ejq31n xd10rxx x1sy0etr x17r0tee x972fbf xcfux6l x1qhh985 xm0m39n x9f619 x1ypdohk xt0psk2 xe8uvvx xdj266r x11i5rnm xat24cr x1mh8g0r xexx8yu x4uap5 x18d9i69 xkhd6sd x16tdsg8 x1hl2dhg xggy1nq x1a2a7pz x1sur9pj xkrqix3 x1fey0fg\" role=\"link\" href=\"https:\/\/acortar.link\/lLTYQ5?fbclid=IwZXh0bgNhZW0CMTAAAR1zoG5R3qI5c61ZrYmzWDzzGJxp0yQLhHhfcoU1S4EyfySc3s_tpsM-hvA_aem_AWZtZSGUAancXvdIn29TSPFdD3s2ki6wmZEE3KgM9G8uekLnGh7gu57LjqAEzNFFp4ILB5ILmmwMFxe6UN_CAeMS\" target=\"_blank\" rel=\"nofollow noopener noreferrer\">https:\/\/acortar.link\/lLTYQ5<\/a><\/span><\/li>\n<\/ul>\n<\/div>\n<div class=\"description\">\n<p><em>El Gobierno de Asturias ha convocado las ayudas para federaciones deportivas y clubes de alto nivel, dotadas con 1.675.000 euros. La Consejer\u00eda de Cultura, Pol\u00edtica Lling\u00fc\u00edstica y Deporte publica hoy en el Bolet\u00edn Oficial del Principado (Bopa) estas dos l\u00edneas de subvenciones, que materializan el compromiso de financiaci\u00f3n anunciado por este departamento para 2024.<\/em><\/p>\n<p><em>La consejera, Vanessa Guti\u00e9rrez, ha subrayado \u201cla importancia del apoyu institucional a toles actividaes deportives\u201d. Seg\u00fan ha indicado, la convocatoria \u201cda cumplimientu al compromisu qu\u2019adquirimos cola ciudadan\u00eda asturiana de destinar un mill\u00f3n a les ayudes a los clubes y al deporte d\u2019altu nivel y incrementar hasta 675.000 euros les de federaciones\u201d. En este sentido, ha reiterado la apuesta del Principado por la pr\u00e1ctica de la actividad f\u00edsica y el deporte, \u201cadoptando les mid\u00edes necesaries p\u2019atender a les demandes que nos tresllada\u2019l sector, non solo dotando\u2019l presupuestu d\u2019unos mayores recursos, sin\u00f3n tami\u00e9n faciendo les modificaciones pertinentes pa facilitar l\u2019accesu a los mesmos y que\u2019l so repartu sea equitativu y igualitariu\u201d.<\/em><\/p>\n<p><em>La l\u00ednea destinada a clubes deportivos para su participaci\u00f3n en competiciones de alto nivel est\u00e1 dotada con un mill\u00f3n para las modalidades de atletismo, b\u00e1dminton, baloncesto, baloncesto en silla de ruedas, balonmano, b\u00e9isbol\/s\u00f3fbol, f\u00fatbol americano, f\u00fatbol sala, gimnasia (gimnasia art\u00edstica y gimnasia r\u00edtmica), patinaje (hockey sobre patines y patinaje de velocidad), pirag\u00fcismo, rugby, tenis de mesa, triatl\u00f3n (triatl\u00f3n y duatl\u00f3n) y voleibol. Toda la informaci\u00f3n se puede consultar en el siguiente enlace: <a href=\"https:\/\/acortar.link\/U3MDlh\">https:\/\/acortar.link\/U3MDlh<\/a><\/em><\/p>\n<p><em>Por su parte, la convocatoria dirigida a federaciones deportivas para la financiaci\u00f3n de sus programas cuenta con un presupuesto de 675.000 euros. Estas subvenciones facilitan que las organizaciones desarrollen\u00a0 actividades vinculadas con la gesti\u00f3n administrativa, cursos de formaci\u00f3n t\u00e9cnico-deportiva y proyectos de difusi\u00f3n de la pr\u00e1ctica deportiva. Tambi\u00e9n cubren el coste de la organizaci\u00f3n de competiciones, las actividades relacionadas con las selecciones auton\u00f3micas y con los equipos que participan en fases nacionales oficiales convocadas por las respectivas federaciones. Los detalles de esta l\u00ednea de ayudas est\u00e1n disponibles en el siguiente enlace: <a href=\"https:\/\/acortar.link\/cTn7j8\">https:\/\/acortar.link\/cTn7j8<\/a><\/em><\/p>\n<p><em>En ambos casos, el plazo de presentaci\u00f3n de las solicitudes finaliza el 27 de junio.<\/em><\/p>\n<\/div>\n<\/div>\n<\/div>\n<\/div>\n<\/div>\n<\/div>\n<p>&nbsp;<\/p>\n","protected":false},"excerpt":{"rendered":"<p>Conseyer\u00eda de Cultura, Pol\u00edtica Lling\u00fc\u00edstica y Deporte El Principa\u0301u destina 1,67 millones d\u2019euros a les federaciones y clubes deportivos asturianos La conseyera, Vanessa Guti\u00e9rrez, destaca \u00abel cumplimientu del compromisu del Gobiernu d\u2019Asturies col deporte asturianu\u00bb El plazu de solicit\u00fa remata\u2019l 27 de xunu<\/p>\n","protected":false},"author":117,"featured_media":0,"comment_status":"open","ping_status":"open","sticky":false,"template":"","format":"standard","meta":{"footnotes":""},"categories":[133],"tags":[],"class_list":["post-27166","post","type-post","status-publish","format-standard","hentry","category-deportes"],"_links":{"self":[{"href":"https:\/\/edublog.educastur.es\/ixuxu\/wp-json\/wp\/v2\/posts\/27166","targetHints":{"allow":["GET"]}}],"collection":[{"href":"https:\/\/edublog.educastur.es\/ixuxu\/wp-json\/wp\/v2\/posts"}],"about":[{"href":"https:\/\/edublog.educastur.es\/ixuxu\/wp-json\/wp\/v2\/types\/post"}],"author":[{"embeddable":true,"href":"https:\/\/edublog.educastur.es\/ixuxu\/wp-json\/wp\/v2\/users\/117"}],"replies":[{"embeddable":true,"href":"https:\/\/edublog.educastur.es\/ixuxu\/wp-json\/wp\/v2\/comments?post=27166"}],"version-history":[{"count":5,"href":"https:\/\/edublog.educastur.es\/ixuxu\/wp-json\/wp\/v2\/posts\/27166\/revisions"}],"predecessor-version":[{"id":27171,"href":"https:\/\/edublog.educastur.es\/ixuxu\/wp-json\/wp\/v2\/posts\/27166\/revisions\/27171"}],"wp:attachment":[{"href":"https:\/\/edublog.educastur.es\/ixuxu\/wp-json\/wp\/v2\/media?parent=27166"}],"wp:term":[{"taxonomy":"category","embeddable":true,"href":"https:\/\/edublog.educastur.es\/ixuxu\/wp-json\/wp\/v2\/categories?post=27166"},{"taxonomy":"post_tag","embeddable":true,"href":"https:\/\/edublog.educastur.es\/ixuxu\/wp-json\/wp\/v2\/tags?post=27166"}],"curies":[{"name":"wp","href":"https:\/\/api.w.org\/{rel}","templated":true}]}}