{"id":27172,"date":"2024-06-02T10:59:05","date_gmt":"2024-06-02T08:59:05","guid":{"rendered":"https:\/\/edublog.educastur.es\/ixuxu\/?p=27172"},"modified":"2024-06-02T17:35:13","modified_gmt":"2024-06-02T15:35:13","slug":"taramundi","status":"publish","type":"post","link":"https:\/\/edublog.educastur.es\/ixuxu\/2024\/06\/taramundi\/","title":{"rendered":"Taramundi, \u00fan de los conceyos onde se fala l&#8217;eonaviego"},"content":{"rendered":"<ul>\n<li><a href=\"https:\/\/www.facebook.com\/reel\/1836070986867131\">VER REEL<\/a> \/<\/li>\n<\/ul>\n<p style=\"text-align: center\"><a href=\"https:\/\/encrypted-tbn3.gstatic.com\/licensed-image?q=tbn:ANd9GcRNUsX4epI2MeFwrFx9mPSxZAW7PngO5oFWOgjFzS1ZdjeaPHWSgneF3lu7JxeSbdreT0MFjFIPvu6VV5_JfBYbZUAQI_upVBqJhG4EeQ\"><img loading=\"lazy\" decoding=\"async\" class=\"aligncenter size-full\" src=\"https:\/\/encrypted-tbn3.gstatic.com\/licensed-image?q=tbn:ANd9GcRNUsX4epI2MeFwrFx9mPSxZAW7PngO5oFWOgjFzS1ZdjeaPHWSgneF3lu7JxeSbdreT0MFjFIPvu6VV5_JfBYbZUAQI_upVBqJhG4EeQ\" width=\"675\" height=\"390\" \/><\/a><\/p>\n<p>Taramundi ye un conceyu d&#8217;Asturies, una parroquia de dichu conceyu y una villa perteneciente a esta parroquia. La villa de Taramundi ye la capital del conceyu y ta partiendo con la provincia de Llugo. <strong>Ye unu de los conceyos nos que se fala&#8217;l<a href=\"https:\/\/es.wikipedia.org\/wiki\/Eonaviego\"> eonaviego, llingua de transici\u00f3n ente l&#8217;asturianu y el gallegu<\/a>. <\/strong>Wikipedia<\/p>\n<p><!--more--><\/p>\n<p style=\"text-align: center\"><a href=\"https:\/\/lh3.googleusercontent.com\/proxy\/Lj-8Z-zMgrZZ9rAdg5D5PyLLmhkQ_Fk9ZtTO76DfmNX6hJBfIrilz86o_hCtr1PqkTySsDXvIvmYRzhEPdDL-CyaXlHdOegdd_ByjbhUE7BXAW_1rSa_1FFyylIH\"><img loading=\"lazy\" decoding=\"async\" class=\"aligncenter size-full\" src=\"https:\/\/lh3.googleusercontent.com\/proxy\/Lj-8Z-zMgrZZ9rAdg5D5PyLLmhkQ_Fk9ZtTO76DfmNX6hJBfIrilz86o_hCtr1PqkTySsDXvIvmYRzhEPdDL-CyaXlHdOegdd_ByjbhUE7BXAW_1rSa_1FFyylIH\" width=\"512\" height=\"209\" \/><\/a><\/p>\n<p>L&#8217;eonaviego1\u200b ye una varied\u00e1 lling\u00fc\u00edstica de les lling\u00fces romances y dientro d&#8217;estes del subgrupu galaicu-portugu\u00e9s, que&#8217;l so dominiu territorial esti\u00e9ndese, como&#8217;l so nome indica, <strong>pola contorna asturiana entendida ente los r\u00edos Eo y Navia,<\/strong> magar la so \u00e1rea d&#8217;influencia seg\u00fan dellos fil\u00f3logos tomar\u00eda tami\u00e9n zones pertenecientes alministrativamente a Galicia, como ye&#8217;l casu del conceyu lucense de Negueira de Mu\u00f1iz.\u200b<\/p>\n<p style=\"text-align: center\"><a href=\"https:\/\/upload.wikimedia.org\/wikipedia\/commons\/0\/06\/Asturian_linguistic_areas.PNG\"><img loading=\"lazy\" decoding=\"async\" class=\"aligncenter size-full\" src=\"https:\/\/upload.wikimedia.org\/wikipedia\/commons\/0\/06\/Asturian_linguistic_areas.PNG\" width=\"993\" height=\"824\" \/><\/a><\/p>\n<p>&nbsp;<\/p>\n<p><strong>Esti territoriu conozse como Tierres del Eo-Navia<\/strong>, que nun coincide cola actual demarcaci\u00f3n alministrativa del mesmu nome. Ta reconoc\u00edu como idioma oficial nel conceyu d&#8217;A Veiga (Vegadeo).<\/p>\n<p style=\"text-align: center\"><a href=\"https:\/\/upload.wikimedia.org\/wikipedia\/commons\/5\/5f\/Galician-Eo-Navia.png\"><img loading=\"lazy\" decoding=\"async\" class=\"aligncenter size-full\" src=\"https:\/\/upload.wikimedia.org\/wikipedia\/commons\/5\/5f\/Galician-Eo-Navia.png\" width=\"492\" height=\"539\" \/><\/a><\/p>\n<p><a href=\"https:\/\/fotografias.lasexta.com\/clipping\/cmsimages01\/2022\/01\/13\/E226B757-B0C8-48DE-AB7A-ED2719637FCD\/69.jpg?crop=1920,1080,x0,y0&amp;width=1280&amp;height=720&amp;optimize=low&amp;format=jpg\"><img loading=\"lazy\" decoding=\"async\" class=\"aligncenter size-full\" src=\"https:\/\/fotografias.lasexta.com\/clipping\/cmsimages01\/2022\/01\/13\/E226B757-B0C8-48DE-AB7A-ED2719637FCD\/69.jpg?crop=1920,1080,x0,y0&amp;width=1280&amp;height=720&amp;optimize=low&amp;format=jpg\" width=\"1280\" height=\"720\" \/><\/a><\/p>\n","protected":false},"excerpt":{"rendered":"<p>VER REEL \/ Taramundi ye un conceyu d&#8217;Asturies, una parroquia de dichu conceyu y una villa perteneciente a esta parroquia. La villa de Taramundi ye la capital del conceyu y ta partiendo con la provincia de Llugo. Ye unu de los conceyos nos que se fala&#8217;l eonaviego, llingua de transici\u00f3n ente l&#8217;asturianu y el gallegu. [&hellip;]<\/p>\n","protected":false},"author":117,"featured_media":0,"comment_status":"open","ping_status":"open","sticky":false,"template":"","format":"standard","meta":{"footnotes":""},"categories":[179],"tags":[],"class_list":["post-27172","post","type-post","status-publish","format-standard","hentry","category-llingues"],"_links":{"self":[{"href":"https:\/\/edublog.educastur.es\/ixuxu\/wp-json\/wp\/v2\/posts\/27172","targetHints":{"allow":["GET"]}}],"collection":[{"href":"https:\/\/edublog.educastur.es\/ixuxu\/wp-json\/wp\/v2\/posts"}],"about":[{"href":"https:\/\/edublog.educastur.es\/ixuxu\/wp-json\/wp\/v2\/types\/post"}],"author":[{"embeddable":true,"href":"https:\/\/edublog.educastur.es\/ixuxu\/wp-json\/wp\/v2\/users\/117"}],"replies":[{"embeddable":true,"href":"https:\/\/edublog.educastur.es\/ixuxu\/wp-json\/wp\/v2\/comments?post=27172"}],"version-history":[{"count":6,"href":"https:\/\/edublog.educastur.es\/ixuxu\/wp-json\/wp\/v2\/posts\/27172\/revisions"}],"predecessor-version":[{"id":27179,"href":"https:\/\/edublog.educastur.es\/ixuxu\/wp-json\/wp\/v2\/posts\/27172\/revisions\/27179"}],"wp:attachment":[{"href":"https:\/\/edublog.educastur.es\/ixuxu\/wp-json\/wp\/v2\/media?parent=27172"}],"wp:term":[{"taxonomy":"category","embeddable":true,"href":"https:\/\/edublog.educastur.es\/ixuxu\/wp-json\/wp\/v2\/categories?post=27172"},{"taxonomy":"post_tag","embeddable":true,"href":"https:\/\/edublog.educastur.es\/ixuxu\/wp-json\/wp\/v2\/tags?post=27172"}],"curies":[{"name":"wp","href":"https:\/\/api.w.org\/{rel}","templated":true}]}}