{"id":2729,"date":"2021-01-01T19:22:19","date_gmt":"2021-01-01T17:22:19","guid":{"rendered":"https:\/\/edublog.educastur.es\/ixuxu\/?p=2729"},"modified":"2021-01-05T19:33:39","modified_gmt":"2021-01-05T17:33:39","slug":"lespectacular-calendariu-2021-dedicau-al-camin-de-santiago-primitivu-dasturies","status":"publish","type":"post","link":"https:\/\/edublog.educastur.es\/ixuxu\/2021\/01\/lespectacular-calendariu-2021-dedicau-al-camin-de-santiago-primitivu-dasturies\/","title":{"rendered":"L&#8217;espectacular calendariu 2021 dedic\u00e1u al Cam\u00edn de Santiago Primitivu d&#8217;Asturies"},"content":{"rendered":"<p><img loading=\"lazy\" decoding=\"async\" class=\"aligncenter\" src=\"https:\/\/scontent.fmad7-1.fna.fbcdn.net\/v\/t1.0-9\/74598803_3391566274188610_7054276817795940352_n.png?_nc_cat=1&amp;ccb=2&amp;_nc_sid=09cbfe&amp;_nc_ohc=XZovPCfCqt4AX_5MjwU&amp;_nc_ht=scontent.fmad7-1.fna&amp;oh=b2dccdd3525bd62c4a2b5947e3836990&amp;oe=601BDCFC\" width=\"151\" height=\"151\" \/><\/p>\n<ul>\n<li><a href=\"https:\/\/www.facebook.com\/HistoriaNationalGeographic\">Facebook<\/a><\/li>\n<li><a href=\"https:\/\/historia.nationalgeographic.com.es\/\">Web<\/a><\/li>\n<\/ul>\n<p><em><span style=\"font-size: 20px\">L&#8217;espectacular calendariu de 2021 d&#8217;<a href=\"https:\/\/historia.nationalgeographic.com.es\/\">Hestoria<strong> National Geographic<\/strong><\/a> dedic\u00e1u al Cam\u00edn de Santiago Primitivu d&#8217;Asturies.<\/span><\/em><\/p>\n<p><a href=\"https:\/\/pbs.twimg.com\/media\/EqkwL4MXcAQibXw?format=jpg&amp;name=medium\"><img loading=\"lazy\" decoding=\"async\" class=\"aligncenter\" src=\"https:\/\/pbs.twimg.com\/media\/EqkwL4MXcAQibXw?format=jpg&amp;name=medium\" alt=\"\" width=\"1024\" height=\"708\" \/><\/a><\/p>\n<p style=\"text-align: center\"><a href=\"https:\/\/twitter.com\/pleongasalla\"><span style=\"font-size: 20px\">Tweet de <span style=\"color: #008080\"><strong>Pablo Le\u00f3n<span class=\"css-901oao css-16my406 r-1qd0xha r-ad9z0x r-bcqeeo r-qvutc0\"> Gasalla <\/span><span class=\"css-901oao css-16my406 r-1qd0xha r-ad9z0x r-bcqeeo r-qvutc0\">@pleongasalla<\/span><\/strong><\/span><\/span><\/a><\/p>\n<p><!--more--><\/p>\n<p><a href=\"https:\/\/pbs.twimg.com\/media\/EqkwMLlXUAce7ec?format=jpg&amp;name=medium\"><img loading=\"lazy\" decoding=\"async\" class=\"alignnone\" src=\"https:\/\/pbs.twimg.com\/media\/EqkwMLlXUAce7ec?format=jpg&amp;name=medium\" alt=\"\" width=\"734\" height=\"1024\" \/><\/a><\/p>\n<p><a href=\"https:\/\/imgbox.es\/images\/2021\/01\/05\/xacobeo5262445703739cc1.jpg\"><img loading=\"lazy\" decoding=\"async\" class=\"alignnone\" src=\"https:\/\/imgbox.es\/images\/2021\/01\/05\/xacobeo5262445703739cc1.jpg\" alt=\"\" width=\"1536\" height=\"2048\" \/><\/a><\/p>\n<div class=\"css-1dbjc4n\">\n<div class=\"css-1dbjc4n r-156q2ks\">\n<div id=\"tweet-text\" class=\"css-901oao r-18jsvk2 r-1qd0xha r-1blvdjr r-16dba41 r-ad9z0x r-bcqeeo r-bnwqim r-qvutc0\" dir=\"auto\" lang=\"es\" style=\"text-align: center\"><em><span style=\"font-size: 20px\"><span class=\"css-901oao css-16my406 r-1qd0xha r-ad9z0x r-bcqeeo r-qvutc0\">Entama\u00b4l Xacob\u00e9u m\u00e1s asturianu. \u00a1\u00a1\u00a1Feliz 2021 a toos!!! <\/span><span class=\"r-18u37iz\"><a class=\"css-4rbku5 css-18t94o4 css-901oao css-16my406 r-1n1174f r-1loqt21 r-1qd0xha r-ad9z0x r-bcqeeo r-qvutc0\" role=\"link\" href=\"https:\/\/twitter.com\/hashtag\/EnciendeElXacobeo?src=hashtag_click\" data-focusable=\"true\">#EnciendeElXacobeo<\/a><\/span> <span class=\"r-18u37iz\"><a class=\"css-4rbku5 css-18t94o4 css-901oao css-16my406 r-1n1174f r-1loqt21 r-1qd0xha r-ad9z0x r-bcqeeo r-qvutc0\" role=\"link\" href=\"https:\/\/twitter.com\/hashtag\/PriendelXacobeu?src=hashtag_click\" data-focusable=\"true\">#PriendelXacobeu<\/a><\/span> <span class=\"r-18u37iz\"><a class=\"css-4rbku5 css-18t94o4 css-901oao css-16my406 r-1n1174f r-1loqt21 r-1qd0xha r-ad9z0x r-bcqeeo r-qvutc0\" role=\"link\" href=\"https:\/\/twitter.com\/hashtag\/PrendelXacobeo?src=hashtag_click\" data-focusable=\"true\">#PrendelXacobeo<\/a><\/span><\/span><\/em><\/div>\n<\/div>\n<\/div>\n","protected":false},"excerpt":{"rendered":"<p>Facebook Web L&#8217;espectacular calendariu de 2021 d&#8217;Hestoria National Geographic dedic\u00e1u al Cam\u00edn de Santiago Primitivu d&#8217;Asturies. Tweet de Pablo Le\u00f3n Gasalla @pleongasalla<\/p>\n","protected":false},"author":117,"featured_media":0,"comment_status":"closed","ping_status":"open","sticky":false,"template":"","format":"standard","meta":{"footnotes":""},"categories":[73],"tags":[],"class_list":["post-2729","post","type-post","status-publish","format-standard","hentry","category-calendariu"],"_links":{"self":[{"href":"https:\/\/edublog.educastur.es\/ixuxu\/wp-json\/wp\/v2\/posts\/2729","targetHints":{"allow":["GET"]}}],"collection":[{"href":"https:\/\/edublog.educastur.es\/ixuxu\/wp-json\/wp\/v2\/posts"}],"about":[{"href":"https:\/\/edublog.educastur.es\/ixuxu\/wp-json\/wp\/v2\/types\/post"}],"author":[{"embeddable":true,"href":"https:\/\/edublog.educastur.es\/ixuxu\/wp-json\/wp\/v2\/users\/117"}],"replies":[{"embeddable":true,"href":"https:\/\/edublog.educastur.es\/ixuxu\/wp-json\/wp\/v2\/comments?post=2729"}],"version-history":[{"count":5,"href":"https:\/\/edublog.educastur.es\/ixuxu\/wp-json\/wp\/v2\/posts\/2729\/revisions"}],"predecessor-version":[{"id":2734,"href":"https:\/\/edublog.educastur.es\/ixuxu\/wp-json\/wp\/v2\/posts\/2729\/revisions\/2734"}],"wp:attachment":[{"href":"https:\/\/edublog.educastur.es\/ixuxu\/wp-json\/wp\/v2\/media?parent=2729"}],"wp:term":[{"taxonomy":"category","embeddable":true,"href":"https:\/\/edublog.educastur.es\/ixuxu\/wp-json\/wp\/v2\/categories?post=2729"},{"taxonomy":"post_tag","embeddable":true,"href":"https:\/\/edublog.educastur.es\/ixuxu\/wp-json\/wp\/v2\/tags?post=2729"}],"curies":[{"name":"wp","href":"https:\/\/api.w.org\/{rel}","templated":true}]}}