{"id":27324,"date":"2024-06-07T08:53:32","date_gmt":"2024-06-07T06:53:32","guid":{"rendered":"https:\/\/edublog.educastur.es\/ixuxu\/?p=27324"},"modified":"2024-06-07T08:56:16","modified_gmt":"2024-06-07T06:56:16","slug":"el-palombu-de-la-paz-de-picasso","status":"publish","type":"post","link":"https:\/\/edublog.educastur.es\/ixuxu\/2024\/06\/el-palombu-de-la-paz-de-picasso\/","title":{"rendered":"El palombu de la PAZ de Picasso"},"content":{"rendered":"<p style=\"text-align: center\"><span class=\"x193iq5w xeuugli x13faqbe x1vvkbs x1xmvt09 x1lliihq x1s928wv xhkezso x1gmr53x x1cpjm7i x1fgarty x1943h6x xudqn12 x3x7a5m x1f6kntn xvq8zen xo1l8bm xzsf02u\" dir=\"auto\"><span class=\"x193iq5w xeuugli x13faqbe x1vvkbs x1xmvt09 x1f6kntn xvq8zen xo1l8bm xzsf02u x1yc453h\"><a href=\"https:\/\/i.etsystatic.com\/5747787\/r\/il\/65ea02\/480828186\/il_570xN.480828186_3dqk.jpg\"><img loading=\"lazy\" decoding=\"async\" class=\"aligncenter size-full\" src=\"https:\/\/i.etsystatic.com\/5747787\/r\/il\/65ea02\/480828186\/il_570xN.480828186_3dqk.jpg\" width=\"570\" height=\"485\" \/><\/a>\u00a0<\/span><\/span><\/p>\n<ul>\n<li>Fonte: <a href=\"https:\/\/celebracionpicasso.es\/sites\/default\/files\/2023-01\/Dise%C3%B1o%20sin%20t%C3%ADtulo%20%2857%29.png\">Celebraci\u00f3n Picasso<\/a> \/ <a href=\"https:\/\/www.facebook.com\/photo\/?fbid=473007548744585&amp;set=a.157333790311964\">Imaxe<\/a><\/li>\n<li><em><strong><span class=\"x193iq5w xeuugli x13faqbe x1vvkbs x1xmvt09 x1lliihq x1s928wv xhkezso x1gmr53x x1cpjm7i x1fgarty x1943h6x xudqn12 x3x7a5m x1f6kntn xvq8zen xo1l8bm xzsf02u\" dir=\"auto\"><span class=\"x193iq5w xeuugli x13faqbe x1vvkbs x1xmvt09 x1f6kntn xvq8zen xo1l8bm xzsf02u x1yc453h\">Pablo Picasso &#8211; Rostru de Paz, 1950.<\/span><\/span><\/strong><\/em><\/li>\n<\/ul>\n<p>El palombu consider\u00e1u un s\u00edmbolu universal d&#8217;idees pacifistes a nivel mundial y d&#8217;harmon\u00eda ente persones y pueblos, ye un emblema que Pablo Picasso represent\u00f3 en delles de les sos obres, baltes como Palombu en vuelu sobro fondu negru (1950), La Cara de la Paz (1951) o&#8217;l dibuxu utiliz\u00e1u nel cartelu del Congresu Mundial de los Partidarios de la Paz d&#8217;abril de 1949 en Par\u00eds.<\/p>\n<p>&nbsp;<\/p>\n<p><!--more--><\/p>\n<p style=\"text-align: center\"><a href=\"https:\/\/celebracionpicasso.es\/sites\/default\/files\/2023-01\/Dise%C3%B1o%20sin%20t%C3%ADtulo%20%2857%29.png\"><img loading=\"lazy\" decoding=\"async\" class=\"aligncenter size-full\" src=\"https:\/\/celebracionpicasso.es\/sites\/default\/files\/2023-01\/Dise%C3%B1o%20sin%20t%C3%ADtulo%20%2857%29.png\" width=\"1600\" height=\"776\" \/><\/a><\/p>\n<p style=\"text-align: center\">\n<!-- iframe plugin v.6.0 wordpress.org\/plugins\/iframe\/ -->\n<iframe loading=\"lazy\" src=\"https:\/\/www.facebook.com\/plugins\/post.php?href=https%3A%2F%2Fwww.facebook.com%2Fpermalink.php%3Fstory_fbid%3Dpfbid012a7a3qjtddLaGwtZh2KYAjt9dmGVhyq8hBDTx1tTxK6doheT8ZWbFGEzs4HdbiGl%26id%3D100081060326915&#038;show_text=false&#038;width=500&#038;preview=comet_preview\" width=\"500\" height=\"600\" style=\"border:none;overflow:hidden\" scrolling=\"no\" frameborder=\"0\" allowfullscreen=\"true\" allow=\"autoplay; clipboard-write; encrypted-media; picture-in-picture; web-share\" 0=\"\/iframe\" class=\"iframe-class\"><\/iframe>\n<\/p>\n<p style=\"text-align: center\"><a href=\"https:\/\/pictures.abebooks.com\/inventory\/22119517376.jpg\"><img loading=\"lazy\" decoding=\"async\" class=\"aligncenter \" src=\"https:\/\/pictures.abebooks.com\/inventory\/22119517376.jpg\" width=\"540\" height=\"1031\" \/><\/a><\/p>\n<p style=\"text-align: center\"><a href=\"https:\/\/i.pinimg.com\/736x\/e6\/12\/56\/e61256c8d2fd15bcbb65709dcd613a58.jpg\"><img loading=\"lazy\" decoding=\"async\" class=\"aligncenter size-full\" src=\"https:\/\/i.pinimg.com\/736x\/e6\/12\/56\/e61256c8d2fd15bcbb65709dcd613a58.jpg\" width=\"735\" height=\"558\" \/><\/a><\/p>\n","protected":false},"excerpt":{"rendered":"<p>\u00a0 Fonte: Celebraci\u00f3n Picasso \/ Imaxe Pablo Picasso &#8211; Rostru de Paz, 1950. El palombu consider\u00e1u un s\u00edmbolu universal d&#8217;idees pacifistes a nivel mundial y d&#8217;harmon\u00eda ente persones y pueblos, ye un emblema que Pablo Picasso represent\u00f3 en delles de les sos obres, baltes como Palombu en vuelu sobro fondu negru (1950), La Cara de [&hellip;]<\/p>\n","protected":false},"author":117,"featured_media":0,"comment_status":"open","ping_status":"open","sticky":false,"template":"","format":"standard","meta":{"footnotes":""},"categories":[89],"tags":[],"class_list":["post-27324","post","type-post","status-publish","format-standard","hentry","category-arte"],"_links":{"self":[{"href":"https:\/\/edublog.educastur.es\/ixuxu\/wp-json\/wp\/v2\/posts\/27324","targetHints":{"allow":["GET"]}}],"collection":[{"href":"https:\/\/edublog.educastur.es\/ixuxu\/wp-json\/wp\/v2\/posts"}],"about":[{"href":"https:\/\/edublog.educastur.es\/ixuxu\/wp-json\/wp\/v2\/types\/post"}],"author":[{"embeddable":true,"href":"https:\/\/edublog.educastur.es\/ixuxu\/wp-json\/wp\/v2\/users\/117"}],"replies":[{"embeddable":true,"href":"https:\/\/edublog.educastur.es\/ixuxu\/wp-json\/wp\/v2\/comments?post=27324"}],"version-history":[{"count":5,"href":"https:\/\/edublog.educastur.es\/ixuxu\/wp-json\/wp\/v2\/posts\/27324\/revisions"}],"predecessor-version":[{"id":27329,"href":"https:\/\/edublog.educastur.es\/ixuxu\/wp-json\/wp\/v2\/posts\/27324\/revisions\/27329"}],"wp:attachment":[{"href":"https:\/\/edublog.educastur.es\/ixuxu\/wp-json\/wp\/v2\/media?parent=27324"}],"wp:term":[{"taxonomy":"category","embeddable":true,"href":"https:\/\/edublog.educastur.es\/ixuxu\/wp-json\/wp\/v2\/categories?post=27324"},{"taxonomy":"post_tag","embeddable":true,"href":"https:\/\/edublog.educastur.es\/ixuxu\/wp-json\/wp\/v2\/tags?post=27324"}],"curies":[{"name":"wp","href":"https:\/\/api.w.org\/{rel}","templated":true}]}}