{"id":27334,"date":"2024-06-03T09:00:19","date_gmt":"2024-06-03T07:00:19","guid":{"rendered":"https:\/\/edublog.educastur.es\/ixuxu\/?p=27334"},"modified":"2024-06-07T09:02:49","modified_gmt":"2024-06-07T07:02:49","slug":"dia-mundial-de-la-bicicleta-4","status":"publish","type":"post","link":"https:\/\/edublog.educastur.es\/ixuxu\/2024\/06\/dia-mundial-de-la-bicicleta-4\/","title":{"rendered":"D\u00eda Mundial de la Bicicleta"},"content":{"rendered":"<p style=\"text-align: center\"><a href=\"https:\/\/diainternacional.org\/img\/galeria\/2024\/01\/dall%C2%B7e-2024-01-11-14.16.45---a-realistic-image-of-diverse-people-happily-cycling-in-an-urban-park-with-trees-and-a-cityscape-in-the-background-illustrating-the-joy-and-freedom-o.png\"><img loading=\"lazy\" decoding=\"async\" class=\"aligncenter size-full\" src=\"https:\/\/diainternacional.org\/img\/galeria\/2024\/01\/dall%C2%B7e-2024-01-11-14.16.45---a-realistic-image-of-diverse-people-happily-cycling-in-an-urban-park-with-trees-and-a-cityscape-in-the-background-illustrating-the-joy-and-freedom-o.png\" width=\"1792\" height=\"1024\" \/><\/a><\/p>\n<p>El D\u00eda Mundial de la Bicicleta cel\u00e9brase dos vegaes al a\u00f1u: el 19 d&#8217;abril y el 3 de xunu. La so finalid\u00e1 ye <span style=\"color: #008080\"><strong>promover el so usu y destacar los beneficios que tien para la sal\u00fa y la movilid\u00e1 sostenible d&#8217;esti mediu de tresporte ecol\u00f3xicu y saludable.<\/strong><\/span><\/p>\n","protected":false},"excerpt":{"rendered":"<p>El D\u00eda Mundial de la Bicicleta cel\u00e9brase dos vegaes al a\u00f1u: el 19 d&#8217;abril y el 3 de xunu. La so finalid\u00e1 ye promover el so usu y destacar los beneficios que tien para la sal\u00fa y la movilid\u00e1 sostenible d&#8217;esti mediu de tresporte ecol\u00f3xicu y saludable.<\/p>\n","protected":false},"author":117,"featured_media":0,"comment_status":"open","ping_status":"open","sticky":false,"template":"","format":"standard","meta":{"footnotes":""},"categories":[6],"tags":[],"class_list":["post-27334","post","type-post","status-publish","format-standard","hentry","category-dia-de"],"_links":{"self":[{"href":"https:\/\/edublog.educastur.es\/ixuxu\/wp-json\/wp\/v2\/posts\/27334","targetHints":{"allow":["GET"]}}],"collection":[{"href":"https:\/\/edublog.educastur.es\/ixuxu\/wp-json\/wp\/v2\/posts"}],"about":[{"href":"https:\/\/edublog.educastur.es\/ixuxu\/wp-json\/wp\/v2\/types\/post"}],"author":[{"embeddable":true,"href":"https:\/\/edublog.educastur.es\/ixuxu\/wp-json\/wp\/v2\/users\/117"}],"replies":[{"embeddable":true,"href":"https:\/\/edublog.educastur.es\/ixuxu\/wp-json\/wp\/v2\/comments?post=27334"}],"version-history":[{"count":3,"href":"https:\/\/edublog.educastur.es\/ixuxu\/wp-json\/wp\/v2\/posts\/27334\/revisions"}],"predecessor-version":[{"id":27337,"href":"https:\/\/edublog.educastur.es\/ixuxu\/wp-json\/wp\/v2\/posts\/27334\/revisions\/27337"}],"wp:attachment":[{"href":"https:\/\/edublog.educastur.es\/ixuxu\/wp-json\/wp\/v2\/media?parent=27334"}],"wp:term":[{"taxonomy":"category","embeddable":true,"href":"https:\/\/edublog.educastur.es\/ixuxu\/wp-json\/wp\/v2\/categories?post=27334"},{"taxonomy":"post_tag","embeddable":true,"href":"https:\/\/edublog.educastur.es\/ixuxu\/wp-json\/wp\/v2\/tags?post=27334"}],"curies":[{"name":"wp","href":"https:\/\/api.w.org\/{rel}","templated":true}]}}