{"id":27347,"date":"2024-06-07T11:12:08","date_gmt":"2024-06-07T09:12:08","guid":{"rendered":"https:\/\/edublog.educastur.es\/ixuxu\/?p=27347"},"modified":"2024-06-07T11:21:09","modified_gmt":"2024-06-07T09:21:09","slug":"pallabreru-la-xorda","status":"publish","type":"post","link":"https:\/\/edublog.educastur.es\/ixuxu\/2024\/06\/pallabreru-la-xorda\/","title":{"rendered":"Pallabreru: La Xorda"},"content":{"rendered":"<blockquote><p><em><strong><span style=\"color: #008080;font-size: 24px\">Xorda: <\/span><\/strong><span style=\"color: #008080;font-size: 24px\">&#8216;xunta de vecinos para charrar y entretenese,<\/span><span style=\"color: #008080;font-size: 24px\"><br \/>\nque se fa\u00eda dempu\u00e9s d&#8217;acabar el trabayu&#8217;.<\/span><\/em><\/p><\/blockquote>\n<p style=\"text-align: center\"><a href=\"https:\/\/fundacioncerezalesantoninoycinia.org\/wp-content\/uploads\/actividad-afines-cuevas.jpg\"><img loading=\"lazy\" decoding=\"async\" class=\"aligncenter size-full\" src=\"https:\/\/fundacioncerezalesantoninoycinia.org\/wp-content\/uploads\/actividad-afines-cuevas.jpg\" width=\"523\" height=\"371\" \/><\/a><!--more--><\/p>\n<ul>\n<li><a href=\"https:\/\/www.facebook.com\/photo\/?fbid=10230980605873579&amp;set=pcb.10230980607913630\">Semeyes d&#8217;Isa<\/a><\/li>\n<\/ul>\n<p><strong>La xorda. Nuevos cantares de chigre<\/strong>, ye una renovaci\u00f3n de los antiguos cancioneros para cantar nos chigres y sidrer\u00edes preparada pol m\u00fasicu y ganador del Premiu Nacional de M\u00fasiques Actuales 2023 Rodrigo Cuevas. <strong>El llibru contien una compilaci\u00f3n de cantares vieyos y nueves<\/strong>, seg\u00fan una serie de comentarios fecha por Rodrigo Cueves y l&#8217;escritor Xaime Mart\u00ednez, que nos emponen al travi\u00e9s d&#8217;una nueche de francachela sical\u00edptica.<\/p>\n<p>Xorda ye una palabra asturiana que significa \u2018<strong>xunta de vecinos para charrar y entretenese, que se fa\u00eda dempu\u00e9s d&#8217;acabar el trabayu\u2019<\/strong>. Esti llibru, asina, reflexa&#8217;l patrimoniu musical popular al empar que lo proxecta escontra&#8217;l futuru, y demuestra el potencial emancipador y revolucionario que tienen esa xorda. Demuestra, d&#8217;\u00faltimes, qu&#8217;equ\u00ed inda puede cantase. Los cantares van acompa\u00f1aes d&#8217;una serie d&#8217;ilustraciones feches por mozos ilustradores asturianos, qu&#8217;ampl\u00eden la significaci\u00f3n de los testos.<\/p>\n<p><span class=\"x193iq5w xeuugli x13faqbe x1vvkbs x1xmvt09 x1lliihq x1s928wv xhkezso x1gmr53x x1cpjm7i x1fgarty x1943h6x xudqn12 x3x7a5m x1f6kntn xvq8zen xo1l8bm xzsf02u\" dir=\"auto\">Semeyes: Pablo Roces Albal\u00e1<\/span><\/p>\n<p style=\"text-align: center\">\n<!-- iframe plugin v.6.0 wordpress.org\/plugins\/iframe\/ -->\n<iframe loading=\"lazy\" src=\"https:\/\/www.facebook.com\/plugins\/post.php?href=https%3A%2F%2Fwww.facebook.com%2Fphoto.php%3Ffbid%3D1020586399864453%26set%3Da.1020624259860667%26type%3D3&#038;show_text=false&#038;width=500&#038;preview=comet_preview\" width=\"500\" height=\"666\" style=\"border:none;overflow:hidden\" scrolling=\"no\" frameborder=\"0\" allowfullscreen=\"true\" allow=\"autoplay; clipboard-write; encrypted-media; picture-in-picture; web-share\" 0=\"\/iframe\" class=\"iframe-class\"><\/iframe>\n<\/p>\n<p>&nbsp;<\/p>\n","protected":false},"excerpt":{"rendered":"<p>Xorda: &#8216;xunta de vecinos para charrar y entretenese, que se fa\u00eda dempu\u00e9s d&#8217;acabar el trabayu&#8217;.<\/p>\n","protected":false},"author":117,"featured_media":0,"comment_status":"open","ping_status":"open","sticky":false,"template":"","format":"standard","meta":{"footnotes":""},"categories":[194],"tags":[],"class_list":["post-27347","post","type-post","status-publish","format-standard","hentry","category-pallabreru"],"_links":{"self":[{"href":"https:\/\/edublog.educastur.es\/ixuxu\/wp-json\/wp\/v2\/posts\/27347","targetHints":{"allow":["GET"]}}],"collection":[{"href":"https:\/\/edublog.educastur.es\/ixuxu\/wp-json\/wp\/v2\/posts"}],"about":[{"href":"https:\/\/edublog.educastur.es\/ixuxu\/wp-json\/wp\/v2\/types\/post"}],"author":[{"embeddable":true,"href":"https:\/\/edublog.educastur.es\/ixuxu\/wp-json\/wp\/v2\/users\/117"}],"replies":[{"embeddable":true,"href":"https:\/\/edublog.educastur.es\/ixuxu\/wp-json\/wp\/v2\/comments?post=27347"}],"version-history":[{"count":7,"href":"https:\/\/edublog.educastur.es\/ixuxu\/wp-json\/wp\/v2\/posts\/27347\/revisions"}],"predecessor-version":[{"id":27354,"href":"https:\/\/edublog.educastur.es\/ixuxu\/wp-json\/wp\/v2\/posts\/27347\/revisions\/27354"}],"wp:attachment":[{"href":"https:\/\/edublog.educastur.es\/ixuxu\/wp-json\/wp\/v2\/media?parent=27347"}],"wp:term":[{"taxonomy":"category","embeddable":true,"href":"https:\/\/edublog.educastur.es\/ixuxu\/wp-json\/wp\/v2\/categories?post=27347"},{"taxonomy":"post_tag","embeddable":true,"href":"https:\/\/edublog.educastur.es\/ixuxu\/wp-json\/wp\/v2\/tags?post=27347"}],"curies":[{"name":"wp","href":"https:\/\/api.w.org\/{rel}","templated":true}]}}