{"id":27408,"date":"2024-06-03T09:00:31","date_gmt":"2024-06-03T07:00:31","guid":{"rendered":"https:\/\/edublog.educastur.es\/ixuxu\/?p=27408"},"modified":"2024-06-12T20:54:15","modified_gmt":"2024-06-12T18:54:15","slug":"dia-internacional-de-la-sidra-4","status":"publish","type":"post","link":"https:\/\/edublog.educastur.es\/ixuxu\/2024\/06\/dia-internacional-de-la-sidra-4\/","title":{"rendered":"D\u00eda Internacional de la sidra"},"content":{"rendered":"<ul>\n<li style=\"text-align: left\"><a href=\"https:\/\/www.facebook.com\/MuseoDeLaSidra\/photos\/a.432243553551758\/3860260444083368\/?type=3\">Semeya<\/a> \/<span class=\"x193iq5w xeuugli x13faqbe x1vvkbs x1xmvt09 x1f6kntn xvq8zen xo1l8bm xi81zsa\"><span class=\"xt0psk2\"><a class=\"x1i10hfl xjbqb8w x1ejq31n xd10rxx x1sy0etr x17r0tee x972fbf xcfux6l x1qhh985 xm0m39n x9f619 x1ypdohk xt0psk2 xe8uvvx xdj266r x11i5rnm xat24cr x1mh8g0r xexx8yu x4uap5 x18d9i69 xkhd6sd x16tdsg8 x1hl2dhg xggy1nq x1a2a7pz x1sur9pj xkrqix3 xzsf02u x1s688f\" role=\"link\" href=\"https:\/\/www.facebook.com\/MuseoDeLaSidra?__tn__=-UC*F\">Mus\u00e9u de la Sidra<\/a><\/span><\/span><\/li>\n<\/ul>\n<p style=\"text-align: center\">\n<!-- iframe plugin v.6.0 wordpress.org\/plugins\/iframe\/ -->\n<iframe loading=\"lazy\" src=\"https:\/\/www.facebook.com\/plugins\/post.php?href=https%3A%2F%2Fwww.facebook.com%2FMuseoDeLaSidra%2Fphotos%2Fa.432243553551758%2F3860260444083368%2F%3Ftype%3D3&#038;show_text=false&#038;width=500&#038;preview=comet_preview\" width=\"500\" height=\"5000\" style=\"border:none;overflow:hidden\" scrolling=\"no\" frameborder=\"0\" allowfullscreen=\"true\" allow=\"autoplay; clipboard-write; encrypted-media; picture-in-picture; web-share\" 0=\"\/iframe\" class=\"iframe-class\"><\/iframe>\n<\/p>\n<p>Unu de les pilastres d&#8217;Asturies, que va conquistando fora de les nueses fronteres por ser distinta y singular. Porque siempres va acompa\u00f1\u00e1u de la cultura asturiana y el so sabor esta nel arte d&#8217;escanci\u00e1u y solo hai un llugar nel mundu con esta habilid\u00e1, ASTURIES.<\/p>\n","protected":false},"excerpt":{"rendered":"<p>Semeya \/Mus\u00e9u de la Sidra Unu de les pilastres d&#8217;Asturies, que va conquistando fora de les nueses fronteres por ser distinta y singular. Porque siempres va acompa\u00f1\u00e1u de la cultura asturiana y el so sabor esta nel arte d&#8217;escanci\u00e1u y solo hai un llugar nel mundu con esta habilid\u00e1, ASTURIES.<\/p>\n","protected":false},"author":117,"featured_media":0,"comment_status":"open","ping_status":"open","sticky":false,"template":"","format":"standard","meta":{"footnotes":""},"categories":[6,156],"tags":[],"class_list":["post-27408","post","type-post","status-publish","format-standard","hentry","category-dia-de","category-sidre"],"_links":{"self":[{"href":"https:\/\/edublog.educastur.es\/ixuxu\/wp-json\/wp\/v2\/posts\/27408","targetHints":{"allow":["GET"]}}],"collection":[{"href":"https:\/\/edublog.educastur.es\/ixuxu\/wp-json\/wp\/v2\/posts"}],"about":[{"href":"https:\/\/edublog.educastur.es\/ixuxu\/wp-json\/wp\/v2\/types\/post"}],"author":[{"embeddable":true,"href":"https:\/\/edublog.educastur.es\/ixuxu\/wp-json\/wp\/v2\/users\/117"}],"replies":[{"embeddable":true,"href":"https:\/\/edublog.educastur.es\/ixuxu\/wp-json\/wp\/v2\/comments?post=27408"}],"version-history":[{"count":3,"href":"https:\/\/edublog.educastur.es\/ixuxu\/wp-json\/wp\/v2\/posts\/27408\/revisions"}],"predecessor-version":[{"id":27540,"href":"https:\/\/edublog.educastur.es\/ixuxu\/wp-json\/wp\/v2\/posts\/27408\/revisions\/27540"}],"wp:attachment":[{"href":"https:\/\/edublog.educastur.es\/ixuxu\/wp-json\/wp\/v2\/media?parent=27408"}],"wp:term":[{"taxonomy":"category","embeddable":true,"href":"https:\/\/edublog.educastur.es\/ixuxu\/wp-json\/wp\/v2\/categories?post=27408"},{"taxonomy":"post_tag","embeddable":true,"href":"https:\/\/edublog.educastur.es\/ixuxu\/wp-json\/wp\/v2\/tags?post=27408"}],"curies":[{"name":"wp","href":"https:\/\/api.w.org\/{rel}","templated":true}]}}