{"id":27422,"date":"2024-06-10T09:58:34","date_gmt":"2024-06-10T07:58:34","guid":{"rendered":"https:\/\/edublog.educastur.es\/ixuxu\/?p=27422"},"modified":"2024-06-10T09:31:06","modified_gmt":"2024-06-10T07:31:06","slug":"llectura-silenciosa","status":"publish","type":"post","link":"https:\/\/edublog.educastur.es\/ixuxu\/2024\/06\/llectura-silenciosa\/","title":{"rendered":"Llectura silenciosa"},"content":{"rendered":"<p>\u00bfSab\u00edes que na antig\u00fced\u00e1, la mayor\u00eda de les persones lle\u00eda en voz alta, y la llectura silenciosa yera pr\u00e1cticamente desconocida? Foi nel sieglu IV cuando San Agust\u00edn, reconoc\u00edu escritor, te\u00f3logu y fil\u00f3sofu, sosprendiose al reparar a San Ambrosio, un influyente te\u00f3logu y orador, lleendo ensin mover los llabios.<\/p>\n<p style=\"text-align: center\"><a href=\"https:\/\/images.pexels.com\/photos\/3755707\/pexels-photo-3755707.jpeg?cs=srgb&amp;dl=pexels-olly-3755707.jpg&amp;fm=jpg\"><img loading=\"lazy\" decoding=\"async\" class=\"aligncenter size-full\" src=\"https:\/\/images.pexels.com\/photos\/3755707\/pexels-photo-3755707.jpeg?cs=srgb&amp;dl=pexels-olly-3755707.jpg&amp;fm=jpg\" width=\"7680\" height=\"5120\" \/><\/a><\/p>\n<p>Una pr\u00e1ctica que nos paez de lo m\u00e1s normal angua\u00f1o. Colos ne\u00f1os trabayamos la llectura en voz alta para comprobar la so capacid\u00e1 y trabayar p&#8217;ameyorala, pero la llectura silente dexa una conex\u00f3n m\u00e1s personal ya introspectiva colos conten\u00edos.<\/p>\n<p style=\"text-align: center\"><a href=\"https:\/\/t3.ftcdn.net\/jpg\/01\/82\/44\/32\/360_F_182443229_YqaK9pAsdS3AcNFcKaUSL3cFJHa4xSsL.jpg\"><img loading=\"lazy\" decoding=\"async\" class=\"aligncenter size-full\" src=\"https:\/\/t3.ftcdn.net\/jpg\/01\/82\/44\/32\/360_F_182443229_YqaK9pAsdS3AcNFcKaUSL3cFJHa4xSsL.jpg\" width=\"829\" height=\"360\" \/><\/a><\/p>\n<p>&nbsp;<\/p>\n","protected":false},"excerpt":{"rendered":"<p>\u00bfSab\u00edes que na antig\u00fced\u00e1, la mayor\u00eda de les persones lle\u00eda en voz alta, y la llectura silenciosa yera pr\u00e1cticamente desconocida? Foi nel sieglu IV cuando San Agust\u00edn, reconoc\u00edu escritor, te\u00f3logu y fil\u00f3sofu, sosprendiose al reparar a San Ambrosio, un influyente te\u00f3logu y orador, lleendo ensin mover los llabios. Una pr\u00e1ctica que nos paez de lo [&hellip;]<\/p>\n","protected":false},"author":117,"featured_media":0,"comment_status":"open","ping_status":"open","sticky":false,"template":"","format":"standard","meta":{"footnotes":""},"categories":[25],"tags":[],"class_list":["post-27422","post","type-post","status-publish","format-standard","hentry","category-curiosidaes"],"_links":{"self":[{"href":"https:\/\/edublog.educastur.es\/ixuxu\/wp-json\/wp\/v2\/posts\/27422","targetHints":{"allow":["GET"]}}],"collection":[{"href":"https:\/\/edublog.educastur.es\/ixuxu\/wp-json\/wp\/v2\/posts"}],"about":[{"href":"https:\/\/edublog.educastur.es\/ixuxu\/wp-json\/wp\/v2\/types\/post"}],"author":[{"embeddable":true,"href":"https:\/\/edublog.educastur.es\/ixuxu\/wp-json\/wp\/v2\/users\/117"}],"replies":[{"embeddable":true,"href":"https:\/\/edublog.educastur.es\/ixuxu\/wp-json\/wp\/v2\/comments?post=27422"}],"version-history":[{"count":2,"href":"https:\/\/edublog.educastur.es\/ixuxu\/wp-json\/wp\/v2\/posts\/27422\/revisions"}],"predecessor-version":[{"id":27425,"href":"https:\/\/edublog.educastur.es\/ixuxu\/wp-json\/wp\/v2\/posts\/27422\/revisions\/27425"}],"wp:attachment":[{"href":"https:\/\/edublog.educastur.es\/ixuxu\/wp-json\/wp\/v2\/media?parent=27422"}],"wp:term":[{"taxonomy":"category","embeddable":true,"href":"https:\/\/edublog.educastur.es\/ixuxu\/wp-json\/wp\/v2\/categories?post=27422"},{"taxonomy":"post_tag","embeddable":true,"href":"https:\/\/edublog.educastur.es\/ixuxu\/wp-json\/wp\/v2\/tags?post=27422"}],"curies":[{"name":"wp","href":"https:\/\/api.w.org\/{rel}","templated":true}]}}