{"id":2748,"date":"2021-01-03T12:00:14","date_gmt":"2021-01-03T10:00:14","guid":{"rendered":"https:\/\/edublog.educastur.es\/ixuxu\/?p=2748"},"modified":"2021-01-15T23:26:21","modified_gmt":"2021-01-15T21:26:21","slug":"alicia-alvarez-kikirikiki-pa-tola-familia-y-nasturianu","status":"publish","type":"post","link":"https:\/\/edublog.educastur.es\/ixuxu\/2021\/01\/alicia-alvarez-kikirikiki-pa-tola-familia-y-nasturianu\/","title":{"rendered":"Entrevista a Alicia \u00c1lvarez"},"content":{"rendered":"<p style=\"text-align: center\"><img loading=\"lazy\" decoding=\"async\" class=\"alignnone size-full\" src=\"https:\/\/asturies.com\/sites\/default\/files\/logo_acom_5.png\" width=\"500\" height=\"59\" \/><\/p>\n<ul>\n<li><a href=\"https:\/\/asturies.com\/entrevistes\/alicia-alvarez-kikirikiki-ye-un-trabayu-de-composiciones-lluminoses-pa-tola-familia-y?fbclid=IwAR30zaXUq8ZdOLXLP4OkfSedQg2_xmWDQRaxzMPl9rckhTzx12xU7IdyQQQ\">Noticia d\u00b4<span style=\"font-size: 20px\"><em><strong>A<\/strong><\/em><strong><em><span style=\"font-size: 20px\"><strong>s<\/strong><\/span>turies.com<\/em><\/strong><\/span><\/a><\/li>\n<li>2 Xineru, 2021 por <a class=\"username\" title=\"Ver perfil de usuario.\" href=\"https:\/\/asturies.com\/user\/13\">Redacci\u00f3n<\/a><\/li>\n<\/ul>\n<h1 class=\"title page-title\"><span style=\"font-size: 28px;color: #008080\"><em>Alicia \u00c1lvarez: \u2018Kikirikik\u00ed\u2019 ye un trabayu de composiciones lluminoses, pa tola familia y n&#8217;asturianu\u00bb<\/em><\/span><\/h1>\n<p><img loading=\"lazy\" decoding=\"async\" class=\"alignnone size-full\" src=\"https:\/\/asturies.com\/sites\/default\/files\/cubierta_kikirikiki_dalicia_alvarez_recortada.jpg\" width=\"2269\" height=\"2969\" \/><\/p>\n<p><!--more--><\/p>\n<div class=\"field field-name-body field-type-text-with-summary field-label-hidden\">\n<div class=\"field-items\">\n<div class=\"field-item even\">\n<p><em><span style=\"font-size: 20px\">\u201cSon temes lluminosos. De celebraci\u00f3n\u201d, rellata Alicia \u00c1lvarez (Xix\u00f3n, 1979) sobre \u2018Kikirikik\u00ed\u2019, el proyeutu musical nuevu n\u2019asturianu pa ne\u00f1es y ne\u00f1os y les sos families de la periodista y componente de Pauline en la Playa. La impulsora de \u2018Bestiariu\u2019 xunto con David Guardado y creadora de \u2018Pulgarina\u2019, ente otres obres, fala con <strong>Asturies.com<\/strong> de los detalles d&#8217;esti discu-llibru, otra producci\u00f3n de La Fabriquina editada por Araz Net.<\/span><\/em><\/p>\n<p><em><span style=\"font-size: 20px\"><strong>\u00bfQu\u00e9 vamos atopar en \u2018Kikirikik\u00ed\u2019?<\/strong><\/span><\/em><\/p>\n<p><em><span style=\"font-size: 20px\">Son ocho canciones pa ne\u00f1es y ne\u00f1os protagonizaes por animalinos, bichos y otros personaxes con histories que nos sirven pa falar de sentimientos, emociones o situaciones del nuestru d\u00eda a d\u00eda. La mio intenci\u00f3n yera homenaxear un poco esos cuentos infantiles cl\u00e1sicos que yo lle\u00eda de piqui\u00f1ina nos que la naturaleza y los animales trataben d\u2019esplica-yos el mundu a los m\u00e1s peque\u00f1os.<\/span><\/em><\/p>\n<p><em><span style=\"font-size: 20px\"><strong>\u00bfYe de dalguna manera una continuaci\u00f3n de \u2018Bestiariu\u2019 dende&#8217;l puntu de vista del conceptu?<\/strong><\/span><\/em><\/p>\n<p><em><span style=\"font-size: 20px\">Una continuaci\u00f3n non, pero s\u00ed ye verd\u00e1 que los proyectos m\u00e9cense en dellos sent\u00edos. D\u2019un llau porque dalgunos de los temes que recueye \u2018Kikirikik\u00ed\u2019 public\u00e1ronse en \u2018Bestiariu\u2019 (\u2018Ea Ea\u2019, \u2018El catasol Min\u00edn\u2019 o \u2018Cabeza d\u2019algod\u00f3n\u2019) y d\u2019otru porque \u2018Kikirikik\u00ed\u2019 tami\u00e9n persigue, como la colecci\u00f3n \u2018Bestiariu\u2019, la mesma idea de facer m\u00fasica familiar y pa gua\u1e25es n\u2019asturianu, porque hai poques referencies dende los discos de Xentiquina o Seliqu\u00edn, que son pa min una inspiraci\u00f3n. Asina que de dalguna manera nesti trabayu cr\u00facense y comparten dellos elementos, pero \u2018Kikirikik\u00ed\u2019 respuende a una idea concreta que naz, nesti casu, de les mios propies composiciones.<\/span><\/em><\/p>\n<p><em><span style=\"font-size: 20px\"><strong>Y dende&#8217;l puntu de vista del conten\u00edu, \u00bfye una evoluci\u00f3n de los temes de Muga o Pauline que compunxo pa \u2018Bestiariu\u2019 o de la so \u2018Pulgarina\u2019?<\/strong><\/span><\/em><\/p>\n<p><em><span style=\"font-size: 20px\">Pues seguramente camine m\u00e1s na llinia de los de \u2018Bestiariu\u2019, porque Pulgarina afondaba m\u00e1s nel pop intimista\u2026 Tenia un esp\u00edritu m\u00e1s se\u00f1ardosu. Estos temes son, como los que fixi pa \u2018Bestiariu\u2019, un pop mui delicao y tienro, pero hai menos se\u00f1ard\u00e1 qu\u2019en \u2018Pulgarina\u2019, son temes mui lluminosos. De celebraci\u00f3n.<\/span><\/em><\/p>\n<p><em><span style=\"font-size: 20px\"><strong>Otres obres suyes tienen ediciones billing\u00fces \u00bfPor qu\u00e9 esta ye nam\u00e1s n&#8217;asturianu?<\/strong><\/span><\/em><\/p>\n<p><em><span style=\"font-size: 20px\">Porque les canciones de \u2018Kikirikik\u00ed\u2019 f\u00edxiles directamente n\u2019asturianu, como ya fixera con \u2018Bestiariu\u2019. En \u2018Pulgarina\u2019, por exemplu, les canciones y el llibru foron escritos en castellanu y depu\u00e9s tornaes al asturianu. Equ\u00ed la creaci\u00f3n foi directamente n\u2019asturianu y, como dic\u00eda enantes, con esa vocaci\u00f3n concreta d\u2019apurrir material musical nuevo nesti idioma. Estos temes creo que tienen una tenrura impl\u00edcita, una cercan\u00eda y una familiarid\u00e1 que yo asocio, sobre manera, al entornu dom\u00e9sticu, del llar\u2026, a los mios g\u00fcelos y a la mio propia casa, onde se fala asturianu. Asina que de momento, y ensin descartar posibilidaes, pa m\u00edn tien m\u00e1s sent\u00edu que\u2019l proyecto s\u00eda \u00fanicamente nesta llingua.<\/span><\/em><\/p>\n<p><em><span style=\"font-size: 20px\"><strong>\u00bfQui\u00e9n ye&#8217;l p\u00fablicu potencial de Kikirikik\u00ed?<\/strong><\/span><\/em><\/p>\n<p><em><span style=\"font-size: 20px\">Pues ne\u00f1es y ne\u00f1os y les sos families. La idea ye que les families puedan disfrutar de la mesma m\u00fasica, ensin que pas y mas padres tengan qu\u2019escuchar daqu\u00e9 que consideren \u2018infantil\u2019 o los cr\u00edos m\u00fasica pa \u2018mayores\u2019. Yo paezme que\u2019l pop ye un x\u00e9neru musical que ye mui agradec\u00edu, que conecta perbi\u00e9n con tol p\u00fablicu y nesi sen, esti discu ye daqu\u00e9 que se pue compartir perbi\u00e9n. Y depu\u00e9s tami\u00e9n aquelles persones a les que-yos preste especialmente sentir la lletra n\u2019asturianu.<\/span><\/em><\/p>\n<p><em><span style=\"font-size: 20px\"><strong>\u00bfVa facer dalguna presentaci\u00f3n en directo?<\/strong><\/span><\/em><\/p>\n<p><em><span style=\"font-size: 20px\">Hai unos d\u00edes tuvimos present\u00e1ndolu na Sala Loreto de Colunga, dientro del ciclu \u2018Cultura en rede\u2019 y esperamos qu\u2019esti 2021 nos dexe oportunidaes nueves de poder tocalu en directo, porque la cosa ta mui enguedeyada pa les actuaciones musicales y ye una pena porque esti ye un conciertu mui prestosu. Nel formatu ac\u00fasticu acomp\u00e1\u00f1ame David Varela, col que llevo tocando a\u00f1os, y am\u00e1s de ser temes mui emocionantes y tienros, pas\u00e1moslo perbi\u00e9n y ye es una actuaci\u00f3n mui animada.<\/span><\/em><\/p>\n<p><em><span style=\"font-size: 20px\"><strong>\u00bfLleg\u00f3 a plantegase allanzar la salida pola pandemia?<\/strong><\/span><\/em><\/p>\n<p><em><span style=\"font-size: 20px\">S\u00ed, barax\u00e1moslo, pero al final decidimos qu\u2019hab\u00eda qu\u2019apostar por editalu en 2020, quiciabes pa tener tami\u00e9n la sensaci\u00f3n de que\u2019l coronavirus nun lo torn\u00f3 too, porque ye asina, nun torn\u00f3 nin la creativid\u00e1 nin la gana de tocar nin de compartir. Agora toca cuidase y tar en casina, pero pa tar bien tami\u00e9n ye necesario tener ilusi\u00f3n y coses guapes, como la muisca y los llibros, que nos faigan too esto m\u00e1s llevable. D\u2019eso fala precisamente la canci\u00f3n \u2018Kikirikik\u00ed\u2019, de qu\u2019anque nos pasen coses males nun momento dau, tenemos que sacar en claro l\u2019aprendizaxe, la esperiencia y siguir mirando p\u2019alantre, porque de la mesma manera qu\u2019hai coses negatives otres positives y bones t\u00e1n esper\u00e1ndonos.<\/span><\/em><\/p>\n<p><em><span style=\"font-size: 20px\"><strong>Depu\u00e9s del par\u00e9ntesis con \u2018\u00bfQu\u00e9 te fai falta pa ser un heroe?\u2019 vuelve a trabayar con Alicia Varela&#8230;<\/strong><\/span><\/em><\/p>\n<p><em><span style=\"font-size: 20px\">Con Alicia Varela esti y\u00e1 ye\u2019l tercer proyectu que comparto. \u2018Pulgarina\u2019, \u2018El salto\u2019 (l\u2019\u00faltimu discu de Pauline en la Playa que sacamos l\u2019a\u00f1u pas\u00e1u) y agora esti \u2018Kikirikik\u00ed\u2019. Yo adm\u00edrola munch\u00edsimo, porque ye una artista delicada y detallista que tien una mirada po\u00e9tica sobre les coses cola que m\u2019identifico dafechu. Ye una gran artista y una suerte pergrande poder contar con ella pa toos estos proyectos.<\/span><\/em><\/p>\n<p><em><span style=\"font-size: 20px\"><strong>Pauline e la Playa, \u2018Pulgarina\u2019, \u2018Bestiariu\u2019&#8230; Ye ust\u00e9 una persona polifac\u00e9tica y creativa. \u00bfTa trabayando en dalg\u00fan otru proyectu?<\/strong><\/span><\/em><\/p>\n<p><em><span style=\"font-size: 20px\">S\u00ed, siempre ando maquinando daqu\u00e9 y na mio llibretina de proyectos y\u00e1 hai apuntaos unos cuantos nos que toi trabayando.<\/span><\/em><\/p>\n<p><em><span style=\"font-size: 20px\">\u00a0<\/span><\/em><\/p>\n<\/div>\n<\/div>\n<\/div>\n","protected":false},"excerpt":{"rendered":"<p>Noticia d\u00b4Asturies.com 2 Xineru, 2021 por Redacci\u00f3n Alicia \u00c1lvarez: \u2018Kikirikik\u00ed\u2019 ye un trabayu de composiciones lluminoses, pa tola familia y n&#8217;asturianu\u00bb<\/p>\n","protected":false},"author":117,"featured_media":0,"comment_status":"closed","ping_status":"open","sticky":false,"template":"","format":"standard","meta":{"footnotes":""},"categories":[70,10],"tags":[],"class_list":["post-2748","post","type-post","status-publish","format-standard","hentry","category-entrevistes","category-llibros-reciella"],"_links":{"self":[{"href":"https:\/\/edublog.educastur.es\/ixuxu\/wp-json\/wp\/v2\/posts\/2748","targetHints":{"allow":["GET"]}}],"collection":[{"href":"https:\/\/edublog.educastur.es\/ixuxu\/wp-json\/wp\/v2\/posts"}],"about":[{"href":"https:\/\/edublog.educastur.es\/ixuxu\/wp-json\/wp\/v2\/types\/post"}],"author":[{"embeddable":true,"href":"https:\/\/edublog.educastur.es\/ixuxu\/wp-json\/wp\/v2\/users\/117"}],"replies":[{"embeddable":true,"href":"https:\/\/edublog.educastur.es\/ixuxu\/wp-json\/wp\/v2\/comments?post=2748"}],"version-history":[{"count":2,"href":"https:\/\/edublog.educastur.es\/ixuxu\/wp-json\/wp\/v2\/posts\/2748\/revisions"}],"predecessor-version":[{"id":2750,"href":"https:\/\/edublog.educastur.es\/ixuxu\/wp-json\/wp\/v2\/posts\/2748\/revisions\/2750"}],"wp:attachment":[{"href":"https:\/\/edublog.educastur.es\/ixuxu\/wp-json\/wp\/v2\/media?parent=2748"}],"wp:term":[{"taxonomy":"category","embeddable":true,"href":"https:\/\/edublog.educastur.es\/ixuxu\/wp-json\/wp\/v2\/categories?post=2748"},{"taxonomy":"post_tag","embeddable":true,"href":"https:\/\/edublog.educastur.es\/ixuxu\/wp-json\/wp\/v2\/tags?post=2748"}],"curies":[{"name":"wp","href":"https:\/\/api.w.org\/{rel}","templated":true}]}}