{"id":27492,"date":"2024-06-11T11:03:39","date_gmt":"2024-06-11T09:03:39","guid":{"rendered":"https:\/\/edublog.educastur.es\/ixuxu\/?p=27492"},"modified":"2024-06-12T11:09:04","modified_gmt":"2024-06-12T09:09:04","slug":"perdio-la-medaya-a-centimetros-de-la-meta-por-festexar-mui-a-tiempu","status":"publish","type":"post","link":"https:\/\/edublog.educastur.es\/ixuxu\/2024\/06\/perdio-la-medaya-a-centimetros-de-la-meta-por-festexar-mui-a-tiempu\/","title":{"rendered":"Perdi\u00f3 la medaya a cent\u00edmetros de la meta por festexar mui a tiempu"},"content":{"rendered":"<p style=\"text-align: center\"><a href=\"https:\/\/www.infobae.com\/new-resizer\/3bYGRAv243MsbupOgAbLCw39Ew0=\/992x558\/filters:format(webp):quality(85)\/cloudfront-us-east-1.images.arcpublishing.com\/infobae\/C4CWCH7WRFGZDOMRLLFX35NQBY.jpg\"><img loading=\"lazy\" decoding=\"async\" class=\"aligncenter size-full\" src=\"https:\/\/www.infobae.com\/new-resizer\/3bYGRAv243MsbupOgAbLCw39Ew0=\/992x558\/filters:format(webp):quality(85)\/cloudfront-us-east-1.images.arcpublishing.com\/infobae\/C4CWCH7WRFGZDOMRLLFX35NQBY.jpg\" width=\"992\" height=\"558\" \/><\/a><\/p>\n<p>L&#8217;atleta que perdi\u00f3 la medaya a cent\u00edmetros de la meta por festexar mui a tiempu: \u201cPensaba que y\u00e1 lo ten\u00eda\u201d. La espa\u00f1ola <a href=\"https:\/\/es.wikipedia.org\/wiki\/Laura_Garc%C3%ADa-Caro\"><strong>Laura Garc\u00eda-Caro<\/strong><\/a> cunt\u00f3 c\u00f3mo vivi\u00f3 la escena que la dex\u00f3 cuarta nos 20 kil\u00f3metros de marcha nel campeonatu europ\u00e9u d&#8217;atletismu.<\/p>\n<ul>\n<li>Fonte:<a href=\"https:\/\/www.infobae.com\/deportes\/2024\/06\/08\/hablo-la-atleta-que-perdio-la-medalla-a-centimetros-de-la-meta-por-festejar-antes-de-tiempo-pensaba-que-ya-lo-tenia\/\"> Infobae<\/a> \/ <a href=\"https:\/\/cdn.jwplayer.com\/previews\/qRcwUoGG\">VIDEU<\/a> \/ <a href=\"https:\/\/www.instagram.com\/lauragarciacarol\/?hl=es\">Laura Instagram<\/a> \/<\/li>\n<\/ul>\n<p><!--more--><\/p>\n<p>La espa\u00f1ola Laura Garc\u00eda-Caro protagoniz\u00f3 unu de los momentos m\u00e1s ins\u00f3litos del campeonatu europ\u00e9u d&#8217;atletismu que s&#8217;empecipi\u00f3&#8217;l vienres 7 de xunu en Roma. Na final de los 20 kil\u00f3metros de marcha, l&#8217;atleta paec\u00eda quedase cola medaya de bronce, pero <strong>empez\u00f3 a festexar antes de cruciar la meta<\/strong>, bax\u00f3&#8217;l so ritmu y nos \u00faltimos metros foi superada pola ucraniana Lyudmila Olyanovska, quien se qued\u00f3 col tercer puestu.<\/p>\n<p>La escena f\u00edxose viral nes redes sociales, una y bones la corredora de 29 a\u00f1os llevantara los sos brazos envolubrada na bandera d&#8217;Espa\u00f1a en se\u00f1al de victoria, ensin saber que detr\u00e1s so atop\u00e1base acesmando la ucraniana.<\/p>\n<p style=\"text-align: center\"><a href=\"https:\/\/upload.wikimedia.org\/wikipedia\/commons\/thumb\/6\/67\/Laura_Garc%C3%ADa-Caro.jpg\/460px-Laura_Garc%C3%ADa-Caro.jpg\"><img loading=\"lazy\" decoding=\"async\" class=\"aligncenter size-full\" src=\"https:\/\/upload.wikimedia.org\/wikipedia\/commons\/thumb\/6\/67\/Laura_Garc%C3%ADa-Caro.jpg\/460px-Laura_Garc%C3%ADa-Caro.jpg\" width=\"460\" height=\"575\" \/><\/a><\/p>\n<p>&nbsp;<\/p>\n","protected":false},"excerpt":{"rendered":"<p>L&#8217;atleta que perdi\u00f3 la medaya a cent\u00edmetros de la meta por festexar mui a tiempu: \u201cPensaba que y\u00e1 lo ten\u00eda\u201d. La espa\u00f1ola Laura Garc\u00eda-Caro cunt\u00f3 c\u00f3mo vivi\u00f3 la escena que la dex\u00f3 cuarta nos 20 kil\u00f3metros de marcha nel campeonatu europ\u00e9u d&#8217;atletismu. Fonte: Infobae \/ VIDEU \/ Laura Instagram \/<\/p>\n","protected":false},"author":117,"featured_media":0,"comment_status":"open","ping_status":"open","sticky":false,"template":"","format":"standard","meta":{"footnotes":""},"categories":[133],"tags":[],"class_list":["post-27492","post","type-post","status-publish","format-standard","hentry","category-deportes"],"_links":{"self":[{"href":"https:\/\/edublog.educastur.es\/ixuxu\/wp-json\/wp\/v2\/posts\/27492","targetHints":{"allow":["GET"]}}],"collection":[{"href":"https:\/\/edublog.educastur.es\/ixuxu\/wp-json\/wp\/v2\/posts"}],"about":[{"href":"https:\/\/edublog.educastur.es\/ixuxu\/wp-json\/wp\/v2\/types\/post"}],"author":[{"embeddable":true,"href":"https:\/\/edublog.educastur.es\/ixuxu\/wp-json\/wp\/v2\/users\/117"}],"replies":[{"embeddable":true,"href":"https:\/\/edublog.educastur.es\/ixuxu\/wp-json\/wp\/v2\/comments?post=27492"}],"version-history":[{"count":5,"href":"https:\/\/edublog.educastur.es\/ixuxu\/wp-json\/wp\/v2\/posts\/27492\/revisions"}],"predecessor-version":[{"id":27499,"href":"https:\/\/edublog.educastur.es\/ixuxu\/wp-json\/wp\/v2\/posts\/27492\/revisions\/27499"}],"wp:attachment":[{"href":"https:\/\/edublog.educastur.es\/ixuxu\/wp-json\/wp\/v2\/media?parent=27492"}],"wp:term":[{"taxonomy":"category","embeddable":true,"href":"https:\/\/edublog.educastur.es\/ixuxu\/wp-json\/wp\/v2\/categories?post=27492"},{"taxonomy":"post_tag","embeddable":true,"href":"https:\/\/edublog.educastur.es\/ixuxu\/wp-json\/wp\/v2\/tags?post=27492"}],"curies":[{"name":"wp","href":"https:\/\/api.w.org\/{rel}","templated":true}]}}