{"id":27821,"date":"2024-06-21T09:00:08","date_gmt":"2024-06-21T07:00:08","guid":{"rendered":"https:\/\/edublog.educastur.es\/ixuxu\/?p=27821"},"modified":"2024-06-21T12:03:09","modified_gmt":"2024-06-21T10:03:09","slug":"dia-internacional-del-sol-2","status":"publish","type":"post","link":"https:\/\/edublog.educastur.es\/ixuxu\/2024\/06\/dia-internacional-del-sol-2\/","title":{"rendered":"D\u00eda Internacional del Sol o de la celebraci\u00f3n del Solsticiu"},"content":{"rendered":"<p>El D\u00eda Internacional del Sol conmemora tolos a\u00f1os el 21 de xunu. Nesti d\u00eda pretende dexase patente la importancia y relaci\u00f3n ente&#8217;l sol y la vida de los seres humanos nel planeta Tierra. La fecha del 21 de xunu foi escoyida pa la celebraci\u00f3n d&#8217;esti d\u00eda una y bones coincidiendo col solsticiu d&#8217;iviernu, tr\u00e1tase del d\u00eda del a\u00f1u m\u00e1s curtiu.<\/p>\n<p style=\"text-align: center\"><a href=\"https:\/\/blogger.googleusercontent.com\/img\/b\/R29vZ2xl\/AVvXsEh-HHK_FlXPl3RcSF29uC1lx1iARzmgeLJ3w0qbY-4TAs9CUFWMnNwu7J8qnbjv5v_vkMErCK0KD85vRG6gmNsLRwoOPKlzMRfzAWXHityrYVYrASYlUgYmyiqKsmTE880KW6AK0w\/s1600\/D%25C3%25ADa-Internacional-del-Sol-3.png\"><img loading=\"lazy\" decoding=\"async\" class=\"aligncenter \" src=\"https:\/\/blogger.googleusercontent.com\/img\/b\/R29vZ2xl\/AVvXsEh-HHK_FlXPl3RcSF29uC1lx1iARzmgeLJ3w0qbY-4TAs9CUFWMnNwu7J8qnbjv5v_vkMErCK0KD85vRG6gmNsLRwoOPKlzMRfzAWXHityrYVYrASYlUgYmyiqKsmTE880KW6AK0w\/s1600\/D%25C3%25ADa-Internacional-del-Sol-3.png\" width=\"355\" height=\"354\" \/><\/a><\/p>\n<p style=\"text-align: left\">\nEl principal oxetivu del D\u00eda Internacional del Sol ye&#8217;l d&#8217;ense\u00f1ar a la poblaci\u00f3n mundial de la importancia que tien pa la nuesa vida la esistencia del Sol seg\u00fan l&#8217;aumentu d&#8217;enerx\u00edes anovables nes que&#8217;l Sol tea presente.<\/p>\n<p><!--more--><\/p>\n<p>La hestoria del astru rei, vital para la vida na Tierra, vien dende los or\u00edxenes de la humanid\u00e1. Mientres enforma tiempu, crey\u00f3se que la Tierra yera&#8217;l centru del universu. Al so alredor xiraben el Sol, la Lluna, los planetes y les estrelles.<\/p>\n<p>La <strong>Uni\u00f3n Espa\u00f1ola Fotovoltaica (UNEF)<\/strong>, asociaci\u00f3n mayoritaria de la <strong>energ\u00eda solar en Espa\u00f1a<\/strong> que cuenta con <strong>800 empresas asociadas<\/strong>, celebra en el contexto del <strong>D\u00eda Internacional del Sol<\/strong> el <strong>papel determinante que est\u00e1 jugando en nuestro pa\u00eds la energ\u00eda solar<\/strong> para culminar una transici\u00f3n energ\u00e9tica llena de <strong>oportunidades socioecon\u00f3micas y para la preservaci\u00f3n y conservaci\u00f3n de la biodiversidad. <\/strong><\/p>\n<p>&nbsp;<\/p>\n","protected":false},"excerpt":{"rendered":"<p>El D\u00eda Internacional del Sol conmemora tolos a\u00f1os el 21 de xunu. Nesti d\u00eda pretende dexase patente la importancia y relaci\u00f3n ente&#8217;l sol y la vida de los seres humanos nel planeta Tierra. La fecha del 21 de xunu foi escoyida pa la celebraci\u00f3n d&#8217;esti d\u00eda una y bones coincidiendo col solsticiu d&#8217;iviernu, tr\u00e1tase del [&hellip;]<\/p>\n","protected":false},"author":117,"featured_media":0,"comment_status":"open","ping_status":"open","sticky":false,"template":"","format":"standard","meta":{"footnotes":""},"categories":[6],"tags":[],"class_list":["post-27821","post","type-post","status-publish","format-standard","hentry","category-dia-de"],"_links":{"self":[{"href":"https:\/\/edublog.educastur.es\/ixuxu\/wp-json\/wp\/v2\/posts\/27821","targetHints":{"allow":["GET"]}}],"collection":[{"href":"https:\/\/edublog.educastur.es\/ixuxu\/wp-json\/wp\/v2\/posts"}],"about":[{"href":"https:\/\/edublog.educastur.es\/ixuxu\/wp-json\/wp\/v2\/types\/post"}],"author":[{"embeddable":true,"href":"https:\/\/edublog.educastur.es\/ixuxu\/wp-json\/wp\/v2\/users\/117"}],"replies":[{"embeddable":true,"href":"https:\/\/edublog.educastur.es\/ixuxu\/wp-json\/wp\/v2\/comments?post=27821"}],"version-history":[{"count":5,"href":"https:\/\/edublog.educastur.es\/ixuxu\/wp-json\/wp\/v2\/posts\/27821\/revisions"}],"predecessor-version":[{"id":27826,"href":"https:\/\/edublog.educastur.es\/ixuxu\/wp-json\/wp\/v2\/posts\/27821\/revisions\/27826"}],"wp:attachment":[{"href":"https:\/\/edublog.educastur.es\/ixuxu\/wp-json\/wp\/v2\/media?parent=27821"}],"wp:term":[{"taxonomy":"category","embeddable":true,"href":"https:\/\/edublog.educastur.es\/ixuxu\/wp-json\/wp\/v2\/categories?post=27821"},{"taxonomy":"post_tag","embeddable":true,"href":"https:\/\/edublog.educastur.es\/ixuxu\/wp-json\/wp\/v2\/tags?post=27821"}],"curies":[{"name":"wp","href":"https:\/\/api.w.org\/{rel}","templated":true}]}}