{"id":27858,"date":"2024-07-09T10:02:23","date_gmt":"2024-07-09T08:02:23","guid":{"rendered":"https:\/\/edublog.educastur.es\/ixuxu\/?p=27858"},"modified":"2024-07-11T21:33:57","modified_gmt":"2024-07-11T19:33:57","slug":"el-primer-pelegrin","status":"publish","type":"post","link":"https:\/\/edublog.educastur.es\/ixuxu\/2024\/07\/el-primer-pelegrin\/","title":{"rendered":"El Primer Pelegr\u00edn"},"content":{"rendered":"<div class=\"x78zum5 xdt5ytf xz62fqu x16ldp7u\">\n<div class=\"xu06os2 x1ok221b\">\n<ul>\n<li class=\"html-h3 xe8uvvx x11i5rnm xat24cr x1mh8g0r xexx8yu x4uap5 x18d9i69 xkhd6sd x1vvkbs x1heor9g x1qlqyl8 x1pd3egz x1a2a7pz x1gslohp x1yc453h\"><span class=\"xt0psk2\"><a class=\"x1i10hfl xjbqb8w x1ejq31n xd10rxx x1sy0etr x17r0tee x972fbf xcfux6l x1qhh985 xm0m39n x9f619 x1ypdohk xt0psk2 xe8uvvx xdj266r x11i5rnm xat24cr x1mh8g0r xexx8yu x4uap5 x18d9i69 xkhd6sd x16tdsg8 x1hl2dhg xggy1nq x1a2a7pz x1sur9pj xkrqix3 xzsf02u x1s688f\" role=\"link\" href=\"https:\/\/www.facebook.com\/primerperegrino?__cft__[0]=AZV_pG1wvrWuCXKr6QGnJzw2eMBmCegZR12-v86Ewa83X0mdrNBRnFOkS_emOkmjjnnr4MUHXe8D_Bp2bamlqjZyTVElqoz1-3i5c_cM_-yUSyL74t04gil2ZJ01SSfVidQRq3n1PlwihAuw9mLVcnLSDE3k1i9zbl8sKDyjusLhahBnqYC2aiYXzKkL4-sYfT4ML9nRS5vdtXq0Hg7-uwy2oKBBqrY93YRLNV5wIzKnHQ&amp;__tn__=-UC%2CP-y-R\"><strong><span class=\"html-span xdj266r x11i5rnm xat24cr x1mh8g0r xexx8yu x4uap5 x18d9i69 xkhd6sd x1hl2dhg x16tdsg8 x1vvkbs\">Alfonso II, el primer pelegrin<\/span><\/strong><\/a><\/span>\/ <a href=\"https:\/\/www.facebook.com\/photo\/?fbid=515990874088702&amp;set=a.240840248270434\">Cartelu<\/a> \/ <span class=\"html-span xdj266r x11i5rnm xat24cr x1mh8g0r xexx8yu x4uap5 x18d9i69 xkhd6sd x1hl2dhg x16tdsg8 x1vvkbs\"><a class=\"x1i10hfl xjbqb8w x1ejq31n xd10rxx x1sy0etr x17r0tee x972fbf xcfux6l x1qhh985 xm0m39n x9f619 x1ypdohk xt0psk2 xe8uvvx xdj266r x11i5rnm xat24cr x1mh8g0r xexx8yu x4uap5 x18d9i69 xkhd6sd x16tdsg8 x1hl2dhg xggy1nq x1a2a7pz x1sur9pj xkrqix3 x1fey0fg xo1l8bm\" role=\"link\" href=\"https:\/\/www.facebook.com\/rugidoillustration?__cft__[0]=AZV_pG1wvrWuCXKr6QGnJzw2eMBmCegZR12-v86Ewa83X0mdrNBRnFOkS_emOkmjjnnr4MUHXe8D_Bp2bamlqjZyTVElqoz1-3i5c_cM_-yUSyL74t04gil2ZJ01SSfVidQRq3n1PlwihAuw9mLVcnLSDE3k1i9zbl8sKDyjusLhahBnqYC2aiYXzKkL4-sYfT4ML9nRS5vdtXq0Hg7-uwy2oKBBqrY93YRLNV5wIzKnHQ&amp;__tn__=-]K-y-R\"><span class=\"xt0psk2\">Cartel cre\u00e1u por RUGIDO<\/span><\/a><\/span><\/li>\n<\/ul>\n<p style=\"text-align: center\"><a href=\"https:\/\/www.asturiasdefiesta.es\/wp-content\/uploads\/2024\/07\/primer-peregrino-oviedo-2024-a-800x600-1.jpg\"><img loading=\"lazy\" decoding=\"async\" class=\"aligncenter size-full\" src=\"https:\/\/www.asturiasdefiesta.es\/wp-content\/uploads\/2024\/07\/primer-peregrino-oviedo-2024-a-800x600-1.jpg\" width=\"800\" height=\"577\" \/><\/a><\/p>\n<p>Tamos encantaos de publicar el cartelu oficial de la cuarta edici\u00f3n d&#8217;<strong>El Primer Pelegr\u00edn<\/strong>. Esper\u00e1mosvos a toos del 11 al 14 de xunetu nes cais del cascu hist\u00f3ricu d&#8217;Uvi\u00e9u y na romer\u00eda popular del 14 de xunetu nel Parque d&#8217;Iviernu. Mientres les pr\u00f3ximes selmanes vamos dir publicando m\u00e1s informaci\u00f3n sobro l&#8217;eventu y les sos actividaes, nun escaez\u00e1is siguinos pa nun perdevos nada.<\/p>\n<p>&nbsp;<\/p>\n<\/div>\n<\/div>\n","protected":false},"excerpt":{"rendered":"<p>Alfonso II, el primer pelegrin\/ Cartelu \/ Cartel cre\u00e1u por RUGIDO Tamos encantaos de publicar el cartelu oficial de la cuarta edici\u00f3n d&#8217;El Primer Pelegr\u00edn. Esper\u00e1mosvos a toos del 11 al 14 de xunetu nes cais del cascu hist\u00f3ricu d&#8217;Uvi\u00e9u y na romer\u00eda popular del 14 de xunetu nel Parque d&#8217;Iviernu. Mientres les pr\u00f3ximes selmanes [&hellip;]<\/p>\n","protected":false},"author":117,"featured_media":0,"comment_status":"open","ping_status":"open","sticky":false,"template":"","format":"standard","meta":{"footnotes":""},"categories":[1],"tags":[],"class_list":["post-27858","post","type-post","status-publish","format-standard","hentry","category-sin-categoria"],"_links":{"self":[{"href":"https:\/\/edublog.educastur.es\/ixuxu\/wp-json\/wp\/v2\/posts\/27858","targetHints":{"allow":["GET"]}}],"collection":[{"href":"https:\/\/edublog.educastur.es\/ixuxu\/wp-json\/wp\/v2\/posts"}],"about":[{"href":"https:\/\/edublog.educastur.es\/ixuxu\/wp-json\/wp\/v2\/types\/post"}],"author":[{"embeddable":true,"href":"https:\/\/edublog.educastur.es\/ixuxu\/wp-json\/wp\/v2\/users\/117"}],"replies":[{"embeddable":true,"href":"https:\/\/edublog.educastur.es\/ixuxu\/wp-json\/wp\/v2\/comments?post=27858"}],"version-history":[{"count":3,"href":"https:\/\/edublog.educastur.es\/ixuxu\/wp-json\/wp\/v2\/posts\/27858\/revisions"}],"predecessor-version":[{"id":28137,"href":"https:\/\/edublog.educastur.es\/ixuxu\/wp-json\/wp\/v2\/posts\/27858\/revisions\/28137"}],"wp:attachment":[{"href":"https:\/\/edublog.educastur.es\/ixuxu\/wp-json\/wp\/v2\/media?parent=27858"}],"wp:term":[{"taxonomy":"category","embeddable":true,"href":"https:\/\/edublog.educastur.es\/ixuxu\/wp-json\/wp\/v2\/categories?post=27858"},{"taxonomy":"post_tag","embeddable":true,"href":"https:\/\/edublog.educastur.es\/ixuxu\/wp-json\/wp\/v2\/tags?post=27858"}],"curies":[{"name":"wp","href":"https:\/\/api.w.org\/{rel}","templated":true}]}}