{"id":27935,"date":"2024-06-29T13:02:58","date_gmt":"2024-06-29T11:02:58","guid":{"rendered":"https:\/\/edublog.educastur.es\/ixuxu\/?p=27935"},"modified":"2024-06-29T15:35:27","modified_gmt":"2024-06-29T13:35:27","slug":"ye-urxente-volver-a-la-tierra-a-la-vida-a-lo-que-somos-2","status":"publish","type":"post","link":"https:\/\/edublog.educastur.es\/ixuxu\/2024\/06\/ye-urxente-volver-a-la-tierra-a-la-vida-a-lo-que-somos-2\/","title":{"rendered":"Ye urxente volver a la tierra, a la vida, a lo que somos"},"content":{"rendered":"<p><em><strong><span style=\"color: #008080\">Volver a la tierra nun ye&#8217;l pas\u00e1u.<\/span><\/strong><\/em><br \/>\n<em><strong><span style=\"color: #008080\">Volver a la naturaleza nun ye l&#8217;ayeri.<\/span><\/strong><\/em><br \/>\n<em><strong><span style=\"color: #008080\">Volver a los nuesos raiga\u00f1os.<\/span><\/strong><\/em><br \/>\n<em><strong><span style=\"color: #008080\">Volver a la sabidur\u00eda de los que vinieron antes y<\/span><\/strong><\/em><br \/>\n<em><strong><span style=\"color: #008080\"> da-y un mundu vivu a los que van venir, <\/span><\/strong><\/em><br \/>\n<em><strong><span style=\"color: #008080\">porque&#8217;l presente adormiliti\u00e1u ente pl\u00e1sticu y cementu<\/span><\/strong><\/em><br \/>\n<em><strong><span style=\"color: #008080\">perdi\u00f3 la memoria y el futuru.<\/span><\/strong><\/em><\/p>\n<p><em><strong><span style=\"color: #008080\">Que nun pierda&#8217;l so trino el p\u00e1xaru nin l&#8217;arume la flor,<\/span><\/strong><\/em><br \/>\n<em><strong><span style=\"color: #008080\"> que nun se pierda l&#8217;alma nel cam\u00edn.<\/span><\/strong><\/em><br \/>\n<em><strong><span style=\"color: #008080\">Volver a la tierra, volver a la esperanza.<\/span><\/strong><\/em><br \/>\n<em><strong><span style=\"color: #008080\">Volver a la tierra, volver a la vida.<\/span><\/strong><\/em><br \/>\n<em><strong><span style=\"color: #008080\">Volver a lo que somos. <\/span><\/strong><\/em><em><strong><span style=\"color: #008080\">Ye necesariu. <\/span><\/strong><\/em><em><strong><span style=\"color: #008080\">Ye urxente.<\/span><\/strong><\/em><\/p>\n<p>Testu: Ada Lluz M\u00e1rquez<br \/>\n<a href=\"https:\/\/www.facebook.com\/photo\/?fbid=798132828550076&amp;set=a.570391627990865\">Imaxe: Tarn Ellis<\/a><\/p>\n<p><!--more--><\/p>\n<p style=\"text-align: center\">\n<!-- iframe plugin v.6.0 wordpress.org\/plugins\/iframe\/ -->\n<iframe loading=\"lazy\" src=\"https:\/\/www.facebook.com\/plugins\/post.php?href=https%3A%2F%2Fwww.facebook.com%2FChamanaLucy%2Fposts%2Fpfbid02pHYBMCq62VzPhVGBmFutrmgxiyGGqA43kCY2RHKDyHcoMAvSuESjyQ6tuM1ZY9USl&#038;show_text=false&#038;width=500\" width=\"500\" height=\"1200\" style=\"border:none;overflow:hidden\" scrolling=\"no\" frameborder=\"0\" allowfullscreen=\"true\" allow=\"autoplay; clipboard-write; encrypted-media; picture-in-picture; web-share\" 0=\"\/iframe\" class=\"iframe-class\"><\/iframe>\n<\/p>\n<p>&nbsp;<\/p>\n","protected":false},"excerpt":{"rendered":"<p>Volver a la tierra nun ye&#8217;l pas\u00e1u. Volver a la naturaleza nun ye l&#8217;ayeri. Volver a los nuesos raiga\u00f1os. Volver a la sabidur\u00eda de los que vinieron antes y da-y un mundu vivu a los que van venir, porque&#8217;l presente adormiliti\u00e1u ente pl\u00e1sticu y cementu perdi\u00f3 la memoria y el futuru. Que nun pierda&#8217;l so [&hellip;]<\/p>\n","protected":false},"author":117,"featured_media":0,"comment_status":"open","ping_status":"open","sticky":false,"template":"","format":"standard","meta":{"footnotes":""},"categories":[1],"tags":[],"class_list":["post-27935","post","type-post","status-publish","format-standard","hentry","category-sin-categoria"],"_links":{"self":[{"href":"https:\/\/edublog.educastur.es\/ixuxu\/wp-json\/wp\/v2\/posts\/27935","targetHints":{"allow":["GET"]}}],"collection":[{"href":"https:\/\/edublog.educastur.es\/ixuxu\/wp-json\/wp\/v2\/posts"}],"about":[{"href":"https:\/\/edublog.educastur.es\/ixuxu\/wp-json\/wp\/v2\/types\/post"}],"author":[{"embeddable":true,"href":"https:\/\/edublog.educastur.es\/ixuxu\/wp-json\/wp\/v2\/users\/117"}],"replies":[{"embeddable":true,"href":"https:\/\/edublog.educastur.es\/ixuxu\/wp-json\/wp\/v2\/comments?post=27935"}],"version-history":[{"count":5,"href":"https:\/\/edublog.educastur.es\/ixuxu\/wp-json\/wp\/v2\/posts\/27935\/revisions"}],"predecessor-version":[{"id":27940,"href":"https:\/\/edublog.educastur.es\/ixuxu\/wp-json\/wp\/v2\/posts\/27935\/revisions\/27940"}],"wp:attachment":[{"href":"https:\/\/edublog.educastur.es\/ixuxu\/wp-json\/wp\/v2\/media?parent=27935"}],"wp:term":[{"taxonomy":"category","embeddable":true,"href":"https:\/\/edublog.educastur.es\/ixuxu\/wp-json\/wp\/v2\/categories?post=27935"},{"taxonomy":"post_tag","embeddable":true,"href":"https:\/\/edublog.educastur.es\/ixuxu\/wp-json\/wp\/v2\/tags?post=27935"}],"curies":[{"name":"wp","href":"https:\/\/api.w.org\/{rel}","templated":true}]}}