{"id":27955,"date":"2024-07-03T11:00:13","date_gmt":"2024-07-03T09:00:13","guid":{"rendered":"https:\/\/edublog.educastur.es\/ixuxu\/?p=27955"},"modified":"2024-07-05T18:59:04","modified_gmt":"2024-07-05T16:59:04","slug":"27955","status":"publish","type":"post","link":"https:\/\/edublog.educastur.es\/ixuxu\/2024\/07\/27955\/","title":{"rendered":"Billing\u00fcismu y turismu: Baleares y Asturies"},"content":{"rendered":"<p style=\"text-align: center\"><a href=\"https:\/\/img.lavdg.com\/sc\/swM3lENcFFP4CboxzMmKSGXJKf0=\/768x\/2023\/07\/25\/00121690284962693192788\/Foto\/efe_20230725_112638983.jpg\"><img loading=\"lazy\" decoding=\"async\" class=\"aligncenter size-full\" src=\"https:\/\/img.lavdg.com\/sc\/swM3lENcFFP4CboxzMmKSGXJKf0=\/768x\/2023\/07\/25\/00121690284962693192788\/Foto\/efe_20230725_112638983.jpg\" width=\"768\" height=\"432\" \/><\/a><\/p>\n<ul>\n<li>Fonte: <a href=\"https:\/\/www.lavozdeasturias.es\/noticia\/opinion\/2024\/06\/30\/billinguismu-turismu-baleares-asturies\/00031719748156160425639.htm?utm_source=facebook.com&amp;fbclid=IwZXh0bgNhZW0CMTEAAR1VcapEOJcOCUq0RKlW_DQ5eolIIlg_8CQQqv4eBiTZpo6nGMZa4255yqA_aem_vrs4m7BOYDY4j2VOU58UqA\">La Voz<\/a> \/ Xuan Porta<\/li>\n<\/ul>\n<p class=\"first-paragraph txt\">Hai un <strong>billing\u00fcismu fluy\u00edu<\/strong> ente\u2019l catal\u00e1n y el castellanu. Los <a href=\"https:\/\/www.lavozdeasturias.es\/temas\/baleares\">baleares<\/a> falen na so mayor\u00eda catal\u00e1n ente ellos y castell\u00e1n colos turistes de la Pen\u00ednsula. Reciben perbi\u00e9n una rempuesta o una entruga na so llingua pero son quien a camudar de llingua en funci\u00f3n de a quien se dirixa la conversa.<\/p>\n<p><!--more--><\/p>\n<p class=\"txt\">El panorama institucional ye\u2019l catal\u00e1n, asina como\u2019l de la mayor\u00eda de la carteler\u00eda comercial. El tratu ye peramable y l\u2019ambiente natural mui agradable. Sacante\u2019l clima de los caberos branos emburri\u00e1u pol camb\u00e9u clim\u00e1ticu que provoca foles de calor.<\/p>\n<p class=\"txt\">Anque los baleares se faigan entender tambi\u00e9n n\u2019ingl\u00e9s, franc\u00e9s y castellanu pola alt\u00edsima cantid\u00e1 de turismu internacional que reciben. Pesie a los planes del nuevu gobiernu pa <strong>desaniciar el modelu d\u2019inmersi\u00f3n lling\u00fc\u00edstica<\/strong> qu\u2019afita un m\u00ednimu del 50% les clases en catal\u00e1n, anque na pr\u00e1utica tea nel 100%. Y que tampoco nun seya riqu\u00edu pa trabayar na alministraci\u00f3n.<\/p>\n<p class=\"txt\"><span style=\"color: #008080\">L\u2019asturianu f\u00e1lase nuna fastera que se punxo de moda nos caberos a\u00f1os pol so clima y valores naturales. Recibe tambi\u00e9n una peque\u00f1a parte de<strong> turismu lling\u00fc\u00edsticu<\/strong>, sobre manera de catalanes y vascos. Pero nun hai oficialid\u00e1, nin programes espec\u00edficos pa esta triba de turismu, nin planes efeutivos de normalizaci\u00f3n social en xeneral.\u00a0<\/span><\/p>\n<p class=\"txt\">No que cinca al <strong>turismu y la masificaci\u00f3n<\/strong>, rescampla que Menorca ye\u2019l llugar onde caltuvieron la natura y la tradici\u00f3n pa torgar lo que pas\u00f3 na Mallorca sobreesplotada. Asina y too, ye con Asturies el llugar de vacaciones m\u00e1s demand\u00e1u del Est\u00e1u. Ente les mid\u00edes que s\u2019alcuentren t\u00e1n el respetu poles viviendes tradicionales, llendes de velocid\u00e1 nes carreteres y los aparcamientos llimitaos a les cales, que se piesllen al completar l\u2019aforu. Anque la masificaci\u00f3n sigue, tenten d\u2019amenorgala y faen protestes c\u00edviques escontra la xentrificaci\u00f3n que carecen en toles islles baleares.<\/p>\n<p class=\"txt\"><span style=\"color: #008080\">N\u2019Asturies ye un fen\u00f3menu reci\u00e9n, pola mor d\u2019un m\u00e1s agradable ambiente clim\u00e1ticu de calter atl\u00e1nticu. Pero nun hai infraestructures afayadices, como reconoz la patronal del ramu. Y monumentos y fasteres naturales t\u00e1n lliteralmente invad\u00edos nes \u00e9poques vacacionales. <strong>Regular les tases tur\u00edstiques<\/strong> y la cadarma en xeneral ye un retu pa esti pa\u00eds. Nun ye un bon plan caltener espacios de xesti\u00f3n p\u00fablica pa un usu priv\u00e1u del turismu masific\u00e1u.<\/span><\/p>\n","protected":false},"excerpt":{"rendered":"<p>Fonte: La Voz \/ Xuan Porta Hai un billing\u00fcismu fluy\u00edu ente\u2019l catal\u00e1n y el castellanu. Los baleares falen na so mayor\u00eda catal\u00e1n ente ellos y castell\u00e1n colos turistes de la Pen\u00ednsula. Reciben perbi\u00e9n una rempuesta o una entruga na so llingua pero son quien a camudar de llingua en funci\u00f3n de a quien se dirixa [&hellip;]<\/p>\n","protected":false},"author":117,"featured_media":0,"comment_status":"open","ping_status":"open","sticky":false,"template":"","format":"standard","meta":{"footnotes":""},"categories":[1],"tags":[],"class_list":["post-27955","post","type-post","status-publish","format-standard","hentry","category-sin-categoria"],"_links":{"self":[{"href":"https:\/\/edublog.educastur.es\/ixuxu\/wp-json\/wp\/v2\/posts\/27955","targetHints":{"allow":["GET"]}}],"collection":[{"href":"https:\/\/edublog.educastur.es\/ixuxu\/wp-json\/wp\/v2\/posts"}],"about":[{"href":"https:\/\/edublog.educastur.es\/ixuxu\/wp-json\/wp\/v2\/types\/post"}],"author":[{"embeddable":true,"href":"https:\/\/edublog.educastur.es\/ixuxu\/wp-json\/wp\/v2\/users\/117"}],"replies":[{"embeddable":true,"href":"https:\/\/edublog.educastur.es\/ixuxu\/wp-json\/wp\/v2\/comments?post=27955"}],"version-history":[{"count":3,"href":"https:\/\/edublog.educastur.es\/ixuxu\/wp-json\/wp\/v2\/posts\/27955\/revisions"}],"predecessor-version":[{"id":27958,"href":"https:\/\/edublog.educastur.es\/ixuxu\/wp-json\/wp\/v2\/posts\/27955\/revisions\/27958"}],"wp:attachment":[{"href":"https:\/\/edublog.educastur.es\/ixuxu\/wp-json\/wp\/v2\/media?parent=27955"}],"wp:term":[{"taxonomy":"category","embeddable":true,"href":"https:\/\/edublog.educastur.es\/ixuxu\/wp-json\/wp\/v2\/categories?post=27955"},{"taxonomy":"post_tag","embeddable":true,"href":"https:\/\/edublog.educastur.es\/ixuxu\/wp-json\/wp\/v2\/tags?post=27955"}],"curies":[{"name":"wp","href":"https:\/\/api.w.org\/{rel}","templated":true}]}}