{"id":28155,"date":"2024-07-09T10:00:59","date_gmt":"2024-07-09T08:00:59","guid":{"rendered":"https:\/\/edublog.educastur.es\/ixuxu\/?p=28155"},"modified":"2024-07-11T22:40:17","modified_gmt":"2024-07-11T20:40:17","slug":"exconxuraos-en-llanera","status":"publish","type":"post","link":"https:\/\/edublog.educastur.es\/ixuxu\/2024\/07\/exconxuraos-en-llanera\/","title":{"rendered":"Exconxuraos en Llanera"},"content":{"rendered":"<p style=\"text-align: center\"><a href=\"https:\/\/estaticos-cdn.prensaiberica.es\/clip\/6fb2d943-611f-4750-a729-30dba63d25e2_source-aspect-ratio_default_0.jpg\"><img loading=\"lazy\" decoding=\"async\" class=\"aligncenter size-full\" src=\"https:\/\/estaticos-cdn.prensaiberica.es\/clip\/6fb2d943-611f-4750-a729-30dba63d25e2_source-aspect-ratio_default_0.jpg\" width=\"2000\" height=\"1333\" \/><\/a><\/p>\n<p><strong>Exconxuraos<\/strong>, despidida al galopie: un torn\u00e9u medieval multitudinariu y un balance de 35.000 persones nos tr\u00e9s d\u00edes de fiesta. La celebraci\u00f3n reivindica la <strong>declaraci\u00f3n d&#8217;Inter\u00e9s Tur\u00edsticu Nacional. <\/strong><\/p>\n<ul>\n<li><a href=\"https:\/\/www.lne.es\/llanera\/2024\/07\/08\/exconxuraos-despedida-galope-torneo-medieval-105307878.html\">Fonte: LNE<\/a>\/ <a href=\"https:\/\/www.lne.es\/fotos\/llanera\/2024\/07\/08\/exconxuraos-despedida-galope-torneo-medieval-105307459.html#foto=1\">Galer\u00eda<\/a><\/li>\n<\/ul>\n<p><!--more--><\/p>\n<p>El torn\u00e9u dex\u00f3 un a\u00f1u m\u00e1s espectaculares imaxes de la ma\u00f1a de los caballeros colos caballos y les armes. Nun defraud\u00f3 tampoco la recreaci\u00f3n hist\u00f3rica del acontecimientu que conmemora esta cita (la rebeli\u00f3n del pueblu de Llanera \u00e9nte los abusivos impuestos del Obisp\u00e1u) que s&#8217;ufiert\u00f3 tami\u00e9n ayeri nun segundu pase con numberosu p\u00fablicu qu&#8217;aplaudi\u00f3 la representaci\u00f3n en delles ocasiones.<\/p>\n<p style=\"text-align: center\"><a href=\"https:\/\/estaticos-cdn.prensaiberica.es\/clip\/960ca508-9a74-403c-b74d-09111f3901dc_source-aspect-ratio_default_0.jpg\"><img loading=\"lazy\" decoding=\"async\" class=\"aligncenter size-full\" src=\"https:\/\/estaticos-cdn.prensaiberica.es\/clip\/960ca508-9a74-403c-b74d-09111f3901dc_source-aspect-ratio_default_0.jpg\" width=\"2000\" height=\"1333\" \/><\/a><\/p>\n<p><a href=\"https:\/\/estaticos-cdn.prensaiberica.es\/clip\/dd49f051-74f8-409c-ba11-aa2da781c67b_source-aspect-ratio_default_0.jpg\"><img loading=\"lazy\" decoding=\"async\" class=\"aligncenter size-full\" src=\"https:\/\/estaticos-cdn.prensaiberica.es\/clip\/dd49f051-74f8-409c-ba11-aa2da781c67b_source-aspect-ratio_default_0.jpg\" width=\"1333\" height=\"2000\" \/><\/a><\/p>\n<p style=\"text-align: center\"><a href=\"https:\/\/estaticos-cdn.prensaiberica.es\/clip\/27e3e99d-ed83-429a-8986-95fefdd44a30_source-aspect-ratio_default_0.jpg\"><img loading=\"lazy\" decoding=\"async\" class=\"aligncenter size-full\" src=\"https:\/\/estaticos-cdn.prensaiberica.es\/clip\/27e3e99d-ed83-429a-8986-95fefdd44a30_source-aspect-ratio_default_0.jpg\" width=\"2000\" height=\"1333\" \/><\/a><\/p>\n","protected":false},"excerpt":{"rendered":"<p>Exconxuraos, despidida al galopie: un torn\u00e9u medieval multitudinariu y un balance de 35.000 persones nos tr\u00e9s d\u00edes de fiesta. La celebraci\u00f3n reivindica la declaraci\u00f3n d&#8217;Inter\u00e9s Tur\u00edsticu Nacional. Fonte: LNE\/ Galer\u00eda<\/p>\n","protected":false},"author":117,"featured_media":0,"comment_status":"open","ping_status":"open","sticky":false,"template":"","format":"standard","meta":{"footnotes":""},"categories":[21],"tags":[],"class_list":["post-28155","post","type-post","status-publish","format-standard","hentry","category-fiestes"],"_links":{"self":[{"href":"https:\/\/edublog.educastur.es\/ixuxu\/wp-json\/wp\/v2\/posts\/28155","targetHints":{"allow":["GET"]}}],"collection":[{"href":"https:\/\/edublog.educastur.es\/ixuxu\/wp-json\/wp\/v2\/posts"}],"about":[{"href":"https:\/\/edublog.educastur.es\/ixuxu\/wp-json\/wp\/v2\/types\/post"}],"author":[{"embeddable":true,"href":"https:\/\/edublog.educastur.es\/ixuxu\/wp-json\/wp\/v2\/users\/117"}],"replies":[{"embeddable":true,"href":"https:\/\/edublog.educastur.es\/ixuxu\/wp-json\/wp\/v2\/comments?post=28155"}],"version-history":[{"count":3,"href":"https:\/\/edublog.educastur.es\/ixuxu\/wp-json\/wp\/v2\/posts\/28155\/revisions"}],"predecessor-version":[{"id":28158,"href":"https:\/\/edublog.educastur.es\/ixuxu\/wp-json\/wp\/v2\/posts\/28155\/revisions\/28158"}],"wp:attachment":[{"href":"https:\/\/edublog.educastur.es\/ixuxu\/wp-json\/wp\/v2\/media?parent=28155"}],"wp:term":[{"taxonomy":"category","embeddable":true,"href":"https:\/\/edublog.educastur.es\/ixuxu\/wp-json\/wp\/v2\/categories?post=28155"},{"taxonomy":"post_tag","embeddable":true,"href":"https:\/\/edublog.educastur.es\/ixuxu\/wp-json\/wp\/v2\/tags?post=28155"}],"curies":[{"name":"wp","href":"https:\/\/api.w.org\/{rel}","templated":true}]}}