{"id":28181,"date":"2024-07-14T14:06:47","date_gmt":"2024-07-14T12:06:47","guid":{"rendered":"https:\/\/edublog.educastur.es\/ixuxu\/?p=28181"},"modified":"2024-07-14T14:07:59","modified_gmt":"2024-07-14T12:07:59","slug":"un-punau-de-colores","status":"publish","type":"post","link":"https:\/\/edublog.educastur.es\/ixuxu\/2024\/07\/un-punau-de-colores\/","title":{"rendered":"Un pu\u00f1\u00e1u de colores \u2026"},"content":{"rendered":"<p><em><span style=\"color: #008080;font-size: 20px\"><strong>Un pu\u00f1\u00e1u de colores \u2026<\/strong><\/span><\/em><br \/>\n<em><span style=\"color: #008080;font-size: 20px\">Y en aquel mundu de colores<\/span><\/em><br \/>\n<em><span style=\"color: #008080;font-size: 20px\">nun esist\u00eden los ensin sabores,<\/span><\/em><br \/>\n<em><span style=\"color: #008080;font-size: 20px\"> un pu\u00f1\u00e1u nos bolsos <\/span><\/em><br \/>\n<em><span style=\"color: #008080;font-size: 20px\">d&#8217;eses cuenques ensin motivos<\/span><\/em><\/p>\n<p><!--more--><\/p>\n<p><em><span style=\"color: #008080;font-size: 20px\">Los g\u00fceyos rellumaben<\/span><\/em><br \/>\n<em><span style=\"color: #008080;font-size: 20px\">y la mente volaba, sua\u00f1os<\/span><\/em><br \/>\n<em><span style=\"color: #008080;font-size: 20px\">nel so haber<\/span><\/em><br \/>\n<em><span style=\"color: #008080;font-size: 20px\">nun mundu de papel<\/span><\/em><br \/>\n<em><span style=\"color: #008080;font-size: 20px\">Cuanto dar\u00edamos per tener <\/span><\/em><br \/>\n<em><span style=\"color: #008080;font-size: 20px\">aquellos xuegos del ayeri, <\/span><\/em><br \/>\n<em><span style=\"color: #008080;font-size: 20px\">onde la riqueza nam\u00e1 consist\u00eda <\/span><\/em><br \/>\n<em><span style=\"color: #008080;font-size: 20px\">na piedra atopada al debalu.<\/span><\/em><br \/>\n<em><span style=\"color: #008080;font-size: 20px\">Y asina pasaron los a\u00f1os <\/span><\/em><br \/>\n<em><span style=\"color: #008080;font-size: 20px\">perd\u00edos ente los rincones, <\/span><\/em><br \/>\n<em><span style=\"color: #008080;font-size: 20px\">inventando mil aviones;<\/span><\/em><br \/>\n<em><span style=\"color: #008080;font-size: 20px\">onde ser ne\u00f1u saltaba a borbollones.<\/span><\/em><\/p>\n<p><em><span style=\"color: #008080;font-size: 20px\">Y que hai del barcu de papel<\/span><\/em><br \/>\n<em><span style=\"color: #008080;font-size: 20px\">que derromp\u00eda los siete mares, <\/span><\/em><br \/>\n<em><span style=\"color: #008080;font-size: 20px\">yeren simples regatos <\/span><\/em><br \/>\n<em><span style=\"color: #008080;font-size: 20px\">que dexaben al so pasu <\/span><\/em><br \/>\n<em><span style=\"color: #008080;font-size: 20px\">una tarde de branu.<\/span><\/em><\/p>\n<p><em><span style=\"color: #008080;font-size: 20px\">Y ende tienes al tiempu <\/span><\/em><br \/>\n<em><span style=\"color: #008080;font-size: 20px\">faciendo sos les alcordances <\/span><\/em><br \/>\n<em><span style=\"color: #008080;font-size: 20px\">y ende tienes a la vida <\/span><\/em><br \/>\n<em><span style=\"color: #008080;font-size: 20px\">cantando melod\u00edes.<\/span><\/em><\/p>\n<p>Testu d&#8217;Alicia Mart\u00ednez<br \/>\nM\u00e9xico De l&#8217;Alma a la Piel.<\/p>\n<p><a href=\"https:\/\/www.facebook.com\/photo\/?fbid=498515766032114&amp;set=a.159223673294660\">Imaxe<\/a><\/p>\n<p>&nbsp;<\/p>\n\n<!-- iframe plugin v.6.0 wordpress.org\/plugins\/iframe\/ -->\n<iframe loading=\"lazy\" src=\"https:\/\/www.facebook.com\/plugins\/post.php?href=https%3A%2F%2Fwww.facebook.com%2Fpermalink.php%3Fstory_fbid%3Dpfbid09hWFhrjqAtCVoVEHEYdAToifihSQHZmJxk3Fje7w7anQKqspMfQrXmHQYJCKwSEkl%26id%3D100076210831754&#038;show_text=false&#038;width=500\" width=\"500\" height=\"1800\" style=\"border:none;overflow:hidden\" scrolling=\"no\" frameborder=\"0\" allowfullscreen=\"true\" allow=\"autoplay; clipboard-write; encrypted-media; picture-in-picture; web-share\" 0=\"\/iframe\" class=\"iframe-class\"><\/iframe>\n\n","protected":false},"excerpt":{"rendered":"<p>Un pu\u00f1\u00e1u de colores \u2026 Y en aquel mundu de colores nun esist\u00eden los ensin sabores, un pu\u00f1\u00e1u nos bolsos d&#8217;eses cuenques ensin motivos<\/p>\n","protected":false},"author":117,"featured_media":0,"comment_status":"open","ping_status":"open","sticky":false,"template":"","format":"standard","meta":{"footnotes":""},"categories":[1],"tags":[],"class_list":["post-28181","post","type-post","status-publish","format-standard","hentry","category-sin-categoria"],"_links":{"self":[{"href":"https:\/\/edublog.educastur.es\/ixuxu\/wp-json\/wp\/v2\/posts\/28181","targetHints":{"allow":["GET"]}}],"collection":[{"href":"https:\/\/edublog.educastur.es\/ixuxu\/wp-json\/wp\/v2\/posts"}],"about":[{"href":"https:\/\/edublog.educastur.es\/ixuxu\/wp-json\/wp\/v2\/types\/post"}],"author":[{"embeddable":true,"href":"https:\/\/edublog.educastur.es\/ixuxu\/wp-json\/wp\/v2\/users\/117"}],"replies":[{"embeddable":true,"href":"https:\/\/edublog.educastur.es\/ixuxu\/wp-json\/wp\/v2\/comments?post=28181"}],"version-history":[{"count":3,"href":"https:\/\/edublog.educastur.es\/ixuxu\/wp-json\/wp\/v2\/posts\/28181\/revisions"}],"predecessor-version":[{"id":28184,"href":"https:\/\/edublog.educastur.es\/ixuxu\/wp-json\/wp\/v2\/posts\/28181\/revisions\/28184"}],"wp:attachment":[{"href":"https:\/\/edublog.educastur.es\/ixuxu\/wp-json\/wp\/v2\/media?parent=28181"}],"wp:term":[{"taxonomy":"category","embeddable":true,"href":"https:\/\/edublog.educastur.es\/ixuxu\/wp-json\/wp\/v2\/categories?post=28181"},{"taxonomy":"post_tag","embeddable":true,"href":"https:\/\/edublog.educastur.es\/ixuxu\/wp-json\/wp\/v2\/tags?post=28181"}],"curies":[{"name":"wp","href":"https:\/\/api.w.org\/{rel}","templated":true}]}}