{"id":28197,"date":"2024-07-15T16:39:55","date_gmt":"2024-07-15T14:39:55","guid":{"rendered":"https:\/\/edublog.educastur.es\/ixuxu\/?p=28197"},"modified":"2024-07-21T19:45:00","modified_gmt":"2024-07-21T17:45:00","slug":"porrua-enllenase-darte-col-festival-dintervencion-artistica-de-boles-de-silu","status":"publish","type":"post","link":"https:\/\/edublog.educastur.es\/ixuxu\/2024\/07\/porrua-enllenase-darte-col-festival-dintervencion-artistica-de-boles-de-silu\/","title":{"rendered":"Porr\u00faa enll\u00e9nase d&#8217;arte col Festival d&#8217;Intervenci\u00f3n Art\u00edstica de Boles de Silu"},"content":{"rendered":"<ul>\n<li>Fonte: <a href=\"https:\/\/www.rtpa.es\/noticias-sociedad-ast:Porrua-enllenase-d'arte-col-Festival-d'Intervencion-Artistica-de-Boles-de-Silu_111720869370.html?fbclid=IwZXh0bgNhZW0CMTEAAR0pTIzWZCzIlj2htcLkwIfADt-Vp8AxPLgkP1bDE1WsGjxPHuMnmq15oeM\">RTPA<\/a> VIDEU \/ s<a href=\"https:\/\/www.facebook.com\/photo\/?fbid=10213160041512849&amp;set=pcb.26061716403475717\">emeyes C. Nieto<\/a> \/<a href=\"https:\/\/www.facebook.com\/photo\/?fbid=790433453277827&amp;set=pcb.790434523277720\"> semeyes Don Orione<\/a> \/ <a href=\"https:\/\/www.lne.es\/oriente\/2024\/07\/15\/porrua-bolas-convierte-localidad-pinacoteca-105594730.html\">LNE<\/a> \/<\/li>\n<li><a href=\"https:\/\/www.llanes.es\/es\/iv-edicion-porrua-en-bolas-porrua\"><strong>IV edici\u00f3n<\/strong><\/a> \/<a href=\"https:\/\/www.facebook.com\/photo\/?fbid=10213165756175712&amp;set=pcb.26078561545124536\"> Galer\u00eda de Gontzal Fdez.<\/a> \/<\/li>\n<\/ul>\n<div id=\"noticiacompleta\" class=\"parragraph-padding font-c-conent\">\n<h3 class=\"font-size-m padding-b-20 font-weight-b margin-t-16\"><span style=\"font-size: 16px\">Una quincena d&#8217;artistes asturianos participen nel eventu que se celebra hasta&#8217;l 14 de xunetu.<\/span><\/h3>\n<p style=\"text-align: center\"><a href=\"https:\/\/www.rtpa.es\/fotos\/\/24\/07\/20240713142928_RTPA5299777.jpg\"><img loading=\"lazy\" decoding=\"async\" class=\"aligncenter size-full\" src=\"https:\/\/www.rtpa.es\/fotos\/\/24\/07\/20240713142928_RTPA5299777.jpg\" width=\"853\" height=\"480\" \/><\/a><\/p>\n<p>Porr\u00faa enll\u00e9nase d\u2019arte col Festival d\u2019Intervenci\u00f3n Art\u00edstica de Boles de Silu. Una quincena d\u2019artistes asturianos participa esti a\u00f1u na cuarta edici\u00f3n d\u2019esti festival que se celebra hasta\u2019l 14 de xunetu.<\/p>\n<p>Ganaderos y artistes compaxinen campu y arte nesta iniciativa, na que les boles de silu son el llenzu, esplica <a href=\"https:\/\/www.facebook.com\/nieves.gonzalezperez\"><strong>Nieves Gonz\u00e1lez,<\/strong><\/a> entamadora del festival. Los participantes son artistes asturianos con m\u00faltiples variedaes d\u2019estilos. Les obres van dende lo abstracto a paisaxes asturianos o, inclusive, arte reivindicativu.<\/p>\n<p><!--more--><\/p>\n<p>El festival cunta con munches actividaes como meses redondes colos artistes, sesi\u00f3n verm\u00fa y actividaes pa los m\u00e1s peque\u00f1os.<\/p>\n<\/div>\n<p style=\"text-align: center\"><a href=\"https:\/\/estaticos-cdn.prensaiberica.es\/clip\/b81b6446-a0ef-4bb6-b36a-29e2c0590bfe_source-aspect-ratio_default_0.jpg\"><img loading=\"lazy\" decoding=\"async\" class=\"aligncenter size-full\" src=\"https:\/\/estaticos-cdn.prensaiberica.es\/clip\/b81b6446-a0ef-4bb6-b36a-29e2c0590bfe_source-aspect-ratio_default_0.jpg\" width=\"2000\" height=\"1126\" \/><\/a><\/p>\n<p>Obres tami\u00e9n emotives que remembren a la infancia, como la d&#8217;In\u00e9s Benitu. Porr\u00faa inspir\u00f3lu una sensaci\u00f3n \u00abprestosa\u00bb, como la que-y produz pasar un d\u00eda cola g\u00fcela\u00bb: \u00abDibux\u00e9 esa fantas\u00eda de la infancia con un gochu volador, una pitina regando les plantes, la g\u00fcela y el so platu t\u00edpicu con g\u00fcevos con pataques\u00bb, esplica.<\/p>\n<p style=\"text-align: center\"><a href=\"https:\/\/estaticos-cdn.prensaiberica.es\/clip\/d9a43794-4851-44dd-98bf-65451e9cf94a_16-9-discover-aspect-ratio_default_0.webp\"><img loading=\"lazy\" decoding=\"async\" class=\"aligncenter size-full\" src=\"https:\/\/estaticos-cdn.prensaiberica.es\/clip\/d9a43794-4851-44dd-98bf-65451e9cf94a_16-9-discover-aspect-ratio_default_0.webp\" width=\"1200\" height=\"675\" \/><\/a><\/p>\n<p style=\"text-align: center\">\n<!-- iframe plugin v.6.0 wordpress.org\/plugins\/iframe\/ -->\n<iframe loading=\"lazy\" src=\"https:\/\/www.facebook.com\/plugins\/post.php?href=https%3A%2F%2Fwww.facebook.com%2Fphoto.php%3Ffbid%3D122123681852323077%26set%3Da.122121415196323077%26type%3D3&#038;show_text=true&#038;width=500\" width=\"500\" height=\"761\" style=\"border:none;overflow:hidden\" scrolling=\"no\" frameborder=\"0\" allowfullscreen=\"true\" allow=\"autoplay; clipboard-write; encrypted-media; picture-in-picture; web-share\" 0=\"\/iframe\" class=\"iframe-class\"><\/iframe>\n<\/p>\n<p>&nbsp;<\/p>\n\n<!-- iframe plugin v.6.0 wordpress.org\/plugins\/iframe\/ -->\n<iframe loading=\"lazy\" src=\"https:\/\/www.facebook.com\/plugins\/post.php?href=https%3A%2F%2Fwww.facebook.com%2Fphoto.php%3Ffbid%3D790433559944483%26set%3Da.397937709194072%26type%3D3&#038;show_text=false&#038;width=500\" width=\"500\" height=\"818\" style=\"border:none;overflow:hidden\" scrolling=\"no\" frameborder=\"0\" allowfullscreen=\"true\" allow=\"autoplay; clipboard-write; encrypted-media; picture-in-picture; web-share\" 0=\"\/iframe\" class=\"iframe-class\"><\/iframe>\n\n<p>&nbsp;<\/p>\n<p>&nbsp;<\/p>\n<p>&nbsp;<\/p>\n","protected":false},"excerpt":{"rendered":"<p>Fonte: RTPA VIDEU \/ semeyes C. Nieto \/ semeyes Don Orione \/ LNE \/ IV edici\u00f3n \/ Galer\u00eda de Gontzal Fdez. \/ Una quincena d&#8217;artistes asturianos participen nel eventu que se celebra hasta&#8217;l 14 de xunetu. Porr\u00faa enll\u00e9nase d\u2019arte col Festival d\u2019Intervenci\u00f3n Art\u00edstica de Boles de Silu. Una quincena d\u2019artistes asturianos participa esti a\u00f1u na [&hellip;]<\/p>\n","protected":false},"author":117,"featured_media":0,"comment_status":"open","ping_status":"open","sticky":false,"template":"","format":"standard","meta":{"footnotes":""},"categories":[89],"tags":[],"class_list":["post-28197","post","type-post","status-publish","format-standard","hentry","category-arte"],"_links":{"self":[{"href":"https:\/\/edublog.educastur.es\/ixuxu\/wp-json\/wp\/v2\/posts\/28197","targetHints":{"allow":["GET"]}}],"collection":[{"href":"https:\/\/edublog.educastur.es\/ixuxu\/wp-json\/wp\/v2\/posts"}],"about":[{"href":"https:\/\/edublog.educastur.es\/ixuxu\/wp-json\/wp\/v2\/types\/post"}],"author":[{"embeddable":true,"href":"https:\/\/edublog.educastur.es\/ixuxu\/wp-json\/wp\/v2\/users\/117"}],"replies":[{"embeddable":true,"href":"https:\/\/edublog.educastur.es\/ixuxu\/wp-json\/wp\/v2\/comments?post=28197"}],"version-history":[{"count":10,"href":"https:\/\/edublog.educastur.es\/ixuxu\/wp-json\/wp\/v2\/posts\/28197\/revisions"}],"predecessor-version":[{"id":28291,"href":"https:\/\/edublog.educastur.es\/ixuxu\/wp-json\/wp\/v2\/posts\/28197\/revisions\/28291"}],"wp:attachment":[{"href":"https:\/\/edublog.educastur.es\/ixuxu\/wp-json\/wp\/v2\/media?parent=28197"}],"wp:term":[{"taxonomy":"category","embeddable":true,"href":"https:\/\/edublog.educastur.es\/ixuxu\/wp-json\/wp\/v2\/categories?post=28197"},{"taxonomy":"post_tag","embeddable":true,"href":"https:\/\/edublog.educastur.es\/ixuxu\/wp-json\/wp\/v2\/tags?post=28197"}],"curies":[{"name":"wp","href":"https:\/\/api.w.org\/{rel}","templated":true}]}}