{"id":28235,"date":"2024-07-14T13:45:16","date_gmt":"2024-07-14T11:45:16","guid":{"rendered":"https:\/\/edublog.educastur.es\/ixuxu\/?p=28235"},"modified":"2024-07-15T20:48:17","modified_gmt":"2024-07-15T18:48:17","slug":"47a-edicion-del-festival-de-la-sidra-de-nava","status":"publish","type":"post","link":"https:\/\/edublog.educastur.es\/ixuxu\/2024\/07\/47a-edicion-del-festival-de-la-sidra-de-nava\/","title":{"rendered":"47\u00aa edici\u00f3n del Festival de la Sidra de Nava"},"content":{"rendered":"<p style=\"text-align: center\"><a href=\"https:\/\/actualidad.asturias.es\/documents\/537115\/1986773\/2024_07_14+Presidente+Festival+de+la+sidra+de+nava+8.jpg\/b615c043-4312-9a84-39ec-c7bcc796dac9?t=1720966938937\"><img loading=\"lazy\" decoding=\"async\" class=\"aligncenter size-full\" src=\"https:\/\/actualidad.asturias.es\/documents\/537115\/1986773\/2024_07_14+Presidente+Festival+de+la+sidra+de+nava+8.jpg\/b615c043-4312-9a84-39ec-c7bcc796dac9?t=1720966938937\" width=\"1920\" height=\"1280\" \/><\/a><\/p>\n<p>Barb\u00f3n reivindica en Nava la importancia de la sidra como parte del patrimoniu milenariu\u00bb d&#8217;Asturies. El presidente espresa&#8217;l so enfotu en que la Unesco declare angua\u00f1o la cultura sidrera patrimoniu mundial inmaterial<\/p>\n<p>El presidente del Princip\u00e1u particip\u00f3 g\u00fcei nos actos de la <strong>47\u00aa edici\u00f3n del Festival de la Sidra de Nava<\/strong>, \u201cuna fecha ineludible del branu asturianu\u201d, onde reivindic\u00f3 la b\u00e9bora rexonal por excelencia. \u201cQuiero faer una reconocencia a la importancia de la sidra, que forma parte del nuesu patrimoniu milenariu\u201d, sorray\u00f3.<\/p>\n<p><!--more--><\/p>\n<p style=\"text-align: center\"><a href=\"https:\/\/actualidad.asturias.es\/documents\/537115\/1986773\/2024_07_14+Presidente+Festival+de+la+sidra+de+nava+2.jpg\/0fba0110-118a-b15c-cc29-15e6a417703f?t=1720966938581\"><img loading=\"lazy\" decoding=\"async\" class=\"aligncenter size-full\" src=\"https:\/\/actualidad.asturias.es\/documents\/537115\/1986773\/2024_07_14+Presidente+Festival+de+la+sidra+de+nava+2.jpg\/0fba0110-118a-b15c-cc29-15e6a417703f?t=1720966938581\" width=\"1920\" height=\"1277\" \/><\/a><\/p>\n<p>Adri\u00e1n Barb\u00f3n record\u00f3 que los \u00e1stures de dambos llaos del cordal y\u00e1 consum\u00eden uno b\u00e9bora ferment\u00e1 en mazana, seg\u00fan reflexen distintos estudios cient\u00edficos publicaos apocay\u00e1.<\/p>\n<p>Tami\u00e9n espres\u00f3&#8217;l so enfotu en que la Unesco declare angua\u00f1o la cultura sidrera patrimoniu mundial de la humanid\u00e1, un fechu que supondr\u00eda un emburrie \u00abfundamental\u201d para la protecci\u00f3n y promoci\u00f3n de les tradiciones amestaes a esta b\u00e9bora.<\/p>\n<p>Igualmente, punxo en valor l&#8217;escanci\u00e1u, unu de los elementos diferenciales de la cultura sidrera xuntu cola botella, el llinguaxe o la forma de consumila. \u201cLa sidra ye para compartir y para socializar\u201d, se\u00f1al\u00f3.<\/p>\n","protected":false},"excerpt":{"rendered":"<p>Barb\u00f3n reivindica en Nava la importancia de la sidra como parte del patrimoniu milenariu\u00bb d&#8217;Asturies. El presidente espresa&#8217;l so enfotu en que la Unesco declare angua\u00f1o la cultura sidrera patrimoniu mundial inmaterial El presidente del Princip\u00e1u particip\u00f3 g\u00fcei nos actos de la 47\u00aa edici\u00f3n del Festival de la Sidra de Nava, \u201cuna fecha ineludible del [&hellip;]<\/p>\n","protected":false},"author":117,"featured_media":0,"comment_status":"open","ping_status":"open","sticky":false,"template":"","format":"standard","meta":{"footnotes":""},"categories":[204,156],"tags":[],"class_list":["post-28235","post","type-post","status-publish","format-standard","hentry","category-festivales","category-sidre"],"_links":{"self":[{"href":"https:\/\/edublog.educastur.es\/ixuxu\/wp-json\/wp\/v2\/posts\/28235","targetHints":{"allow":["GET"]}}],"collection":[{"href":"https:\/\/edublog.educastur.es\/ixuxu\/wp-json\/wp\/v2\/posts"}],"about":[{"href":"https:\/\/edublog.educastur.es\/ixuxu\/wp-json\/wp\/v2\/types\/post"}],"author":[{"embeddable":true,"href":"https:\/\/edublog.educastur.es\/ixuxu\/wp-json\/wp\/v2\/users\/117"}],"replies":[{"embeddable":true,"href":"https:\/\/edublog.educastur.es\/ixuxu\/wp-json\/wp\/v2\/comments?post=28235"}],"version-history":[{"count":2,"href":"https:\/\/edublog.educastur.es\/ixuxu\/wp-json\/wp\/v2\/posts\/28235\/revisions"}],"predecessor-version":[{"id":28237,"href":"https:\/\/edublog.educastur.es\/ixuxu\/wp-json\/wp\/v2\/posts\/28235\/revisions\/28237"}],"wp:attachment":[{"href":"https:\/\/edublog.educastur.es\/ixuxu\/wp-json\/wp\/v2\/media?parent=28235"}],"wp:term":[{"taxonomy":"category","embeddable":true,"href":"https:\/\/edublog.educastur.es\/ixuxu\/wp-json\/wp\/v2\/categories?post=28235"},{"taxonomy":"post_tag","embeddable":true,"href":"https:\/\/edublog.educastur.es\/ixuxu\/wp-json\/wp\/v2\/tags?post=28235"}],"curies":[{"name":"wp","href":"https:\/\/api.w.org\/{rel}","templated":true}]}}