{"id":28248,"date":"2024-07-20T09:00:59","date_gmt":"2024-07-20T07:00:59","guid":{"rendered":"https:\/\/edublog.educastur.es\/ixuxu\/?p=28248"},"modified":"2024-07-21T20:01:12","modified_gmt":"2024-07-21T18:01:12","slug":"dia-internacional-de-la-%e1%b8%b7%e1%b8%b7una","status":"publish","type":"post","link":"https:\/\/edublog.educastur.es\/ixuxu\/2024\/07\/dia-internacional-de-la-%e1%b8%b7%e1%b8%b7una\/","title":{"rendered":"D\u00eda Internacional de la \u1e36\u1e37una"},"content":{"rendered":"<div class=\"xu06os2 x1ok221b\">\n<div class=\"x1gslohp\">\n<ul>\n<li class=\"html-h2 xe8uvvx x11i5rnm xat24cr x1mh8g0r xexx8yu x4uap5 x18d9i69 xkhd6sd x1vvkbs x1heor9g x1qlqyl8 x1pd3egz x1a2a7pz x1gslohp\"><span class=\"x193iq5w xeuugli x13faqbe x1vvkbs x1xmvt09 x1f6kntn xvq8zen xo1l8bm xi81zsa\"><span class=\"xt0psk2\"><a class=\"x1i10hfl xjbqb8w x1ejq31n xd10rxx x1sy0etr x17r0tee x972fbf xcfux6l x1qhh985 xm0m39n x9f619 x1ypdohk xt0psk2 xe8uvvx xdj266r x11i5rnm xat24cr x1mh8g0r xexx8yu x4uap5 x18d9i69 xkhd6sd x16tdsg8 x1hl2dhg xggy1nq x1a2a7pz x1sur9pj xkrqix3 xzsf02u x1s688f\" role=\"link\" href=\"https:\/\/www.facebook.com\/serviciu.normalizacion?__cft__[0]=AZWCbgHS00o6ur3gg4yKAC64MdYRsjb3W4kyt0v43lf0emZMxK8bEeQDQS8aEsPVYuJNJIXbEvQSiUgWkqaR_Um4btLb_k4QLk-lHkLLe14Qd5_LmDU85mA4SF2bZbBNw1woBmdlrgV6_1utboqMlGnof8igkxXXrUsjspPp5Qy_vwXbRPM10QZzZKEi4fXTR6B0aJEGHcbcuy8pUI9u_n-KmTLUZJskTYDUZEH-5Gr2lQ&amp;__tn__=-UC*F\">Serviciu Normalizaci\u00f3n Ll. \u1e36\u1e37ena<\/a><\/span><\/span><\/li>\n<\/ul>\n<div class=\"x78zum5 x1q0g3np\">\n<div class=\"x1iyjqo2 x1emribx xr9ek0c\">\n<div class=\"x78zum5 xdt5ytf xz62fqu x16ldp7u\">\n<div class=\"xu06os2 x1ok221b\">\n<h2 class=\"html-h2 xe8uvvx x11i5rnm xat24cr x1mh8g0r xexx8yu x4uap5 x18d9i69 xkhd6sd x1vvkbs x1heor9g x1qlqyl8 x1pd3egz x1a2a7pz x1gslohp x1yc453h\"><span style=\"font-size: 14px\"><span class=\"xt0psk2\"><a class=\"x1i10hfl xjbqb8w x1ejq31n xd10rxx x1sy0etr x17r0tee x972fbf xcfux6l x1qhh985 xm0m39n x9f619 x1ypdohk xt0psk2 xe8uvvx xdj266r x11i5rnm xat24cr x1mh8g0r xexx8yu x4uap5 x18d9i69 xkhd6sd x16tdsg8 x1hl2dhg xggy1nq x1a2a7pz x1sur9pj xkrqix3 xzsf02u x1s688f\" role=\"link\" href=\"https:\/\/www.facebook.com\/NASAMoon?__cft__[0]=AZVNsE1degnjVydQzyPMlj05_BhPQWNHu2MWwgOIAbgj0NzH0dIcowQhzYsbTdHXliGCmHuC3r3bn6FkqmmNI6WxWizJItDmb4wmPCk1CU-0TBoyQOeovP6FOD0sNHJIpUFF6G1iARzxKPvZcLarP-W3NnBMBf1_sA0aHrFfG4OwizRjAWZX4jY6QiIYXMerRQyfjLpeCqXOW1O5zZ4BaQabOt8PhJKU32SRA6u_d2HrYA&amp;__tn__=-UC-R\"><span class=\"html-span xdj266r x11i5rnm xat24cr x1mh8g0r xexx8yu x4uap5 x18d9i69 xkhd6sd x1hl2dhg x16tdsg8 x1vvkbs\">NASA Moon<\/span><\/a><\/span> \/ <a href=\"https:\/\/www.facebook.com\/photo\/?fbid=846160770810401&amp;set=a.458262749600207\">Imaxe <\/a><\/span><span style=\"font-size: 16px\">En conmemoraci\u00f3n del primer alunizaje, la ONU design\u00f3&#8217;l 20 de xunetu como&#8217;l D\u00eda Internacional de la Lluna. Aprovechando esta fecha, pueden conocese dellos datos fascinantes sobro esti sat\u00e9lite. <\/span><a style=\"font-size: 16px\" href=\"https:\/\/www.facebook.com\/NASAMoon\/videos\/714227057485567\">Videu<\/a><\/h2>\n<\/div>\n<\/div>\n<\/div>\n<\/div>\n<\/div>\n<\/div>\n<div style=\"text-align: center\"><\/div>\n<div style=\"text-align: center\"><a href=\"https:\/\/amnoticias.com.mx\/images\/DnternacionaldelLuna.png\"><img loading=\"lazy\" decoding=\"async\" class=\"aligncenter size-full\" src=\"https:\/\/amnoticias.com.mx\/images\/DnternacionaldelLuna.png\" width=\"640\" height=\"666\" \/><\/a><\/div>\n<div>\n<div class=\"xu06os2 x1ok221b\">\n<div><!--more--><\/div>\n<\/div>\n<div>\n<!-- iframe plugin v.6.0 wordpress.org\/plugins\/iframe\/ -->\n<iframe loading=\"lazy\" src=\"https:\/\/www.facebook.com\/plugins\/post.php?href=https%3A%2F%2Fwww.facebook.com%2Fserviciu.normalizacion%2Fposts%2Fpfbid02wCF13Ns1iq9rLjXT9j7xF6XvANix2zMSuPcN1LUASBCyaPT9zBY4TkC6LdZM6zEhl&#038;show_text=false&#038;width=500\" width=\"500\" height=\"1498\" style=\"border:none;overflow:hidden\" scrolling=\"no\" frameborder=\"0\" allowfullscreen=\"true\" allow=\"autoplay; clipboard-write; encrypted-media; picture-in-picture; web-share\" 0=\"\/iframe\" class=\"iframe-class\"><\/iframe>\n<\/div>\n<div><\/div>\n<div style=\"text-align: center\">\n<!-- iframe plugin v.6.0 wordpress.org\/plugins\/iframe\/ -->\n<iframe loading=\"lazy\" src=\"https:\/\/www.facebook.com\/plugins\/video.php?height=314&#038;href=https%3A%2F%2Fwww.facebook.com%2FNASAMoon%2Fvideos%2F714227057485567%2F&#038;show_text=false&#038;width=560&#038;t=0\" width=\"560\" height=\"314\" style=\"border:none;overflow:hidden\" scrolling=\"no\" frameborder=\"0\" allowfullscreen=\"true\" allow=\"autoplay; clipboard-write; encrypted-media; picture-in-picture; web-share\" 0=\"\/iframe\" class=\"iframe-class\"><\/iframe>\n<\/div>\n<\/div>\n<p>C\u00famplinse 55 a\u00f1os desque&#8217;l ser humanu lleg\u00f3 a la lluna: cient\u00edficos afayen qu&#8217;esisten cueves soterra\u00f1es inmenses. <a href=\"https:\/\/www.facebook.com\/InformativosTelecinco\/videos\/501006902422921\">Videu<\/a> \/<\/p>\n<p>&nbsp;<\/p>\n","protected":false},"excerpt":{"rendered":"<p>Serviciu Normalizaci\u00f3n Ll. \u1e36\u1e37ena NASA Moon \/ Imaxe En conmemoraci\u00f3n del primer alunizaje, la ONU design\u00f3&#8217;l 20 de xunetu como&#8217;l D\u00eda Internacional de la Lluna. Aprovechando esta fecha, pueden conocese dellos datos fascinantes sobro esti sat\u00e9lite. Videu<\/p>\n","protected":false},"author":117,"featured_media":0,"comment_status":"open","ping_status":"open","sticky":false,"template":"","format":"standard","meta":{"footnotes":""},"categories":[6],"tags":[],"class_list":["post-28248","post","type-post","status-publish","format-standard","hentry","category-dia-de"],"_links":{"self":[{"href":"https:\/\/edublog.educastur.es\/ixuxu\/wp-json\/wp\/v2\/posts\/28248","targetHints":{"allow":["GET"]}}],"collection":[{"href":"https:\/\/edublog.educastur.es\/ixuxu\/wp-json\/wp\/v2\/posts"}],"about":[{"href":"https:\/\/edublog.educastur.es\/ixuxu\/wp-json\/wp\/v2\/types\/post"}],"author":[{"embeddable":true,"href":"https:\/\/edublog.educastur.es\/ixuxu\/wp-json\/wp\/v2\/users\/117"}],"replies":[{"embeddable":true,"href":"https:\/\/edublog.educastur.es\/ixuxu\/wp-json\/wp\/v2\/comments?post=28248"}],"version-history":[{"count":10,"href":"https:\/\/edublog.educastur.es\/ixuxu\/wp-json\/wp\/v2\/posts\/28248\/revisions"}],"predecessor-version":[{"id":28306,"href":"https:\/\/edublog.educastur.es\/ixuxu\/wp-json\/wp\/v2\/posts\/28248\/revisions\/28306"}],"wp:attachment":[{"href":"https:\/\/edublog.educastur.es\/ixuxu\/wp-json\/wp\/v2\/media?parent=28248"}],"wp:term":[{"taxonomy":"category","embeddable":true,"href":"https:\/\/edublog.educastur.es\/ixuxu\/wp-json\/wp\/v2\/categories?post=28248"},{"taxonomy":"post_tag","embeddable":true,"href":"https:\/\/edublog.educastur.es\/ixuxu\/wp-json\/wp\/v2\/tags?post=28248"}],"curies":[{"name":"wp","href":"https:\/\/api.w.org\/{rel}","templated":true}]}}