{"id":28276,"date":"2024-07-22T18:00:29","date_gmt":"2024-07-22T16:00:29","guid":{"rendered":"https:\/\/edublog.educastur.es\/ixuxu\/?p=28276"},"modified":"2024-07-22T16:48:33","modified_gmt":"2024-07-22T14:48:33","slug":"28276","status":"publish","type":"post","link":"https:\/\/edublog.educastur.es\/ixuxu\/2024\/07\/28276\/","title":{"rendered":""},"content":{"rendered":"<div class=\"xdj266r x11i5rnm xat24cr x1mh8g0r x1vvkbs x126k92a\">\n<div dir=\"auto\" style=\"text-align: center\"><span style=\"font-size: 24px;color: #800080\"><strong><em>\u00abLa to xera ye llevar<\/em><\/strong><\/span><\/div>\n<div dir=\"auto\" style=\"text-align: center\"><span style=\"font-size: 24px;color: #800080\"><strong><em>la vida n&#8217;alto, xugar<\/em><\/strong><\/span><\/div>\n<div dir=\"auto\" style=\"text-align: center\"><span style=\"font-size: 24px;color: #800080\"><strong><em>con ella, llanzala<\/em><\/strong><\/span><\/div>\n<div dir=\"auto\" style=\"text-align: center\"><span style=\"font-size: 24px;color: #800080\"><strong><em>como una voz a les nubes,<\/em><\/strong><\/span><\/div>\n<div dir=\"auto\" style=\"text-align: center\"><span style=\"font-size: 24px;color: #800080\"><strong><em>a que recueya les lluces<\/em><\/strong><\/span><\/div>\n<div dir=\"auto\" style=\"text-align: center\"><span style=\"font-size: 24px;color: #800080\"><strong><em>que nos colaron y\u00e1.<\/em><\/strong><\/span><\/div>\n<div dir=\"auto\" style=\"text-align: center\"><span style=\"font-size: 24px;color: #800080\"><strong><em>Ese ye la to sin\u00f3n: vivite.<\/em><\/strong><\/span><\/div>\n<div dir=\"auto\" style=\"text-align: center\"><span style=\"font-size: 24px;color: #800080\"><strong><em>Nun faigas nada.<\/em><\/strong><\/span><\/div>\n<div dir=\"auto\" style=\"text-align: center\"><span style=\"font-size: 24px;color: #800080\"><strong><em>La to obra yes tu, nam\u00e1s\u00bb.<\/em><\/strong><\/span><\/div>\n<\/div>\n<div class=\"x11i5rnm xat24cr x1mh8g0r x1vvkbs xtlvy1s x126k92a\">\n<div dir=\"auto\" style=\"text-align: center\">Pedro Salinas<\/div>\n<\/div>\n","protected":false},"excerpt":{"rendered":"<p>\u00abLa to xera ye llevar la vida n&#8217;alto, xugar con ella, llanzala como una voz a les nubes, a que recueya les lluces que nos colaron y\u00e1. Ese ye la to sin\u00f3n: vivite. Nun faigas nada. La to obra yes tu, nam\u00e1s\u00bb. Pedro Salinas<\/p>\n","protected":false},"author":117,"featured_media":0,"comment_status":"open","ping_status":"open","sticky":false,"template":"","format":"quote","meta":{"footnotes":""},"categories":[1],"tags":[],"class_list":["post-28276","post","type-post","status-publish","format-quote","hentry","category-sin-categoria","post_format-post-format-quote"],"_links":{"self":[{"href":"https:\/\/edublog.educastur.es\/ixuxu\/wp-json\/wp\/v2\/posts\/28276","targetHints":{"allow":["GET"]}}],"collection":[{"href":"https:\/\/edublog.educastur.es\/ixuxu\/wp-json\/wp\/v2\/posts"}],"about":[{"href":"https:\/\/edublog.educastur.es\/ixuxu\/wp-json\/wp\/v2\/types\/post"}],"author":[{"embeddable":true,"href":"https:\/\/edublog.educastur.es\/ixuxu\/wp-json\/wp\/v2\/users\/117"}],"replies":[{"embeddable":true,"href":"https:\/\/edublog.educastur.es\/ixuxu\/wp-json\/wp\/v2\/comments?post=28276"}],"version-history":[{"count":1,"href":"https:\/\/edublog.educastur.es\/ixuxu\/wp-json\/wp\/v2\/posts\/28276\/revisions"}],"predecessor-version":[{"id":28277,"href":"https:\/\/edublog.educastur.es\/ixuxu\/wp-json\/wp\/v2\/posts\/28276\/revisions\/28277"}],"wp:attachment":[{"href":"https:\/\/edublog.educastur.es\/ixuxu\/wp-json\/wp\/v2\/media?parent=28276"}],"wp:term":[{"taxonomy":"category","embeddable":true,"href":"https:\/\/edublog.educastur.es\/ixuxu\/wp-json\/wp\/v2\/categories?post=28276"},{"taxonomy":"post_tag","embeddable":true,"href":"https:\/\/edublog.educastur.es\/ixuxu\/wp-json\/wp\/v2\/tags?post=28276"}],"curies":[{"name":"wp","href":"https:\/\/api.w.org\/{rel}","templated":true}]}}