{"id":28285,"date":"2024-07-21T14:23:16","date_gmt":"2024-07-21T12:23:16","guid":{"rendered":"https:\/\/edublog.educastur.es\/ixuxu\/?p=28285"},"modified":"2024-07-24T21:25:49","modified_gmt":"2024-07-24T19:25:49","slug":"la-banda-sonora-de-tasio","status":"publish","type":"post","link":"https:\/\/edublog.educastur.es\/ixuxu\/2024\/07\/la-banda-sonora-de-tasio\/","title":{"rendered":"La Banda Sonora de Tasio"},"content":{"rendered":"<div class=\"qode-post-info-after-title\">\n<ul>\n<li class=\"qode-post-info-comments-holder\">Fonte: <a href=\"https:\/\/musicasturiana.com\/la-banda-sonora-tasio\/?fbclid=IwZXh0bgNhZW0CMTEAAR0DKlWw0MLIeEzSOYlO__CDUCzk2XlvaR5E3U46frdYCsek51FqDOd7dh0_aem_95qxQb6Wc4LNaswLqUtMUg\">M\u00fasicAsturiana.com<\/a>\u00a0 \/<\/li>\n<\/ul>\n<\/div>\n<p><span class=\"x193iq5w xeuugli x13faqbe x1vvkbs x1xmvt09 x1lliihq x1s928wv xhkezso x1gmr53x x1cpjm7i x1fgarty x1943h6x xudqn12 x3x7a5m x1f6kntn xvq8zen xo1l8bm xzsf02u x1yc453h\" dir=\"auto\">L&#8217;artista Tasio (<span class=\"html-span xdj266r x11i5rnm xat24cr x1mh8g0r xexx8yu x4uap5 x18d9i69 xkhd6sd x1hl2dhg x16tdsg8 x1vvkbs\"><a class=\"x1i10hfl xjbqb8w x1ejq31n xd10rxx x1sy0etr x17r0tee x972fbf xcfux6l x1qhh985 xm0m39n x9f619 x1ypdohk xt0psk2 xe8uvvx xdj266r x11i5rnm xat24cr x1mh8g0r xexx8yu x4uap5 x18d9i69 xkhd6sd x16tdsg8 x1hl2dhg xggy1nq x1a2a7pz x1sur9pj xkrqix3 x1fey0fg xo1l8bm\" role=\"link\" href=\"https:\/\/www.facebook.com\/profile.php?id=100042947512595&amp;__cft__[0]=AZVMdPCJdHcZK9ffZZZ6hKZLGwRivErR2AHK-qq9QlNdBsXBSg2oTvfKWWPyZNbRn0qBLZeHB2UfPMkZ2yn9TDc9l-_QyBTO9zm5xamX0IYWZn6O_ptfDxUsIjUGDcOZZVJp-z0fk42X5GqQUSOj5U44iKuMmwd__ozPcrEW6LcOzO7a9pl7zWBHMyBrCsjpDRoXbfF3ty0WURh7DffPQjsNgp-wDK7fp26pgoWOoeZoww&amp;__tn__=-]K-y-R\"><span class=\"xt0psk2\">El Velcro<\/span><\/a><\/span>) escueye los 20 cantares que m\u00e1s-y presten y fala de \u00abdroga mala\u00bb musical, del so venceyu col asturianu y de muncho m\u00e1s.<\/span><\/p>\n<p><strong>Dudu Garc\u00eda <\/strong>(Xix\u00f3n, 1983) ye l\u2019alter ego del proyectu d\u2019asturianada y electr\u00f3nica <strong>Tasio <\/strong>y tami\u00e9n componente d\u2019El <strong>Velcro<\/strong>, d\u00fau spoken word que forma xunto al escritor Pablo X. Su\u00e1rez.<\/p>\n<p style=\"text-align: center\">\n<!-- iframe plugin v.6.0 wordpress.org\/plugins\/iframe\/ -->\n<iframe style=\"border-radius:12px\" src=\"https:\/\/open.spotify.com\/embed\/playlist\/2VNedk7ln1SWYbQRuMIGmu?utm_source=generator\" width=\"100%\" height=\"352\" frameborder=\"0\" allowfullscreen allow=\"autoplay; clipboard-write; encrypted-media; fullscreen; picture-in-picture\" loading=\"lazy\" 0=\"\/iframe\" scrolling=\"yes\" class=\"iframe-class\"><\/iframe>\n<\/p>\n<p><!--more--><\/p>\n<p><span class=\"x193iq5w xeuugli x13faqbe x1vvkbs x1xmvt09 x1lliihq x1s928wv xhkezso x1gmr53x x1cpjm7i x1fgarty x1943h6x xudqn12 x3x7a5m x1f6kntn xvq8zen xo1l8bm xzsf02u x1yc453h\" dir=\"auto\"><span class=\"html-span xexx8yu x4uap5 x18d9i69 xkhd6sd x1hl2dhg x16tdsg8 x1vvkbs x3nfvp2 x1j61x8r x1fcty0u xdj266r xat24cr xgzva0m xhhsvwb xxymvpz xlup9mm x1kky2od\"><img loading=\"lazy\" decoding=\"async\" class=\"xz74otr\" src=\"https:\/\/static.xx.fbcdn.net\/images\/emoji.php\/v9\/td6\/1\/16\/1f4f0.png\" alt=\"?\" width=\"16\" height=\"16\" \/><\/span> Entrevista en<span class=\"html-span xdj266r x11i5rnm xat24cr x1mh8g0r xexx8yu x4uap5 x18d9i69 xkhd6sd x1hl2dhg x16tdsg8 x1vvkbs\"><a class=\"x1i10hfl xjbqb8w x1ejq31n xd10rxx x1sy0etr x17r0tee x972fbf xcfux6l x1qhh985 xm0m39n x9f619 x1ypdohk xt0psk2 xe8uvvx xdj266r x11i5rnm xat24cr x1mh8g0r xexx8yu x4uap5 x18d9i69 xkhd6sd x16tdsg8 x1hl2dhg xggy1nq x1a2a7pz x1sur9pj xkrqix3 x1fey0fg\" role=\"link\" href=\"http:\/\/musicasturiana.com\/?fbclid=IwZXh0bgNhZW0CMTAAAR0rtS90mbceOBCuy9_XCl7yDnV65RK01VHgAF7METwonT2GulFqeV3GGXU_aem_yfVjcQ24YtEXSaVjXLcnGg\" target=\"_blank\" rel=\"nofollow noopener noreferrer\"> musicasturiana.co<\/a><\/span>m <span class=\"html-span xexx8yu x4uap5 x18d9i69 xkhd6sd x1hl2dhg x16tdsg8 x1vvkbs x3nfvp2 x1j61x8r x1fcty0u xdj266r xat24cr xgzva0m xhhsvwb xxymvpz xlup9mm x1kky2od\"><img loading=\"lazy\" decoding=\"async\" class=\"xz74otr\" src=\"https:\/\/static.xx.fbcdn.net\/images\/emoji.php\/v9\/t1\/1\/16\/1f3a7.png\" alt=\"?\" width=\"16\" height=\"16\" \/><\/span> Playlist en Spotify<\/span><\/p>\n<p>Con \u00e9l siguimos cola estaya \u201c<strong>La Banda Sonora De\u2026<\/strong>\u201c, una serie d\u2019entrevistes de personalid\u00e1 acompa\u00f1aes d\u2019una <strong><em>playlist<\/em> <\/strong>de Spotify na que cada persona entrevistada escueye los <strong>20 cantares<\/strong> <strong>que m\u00e1s-y presten<\/strong>.<\/p>\n<p>Lleva vencey\u00e1u a la m\u00fasica de raiga\u00f1u tradicional dende hai una montonera a\u00f1os y tien tocao en formaciones como <strong>Merl\u00edn, Pelgares, Cuchu o Zapica<\/strong>. Am\u00e1s ye DJ baxo\u2019l pseod\u00f3nimu de <strong>Kind Oriciu.<\/strong><\/p>\n","protected":false},"excerpt":{"rendered":"<p>Fonte: M\u00fasicAsturiana.com\u00a0 \/ L&#8217;artista Tasio (El Velcro) escueye los 20 cantares que m\u00e1s-y presten y fala de \u00abdroga mala\u00bb musical, del so venceyu col asturianu y de muncho m\u00e1s. Dudu Garc\u00eda (Xix\u00f3n, 1983) ye l\u2019alter ego del proyectu d\u2019asturianada y electr\u00f3nica Tasio y tami\u00e9n componente d\u2019El Velcro, d\u00fau spoken word que forma xunto al escritor [&hellip;]<\/p>\n","protected":false},"author":117,"featured_media":0,"comment_status":"open","ping_status":"open","sticky":false,"template":"","format":"standard","meta":{"footnotes":""},"categories":[1],"tags":[],"class_list":["post-28285","post","type-post","status-publish","format-standard","hentry","category-sin-categoria"],"_links":{"self":[{"href":"https:\/\/edublog.educastur.es\/ixuxu\/wp-json\/wp\/v2\/posts\/28285","targetHints":{"allow":["GET"]}}],"collection":[{"href":"https:\/\/edublog.educastur.es\/ixuxu\/wp-json\/wp\/v2\/posts"}],"about":[{"href":"https:\/\/edublog.educastur.es\/ixuxu\/wp-json\/wp\/v2\/types\/post"}],"author":[{"embeddable":true,"href":"https:\/\/edublog.educastur.es\/ixuxu\/wp-json\/wp\/v2\/users\/117"}],"replies":[{"embeddable":true,"href":"https:\/\/edublog.educastur.es\/ixuxu\/wp-json\/wp\/v2\/comments?post=28285"}],"version-history":[{"count":4,"href":"https:\/\/edublog.educastur.es\/ixuxu\/wp-json\/wp\/v2\/posts\/28285\/revisions"}],"predecessor-version":[{"id":28477,"href":"https:\/\/edublog.educastur.es\/ixuxu\/wp-json\/wp\/v2\/posts\/28285\/revisions\/28477"}],"wp:attachment":[{"href":"https:\/\/edublog.educastur.es\/ixuxu\/wp-json\/wp\/v2\/media?parent=28285"}],"wp:term":[{"taxonomy":"category","embeddable":true,"href":"https:\/\/edublog.educastur.es\/ixuxu\/wp-json\/wp\/v2\/categories?post=28285"},{"taxonomy":"post_tag","embeddable":true,"href":"https:\/\/edublog.educastur.es\/ixuxu\/wp-json\/wp\/v2\/tags?post=28285"}],"curies":[{"name":"wp","href":"https:\/\/api.w.org\/{rel}","templated":true}]}}