{"id":28289,"date":"2024-07-21T10:00:05","date_gmt":"2024-07-21T08:00:05","guid":{"rendered":"https:\/\/edublog.educastur.es\/ixuxu\/?p=28289"},"modified":"2024-07-21T19:43:54","modified_gmt":"2024-07-21T17:43:54","slug":"el-gobiernu-dasturies-va-averar-lalta-velocida-al-92-de-la-poblacion","status":"publish","type":"post","link":"https:\/\/edublog.educastur.es\/ixuxu\/2024\/07\/el-gobiernu-dasturies-va-averar-lalta-velocida-al-92-de-la-poblacion\/","title":{"rendered":"El Gobiernu d&#8217;Asturies va averar l&#8217;alta velocid\u00e1 al 92% de la poblaci\u00f3n"},"content":{"rendered":"<div class=\"html-div xe8uvvx xdj266r x11i5rnm xat24cr x1mh8g0r xexx8yu x1a8lsjc x1swvt13 x1pi30zi\">\n<div class=\"html-div xe8uvvx xdj266r x11i5rnm xat24cr x1mh8g0r xexx8yu x4uap5 x18d9i69 xkhd6sd x1jx94hy x78zum5 x1q0g3np\">\n<div class=\"x78zum5 xdt5ytf xz62fqu x16ldp7u\">\n<div class=\"xu06os2 x1ok221b\">\n<ul>\n<li class=\"html-h3 xe8uvvx x11i5rnm xat24cr x1mh8g0r xexx8yu x4uap5 x18d9i69 xkhd6sd x1vvkbs x1heor9g x1qlqyl8 x1pd3egz x1a2a7pz x1gslohp x1yc453h\"><span class=\"xt0psk2\"><a class=\"x1i10hfl xjbqb8w x1ejq31n xd10rxx x1sy0etr x17r0tee x972fbf xcfux6l x1qhh985 xm0m39n x9f619 x1ypdohk xt0psk2 xe8uvvx xdj266r x11i5rnm xat24cr x1mh8g0r xexx8yu x4uap5 x18d9i69 xkhd6sd x16tdsg8 x1hl2dhg xggy1nq x1a2a7pz x1sur9pj xkrqix3 xzsf02u x1s688f\" role=\"link\" href=\"https:\/\/www.facebook.com\/gobiernodeasturias?__cft__[0]=AZV6LDxdAE1IcHTBQxt3yMDcEbal2dXwmnQXMGiXhBXVjedJQtKGlrSgifh_g0x6Plxc9ZfllIfZTfii4_2qSM-fktRHFC3ldgRRjadubnqsRdDTzJ_b7uB9HxH1dcpb97FCOLmkTGH_7IsHyRk-MjL8RnWbAfRkLl7WjkG9tQMpukB4-SGit46V1wtJVt3wyofYfqugto1awMOZgNsNz2JwktdO7Pc8Qod-Qj053Xl0Dg&amp;__tn__=-UC%2CP-y-R\"><strong class=\"html-strong xdj266r x11i5rnm xat24cr x1mh8g0r xexx8yu x4uap5 x18d9i69 xkhd6sd x1hl2dhg x16tdsg8 x1vvkbs x1s688f\"><span class=\"html-span xdj266r x11i5rnm xat24cr x1mh8g0r xexx8yu x4uap5 x18d9i69 xkhd6sd x1hl2dhg x16tdsg8 x1vvkbs\">Principado de Asturias<\/span><\/strong><\/a><\/span><span class=\"html-span xdj266r x11i5rnm xat24cr x1mh8g0r xexx8yu x4uap5 x18d9i69 xkhd6sd x1hl2dhg x16tdsg8 x1vvkbs x1dor1uw x1n2onr6\">\u00a0<\/span><\/li>\n<\/ul>\n<p style=\"text-align: center\"><a href=\"https:\/\/actualidad.asturias.es\/documents\/537115\/1994455\/LANZADERAS+AVE+fase+II-03..jpg\/077212de-3433-eb0b-a1b4-7abeb86292f7?t=1721376496908\"><img loading=\"lazy\" decoding=\"async\" class=\"aligncenter size-full\" src=\"https:\/\/actualidad.asturias.es\/documents\/537115\/1994455\/LANZADERAS+AVE+fase+II-03..jpg\/077212de-3433-eb0b-a1b4-7abeb86292f7?t=1721376496908\" width=\"4000\" height=\"2250\" \/><\/a><\/p>\n<\/div>\n<div class=\"xu06os2 x1ok221b\">\n<div class=\"html-div xe8uvvx xdj266r x11i5rnm xat24cr x1mh8g0r xexx8yu x4uap5 x18d9i69 xkhd6sd x1q0g3np\">\n<p>El Gobiernu d&#8217;Asturies va averar l&#8217;alta velocid\u00e1 al 92% de la poblaci\u00f3n, gracies al dispositivu de danzaderes de tresporte p\u00fablicu coordin\u00e1u dende&#8217;l Consorciu de Tresportes d&#8217;Asturies (CTA) que va empezar a funcionar el pr\u00f3ximu llunes, d\u00eda 22.<\/p>\n<p><!--more--><\/p>\n<p>D&#8217;esta miente, el serviciu Danzadera Alta Velocid\u00e1 va facilitar la conex\u00f3n directa de 31 conceyos colos dos primeros trenes de la ma\u00f1ana.<\/p>\n<p>Un total de dolce rutes, dende les nales y dientro de la \u00e1rea metropolitana, van facer posible la llegada de viaxeros a les estaciones d&#8217;Uvi\u00e9u o Mieres del Cam\u00edn para coyer los dos primeros trenes de la ma\u00f1ana, que van salir dende la capital a les 06:31 y 09:30 hores. Tami\u00e9n se va poner en marcha un serviciu para conectar el noroccidente col Alvia que va partir dende Avil\u00e9s a les 17:14 hores.<\/p>\n<p>Al marxe de les nueves rutes Danzadera Alta Velocid\u00e1, los actuales servicios del CTA, que van siguir funcionando, faciliten y\u00e1 l&#8217;enllaz colos trenes AVE, Alvia o AVLO mientres tol d\u00eda.<\/p>\n<p>El nuevu dispositivu va empezar a funcionar el pr\u00f3ximu llunes, coincidiendo col estrenu de la nueva parrilla de servicios de Renfe. L&#8217;Executivu refuerza asina&#8217;l so apueste pola movilid\u00e1 sostenible gracies al usu del tresporte p\u00fablicu, de la que fomenta la multimodalid\u00e1 para flexibilizar los desplazamientos. Tolos servicios van tar incluy\u00edos dientro de les ventayes de la plataforma CONECTA y t\u00e1n abiertes a tolos usuarios, non solo a los pasaxeros de l&#8217;alta velocid\u00e1, ufiertando la posibilid\u00e1 de llegar a Uvi\u00e9u m\u00e1s tempranu.<\/p>\n<p>AVE madrugador.\u00a0El serviciu Danzadera Alta Velocid\u00e1 va ufiertar seis rutes para aportar a l&#8217;AVE madrugador, que sale a les 06:31 d&#8217;Uvi\u00e9u.<\/p>\n<\/div>\n<\/div>\n<\/div>\n<\/div>\n<\/div>\n<p>&nbsp;<\/p>\n<div class=\"html-div xe8uvvx xdj266r x11i5rnm xat24cr x1mh8g0r xexx8yu x4uap5 x18d9i69 xkhd6sd\" dir=\"auto\">\n<div class=\"html-div xe8uvvx xdj266r x11i5rnm xat24cr x1mh8g0r xexx8yu x4uap5 x18d9i69 xkhd6sd\" dir=\"auto\">\n<div class=\"x1iorvi4 x1pi30zi x1l90r2v x1swvt13\" data-ad-comet-preview=\"message\" data-ad-preview=\"message\">\n<div class=\"x78zum5 xdt5ytf xz62fqu x16ldp7u\">\n<div class=\"xu06os2 x1ok221b\">\n<div class=\"xdj266r x11i5rnm xat24cr x1mh8g0r x1vvkbs x126k92a\"><\/div>\n<div class=\"x11i5rnm xat24cr x1mh8g0r x1vvkbs xtlvy1s x126k92a\">\n<ul>\n<li dir=\"auto\"><span class=\"html-span xexx8yu x4uap5 x18d9i69 xkhd6sd x1hl2dhg x16tdsg8 x1vvkbs x3nfvp2 x1j61x8r x1fcty0u xdj266r xat24cr xgzva0m xhhsvwb xxymvpz xlup9mm x1kky2od\"><img loading=\"lazy\" decoding=\"async\" class=\"xz74otr\" src=\"https:\/\/static.xx.fbcdn.net\/images\/emoji.php\/v9\/tca\/1\/16\/2795.png\" alt=\"\u2795\" width=\"16\" height=\"16\" \/><\/span><span class=\"html-span xexx8yu x4uap5 x18d9i69 xkhd6sd x1hl2dhg x16tdsg8 x1vvkbs x3nfvp2 x1j61x8r x1fcty0u xdj266r xat24cr xgzva0m xhhsvwb xxymvpz xlup9mm x1kky2od\"><img loading=\"lazy\" decoding=\"async\" class=\"xz74otr\" src=\"https:\/\/static.xx.fbcdn.net\/images\/emoji.php\/v9\/t8e\/1\/16\/2139.png\" alt=\"\u2139\ufe0f\" width=\"16\" height=\"16\" \/><\/span> <span class=\"html-span xdj266r x11i5rnm xat24cr x1mh8g0r xexx8yu x4uap5 x18d9i69 xkhd6sd x1hl2dhg x16tdsg8 x1vvkbs\"><a class=\"x1i10hfl xjbqb8w x1ejq31n xd10rxx x1sy0etr x17r0tee x972fbf xcfux6l x1qhh985 xm0m39n x9f619 x1ypdohk xt0psk2 xe8uvvx xdj266r x11i5rnm xat24cr x1mh8g0r xexx8yu x4uap5 x18d9i69 xkhd6sd x16tdsg8 x1hl2dhg xggy1nq x1a2a7pz x1sur9pj xkrqix3 x1fey0fg\" role=\"link\" href=\"https:\/\/l.facebook.com\/l.php?u=https%3A%2F%2Facortar.link%2FJzyeee%3Ffbclid%3DIwZXh0bgNhZW0CMTAAAR2Yl8RTT9TD1Kxy83FU9_BkqCHF9FglZMXBn48DAh8BkO1hLBE7RkqVPFA_aem_6QjeNePV0T374N4XvRH55A&amp;h=AT1isEapGU89ZXfMvOj-yshgucMv1LdxroQSgOoDzScSFIp3INPoXqaLjSsGe9vmq0FM9RNB6ys_OVL6mwThJEYE_V8lSRUfIai6sbYYTdkPLKN2QzbT8SF3hXLJJNtfifep2hJqZ5ihLizATA&amp;__tn__=-UK-y-R&amp;c[0]=AT1HBFMlAL78A54HDD2xkQf4DVk_cpVG0twAW619yjbgsRi5CWX_V8IAx_tvXLc5coX7kljkOi9SXbb3Brd2PcVXPnZD8TdoMekMXKblcBsY7FPAV97QsxJ1lqIzZKzuK5E9sShRr8NNRRzIqnSx9rx5zx4GlR3vnc88Np1QwadVHYx4Eji-O4u7qYDTnjfa_pd3UmNowd9LDDvyZvfeEVpuE5YpnB5omG87L2ZZ9fmQmKVbvtJfxJ9I8iN4Gwk\" target=\"_blank\" rel=\"nofollow noopener noreferrer\">https:\/\/acortar.link\/Jzyeee<\/a><\/span><\/li>\n<\/ul>\n<\/div>\n<\/div>\n<\/div>\n<\/div>\n<\/div>\n<\/div>\n","protected":false},"excerpt":{"rendered":"<p>Principado de Asturias\u00a0 El Gobiernu d&#8217;Asturies va averar l&#8217;alta velocid\u00e1 al 92% de la poblaci\u00f3n, gracies al dispositivu de danzaderes de tresporte p\u00fablicu coordin\u00e1u dende&#8217;l Consorciu de Tresportes d&#8217;Asturies (CTA) que va empezar a funcionar el pr\u00f3ximu llunes, d\u00eda 22.<\/p>\n","protected":false},"author":117,"featured_media":0,"comment_status":"open","ping_status":"open","sticky":false,"template":"","format":"standard","meta":{"footnotes":""},"categories":[232],"tags":[],"class_list":["post-28289","post","type-post","status-publish","format-standard","hentry","category-tresportes"],"_links":{"self":[{"href":"https:\/\/edublog.educastur.es\/ixuxu\/wp-json\/wp\/v2\/posts\/28289","targetHints":{"allow":["GET"]}}],"collection":[{"href":"https:\/\/edublog.educastur.es\/ixuxu\/wp-json\/wp\/v2\/posts"}],"about":[{"href":"https:\/\/edublog.educastur.es\/ixuxu\/wp-json\/wp\/v2\/types\/post"}],"author":[{"embeddable":true,"href":"https:\/\/edublog.educastur.es\/ixuxu\/wp-json\/wp\/v2\/users\/117"}],"replies":[{"embeddable":true,"href":"https:\/\/edublog.educastur.es\/ixuxu\/wp-json\/wp\/v2\/comments?post=28289"}],"version-history":[{"count":1,"href":"https:\/\/edublog.educastur.es\/ixuxu\/wp-json\/wp\/v2\/posts\/28289\/revisions"}],"predecessor-version":[{"id":28290,"href":"https:\/\/edublog.educastur.es\/ixuxu\/wp-json\/wp\/v2\/posts\/28289\/revisions\/28290"}],"wp:attachment":[{"href":"https:\/\/edublog.educastur.es\/ixuxu\/wp-json\/wp\/v2\/media?parent=28289"}],"wp:term":[{"taxonomy":"category","embeddable":true,"href":"https:\/\/edublog.educastur.es\/ixuxu\/wp-json\/wp\/v2\/categories?post=28289"},{"taxonomy":"post_tag","embeddable":true,"href":"https:\/\/edublog.educastur.es\/ixuxu\/wp-json\/wp\/v2\/tags?post=28289"}],"curies":[{"name":"wp","href":"https:\/\/api.w.org\/{rel}","templated":true}]}}