{"id":28298,"date":"2024-07-21T14:52:59","date_gmt":"2024-07-21T12:52:59","guid":{"rendered":"https:\/\/edublog.educastur.es\/ixuxu\/?p=28298"},"modified":"2024-07-21T19:58:00","modified_gmt":"2024-07-21T17:58:00","slug":"platon-el-mitu-de-la-caverna-covaron","status":"publish","type":"post","link":"https:\/\/edublog.educastur.es\/ixuxu\/2024\/07\/platon-el-mitu-de-la-caverna-covaron\/","title":{"rendered":"Plat\u00f3n: \u00abEl mitu de la caverna\/covar\u00f3n\u00bb"},"content":{"rendered":"<p>El mitu del covar\u00f3n, tami\u00e9n conoc\u00edu como l&#8217;alegor\u00eda del covar\u00f3n, ye una met\u00e1fora escurrida pol fil\u00f3sofu griegu Plat\u00f3n para esplicar la situaci\u00f3n del ser humanu \u00e9nte la conocencia. <a href=\"https:\/\/www.facebook.com\/photo\/?fbid=453606864252176&amp;set=a.104486335830899&amp;locale=es_ES\">Imaxe<\/a><\/p>\n<p style=\"text-align: center\">\n<!-- iframe plugin v.6.0 wordpress.org\/plugins\/iframe\/ -->\n<iframe loading=\"lazy\" src=\"https:\/\/www.facebook.com\/plugins\/post.php?href=https%3A%2F%2Fwww.facebook.com%2Fpermalink.php%3Fstory_fbid%3Dpfbid02A49bwHt5bfFRhtFTn7YZH7KK6QTVcsbV2KrSTsUR9RNtd2Kd1fEeGzSo9kbiqBndl%26id%3D100088085977718&#038;show_text=false&#038;width=500\" width=\"500\" height=\"498\" style=\"border:none;overflow:hidden\" scrolling=\"no\" frameborder=\"0\" allowfullscreen=\"true\" allow=\"autoplay; clipboard-write; encrypted-media; picture-in-picture; web-share\" 0=\"\/iframe\" class=\"iframe-class\"><\/iframe>\n<\/p>\n<p>&nbsp;<\/p>\n<p><!--more--><br \/>\nNel mitu, dellos homes t\u00e1n prisioneros nun covar\u00f3n, ataos de manera que solo pueden ver el fondu de la cueva. Detr\u00e1s d&#8217;ellos, hai xuna foguera y un pasiellu pol que circulen homes con diversos oxetos. Les solombres d&#8217;estos oxetos prox\u00e9ctense no fondero del covar\u00f3n, y los prisioneros confunden estes solombres cola realid\u00e1.<\/p>\n<p>La hestoria toma un xiru cuando unu de los prisioneros ye lliber\u00e1u. Al salir del covar\u00f3n, afaya&#8217;l verdaderu mundu fora de la so prisi\u00f3n, llenu de llagos, \u00e1rboles y animales, representando&#8217;l mundu de les idees de Plat\u00f3n. Equ\u00ed, les idees esencial y puru, como la guapura, la xusticia y, sobremanera, el Bien\u00bb (represent\u00e1u pol sol), son revelaes.<\/p>\n<p style=\"text-align: center\"><a href=\"https:\/\/pymstatic.com\/4880\/conversions\/mito-caverna-platon-wide.jpg\"><img loading=\"lazy\" decoding=\"async\" class=\"aligncenter size-full\" src=\"https:\/\/pymstatic.com\/4880\/conversions\/mito-caverna-platon-wide.jpg\" width=\"1200\" height=\"675\" \/><\/a><\/p>\n<p>Feliz col so descubrimientu, el prisioneru lliber\u00e1u torna al covar\u00f3n pa cunta-yos a los sos compa\u00f1eros sobro la verdadera realid\u00e1 fora de la cueva. Sicas\u00ed, los prisioneros ri\u00e9ronse d&#8217;\u00e9l y creyeron que la lluz ceg\u00f3lu. Cuando intenta lliberar a los dem\u00e1s, estos aguanten y amenacen con matalo.<\/p>\n<p>El mitu del covar\u00f3n de Plat\u00f3n suxure que munches persones viven c\u00f3modes na ignorancia, ente qu&#8217;hai xuna realid\u00e1 m\u00e1s fonda y verdadera esper\u00e1ndo-yos.<strong> Pa Plat\u00f3n, l&#8217;oxetivu de la filosof\u00eda ye sacar a les persones de la escurid\u00e1 y llevales escontra la conocencia y la verd\u00e1.<\/strong><\/p>\n<p style=\"text-align: center\">\n<!-- iframe plugin v.6.0 wordpress.org\/plugins\/iframe\/ -->\n<iframe loading=\"lazy\" width=\"100%\" height=\"522\" src=\"https:\/\/www.youtube.com\/embed\/pn4bkO53Z7Q\" title=\"EL MITO DE LA CAVERNA | Draw My Life\" frameborder=\"0\" allow=\"accelerometer; autoplay; clipboard-write; encrypted-media; gyroscope; picture-in-picture; web-share\" referrerpolicy=\"strict-origin-when-cross-origin\" 0=\"allowfullscreen\" 1=\"\/iframe\" scrolling=\"yes\" class=\"iframe-class\"><\/iframe>\n<\/p>\n<p style=\"text-align: center\"><a href=\"https:\/\/upload.wikimedia.org\/wikipedia\/commons\/thumb\/9\/97\/Allegory_of_the_Cave_blank.png\/800px-Allegory_of_the_Cave_blank.png\"><img loading=\"lazy\" decoding=\"async\" class=\"aligncenter size-full\" src=\"https:\/\/upload.wikimedia.org\/wikipedia\/commons\/thumb\/9\/97\/Allegory_of_the_Cave_blank.png\/800px-Allegory_of_the_Cave_blank.png\" width=\"800\" height=\"1494\" \/><\/a><\/p>\n","protected":false},"excerpt":{"rendered":"<p>El mitu del covar\u00f3n, tami\u00e9n conoc\u00edu como l&#8217;alegor\u00eda del covar\u00f3n, ye una met\u00e1fora escurrida pol fil\u00f3sofu griegu Plat\u00f3n para esplicar la situaci\u00f3n del ser humanu \u00e9nte la conocencia. Imaxe &nbsp;<\/p>\n","protected":false},"author":117,"featured_media":0,"comment_status":"open","ping_status":"open","sticky":false,"template":"","format":"standard","meta":{"footnotes":""},"categories":[226],"tags":[],"class_list":["post-28298","post","type-post","status-publish","format-standard","hentry","category-mitoloxia"],"_links":{"self":[{"href":"https:\/\/edublog.educastur.es\/ixuxu\/wp-json\/wp\/v2\/posts\/28298","targetHints":{"allow":["GET"]}}],"collection":[{"href":"https:\/\/edublog.educastur.es\/ixuxu\/wp-json\/wp\/v2\/posts"}],"about":[{"href":"https:\/\/edublog.educastur.es\/ixuxu\/wp-json\/wp\/v2\/types\/post"}],"author":[{"embeddable":true,"href":"https:\/\/edublog.educastur.es\/ixuxu\/wp-json\/wp\/v2\/users\/117"}],"replies":[{"embeddable":true,"href":"https:\/\/edublog.educastur.es\/ixuxu\/wp-json\/wp\/v2\/comments?post=28298"}],"version-history":[{"count":4,"href":"https:\/\/edublog.educastur.es\/ixuxu\/wp-json\/wp\/v2\/posts\/28298\/revisions"}],"predecessor-version":[{"id":28302,"href":"https:\/\/edublog.educastur.es\/ixuxu\/wp-json\/wp\/v2\/posts\/28298\/revisions\/28302"}],"wp:attachment":[{"href":"https:\/\/edublog.educastur.es\/ixuxu\/wp-json\/wp\/v2\/media?parent=28298"}],"wp:term":[{"taxonomy":"category","embeddable":true,"href":"https:\/\/edublog.educastur.es\/ixuxu\/wp-json\/wp\/v2\/categories?post=28298"},{"taxonomy":"post_tag","embeddable":true,"href":"https:\/\/edublog.educastur.es\/ixuxu\/wp-json\/wp\/v2\/tags?post=28298"}],"curies":[{"name":"wp","href":"https:\/\/api.w.org\/{rel}","templated":true}]}}