{"id":28388,"date":"2024-07-23T10:05:16","date_gmt":"2024-07-23T08:05:16","guid":{"rendered":"https:\/\/edublog.educastur.es\/ixuxu\/?p=28388"},"modified":"2024-07-23T20:04:16","modified_gmt":"2024-07-23T18:04:16","slug":"28388","status":"publish","type":"post","link":"https:\/\/edublog.educastur.es\/ixuxu\/2024\/07\/28388\/","title":{"rendered":"9\u00ba Festival de los frutos coloraos d&#8217;Asturies"},"content":{"rendered":"<div class=\"x9f619 x1n2onr6 x1ja2u2z x193iq5w xeuugli x1r8uery x1iyjqo2 xs83m0k xsyo7zv x16hj40l\">\n<div class=\"x6ikm8r x10wlt62 x9f619 x1lkfr7t x4vbgl9 x1rdy4ex xjkvuk6 x1iorvi4 xd183bf\">\n<div class=\"x78zum5 xdt5ytf xz62fqu x16ldp7u\">\n<div class=\"xu06os2 x1ok221b\">\n<p style=\"text-align: center\"><a href=\"https:\/\/www.turismovillaviciosa.es\/v_portal\/inc\/imagen.asp?f=CARTEL_FESTIVAL_DEL_ARANDANO_202452.jpg&amp;c=1\"><img loading=\"lazy\" decoding=\"async\" class=\"aligncenter \" src=\"https:\/\/www.turismovillaviciosa.es\/v_portal\/inc\/imagen.asp?f=CARTEL_FESTIVAL_DEL_ARANDANO_202452.jpg&amp;c=1\" width=\"730\" height=\"1169\" \/><\/a><\/p>\n<p>Villaviciosa convi\u00e9rtese esti finde nel para\u00edsu de los frutos coloraos d&#8217;Asturies. Av\u00e9rate al \u2605\u5f61 *Berry Festival \u5f61\u2605 y esfruta colos sos talleres infantiles , esposiciones, deliciosos postres ya inclusive del merc\u00e1u y tren tur\u00edsticu del ar\u00e1ndanu. Porque la capital manzanera d&#8217;Espa\u00f1a va ser, per unos d\u00edes, el maraviyosu pa\u00eds de los frutos coloraos<\/p>\n<\/div>\n<\/div>\n<\/div>\n<\/div>\n<div class=\"xu06os2 x1ok221b\">\n<ul>\n<li class=\"html-h3 xe8uvvx x11i5rnm xat24cr x1mh8g0r xexx8yu x4uap5 x18d9i69 xkhd6sd x1vvkbs x1heor9g x1qlqyl8 x1pd3egz x1a2a7pz x1gslohp x1yc453h\"><span class=\"xt0psk2\"><a class=\"x1i10hfl xjbqb8w x1ejq31n xd10rxx x1sy0etr x17r0tee x972fbf xcfux6l x1qhh985 xm0m39n x9f619 x1ypdohk xt0psk2 xe8uvvx xdj266r x11i5rnm xat24cr x1mh8g0r xexx8yu x4uap5 x18d9i69 xkhd6sd x16tdsg8 x1hl2dhg xggy1nq x1a2a7pz x1sur9pj xkrqix3 xzsf02u x1s688f\" role=\"link\" href=\"https:\/\/www.facebook.com\/aytovillaviciosa?__cft__[0]=AZVKLdEMFXcBb4Edsc3cnUdN_N1KlnLfkhXKBBgCaHLj_0elgi2Pt_gtGcHH1G6NF2U8wn4dGXLkDLftsHpL-IH0qVSyOPkG9sL2m4C4LHK5V9UIqUR6JTZNkwJ-tJgCINm_YXKCJpvzwL27tceZUPaxlE_0LjK7fty7s0YYVN6IIclkdS34rlzXrjOnjzUtl_R2OBfSEyeLJ1_YloOmXfVou4CncQgX_m8TFd1B5NKwrQ&amp;__tn__=-UC%2CP-y-R\"><strong class=\"html-strong xdj266r x11i5rnm xat24cr x1mh8g0r xexx8yu x4uap5 x18d9i69 xkhd6sd x1hl2dhg x16tdsg8 x1vvkbs x1s688f\"><span class=\"html-span xdj266r x11i5rnm xat24cr x1mh8g0r xexx8yu x4uap5 x18d9i69 xkhd6sd x1hl2dhg x16tdsg8 x1vvkbs\">Ayuntamiento de Villaviciosa <\/span><\/strong><\/a><\/span>\/ <a href=\"https:\/\/www.turismovillaviciosa.es\/festival-de-arandanos-y-frutos-rojos\/Villaviciosa?fbclid=IwZXh0bgNhZW0CMTAAAR2WgInB5yeLfCHpl378S1APntVICp1Ci3XqRcBr6iFAZKWOP_yUfDlLUS8_aem_AfyyhYUEzRw01tEYmDkwUw\">noticia<\/a> \/<\/li>\n<\/ul>\n<p><!--more--><\/p>\n<p style=\"text-align: center\">\n<!-- iframe plugin v.6.0 wordpress.org\/plugins\/iframe\/ -->\n<iframe loading=\"lazy\" src=\"https:\/\/www.facebook.com\/plugins\/video.php?height=314&#038;href=https%3A%2F%2Fwww.facebook.com%2Faytovillaviciosa%2Fvideos%2F1603674283531569%2F&#038;show_text=false&#038;width=560&#038;t=0\" width=\"560\" height=\"314\" style=\"border:none;overflow:hidden\" scrolling=\"no\" frameborder=\"0\" allowfullscreen=\"true\" allow=\"autoplay; clipboard-write; encrypted-media; picture-in-picture; web-share\" 0=\"allowFullScreen=&quot;true&quot;\/iframe\" class=\"iframe-class\"><\/iframe>\n<\/p>\n<\/div>\n<p>&nbsp;<\/p>\n<div class=\"xu06os2 x1ok221b\"><\/div>\n","protected":false},"excerpt":{"rendered":"<p>Villaviciosa convi\u00e9rtese esti finde nel para\u00edsu de los frutos coloraos d&#8217;Asturies. Av\u00e9rate al \u2605\u5f61 *Berry Festival \u5f61\u2605 y esfruta colos sos talleres infantiles , esposiciones, deliciosos postres ya inclusive del merc\u00e1u y tren tur\u00edsticu del ar\u00e1ndanu. Porque la capital manzanera d&#8217;Espa\u00f1a va ser, per unos d\u00edes, el maraviyosu pa\u00eds de los frutos coloraos Ayuntamiento de [&hellip;]<\/p>\n","protected":false},"author":117,"featured_media":0,"comment_status":"open","ping_status":"open","sticky":false,"template":"","format":"standard","meta":{"footnotes":""},"categories":[138,175],"tags":[],"class_list":["post-28388","post","type-post","status-publish","format-standard","hentry","category-alimentos","category-festival-gastronomicu"],"_links":{"self":[{"href":"https:\/\/edublog.educastur.es\/ixuxu\/wp-json\/wp\/v2\/posts\/28388","targetHints":{"allow":["GET"]}}],"collection":[{"href":"https:\/\/edublog.educastur.es\/ixuxu\/wp-json\/wp\/v2\/posts"}],"about":[{"href":"https:\/\/edublog.educastur.es\/ixuxu\/wp-json\/wp\/v2\/types\/post"}],"author":[{"embeddable":true,"href":"https:\/\/edublog.educastur.es\/ixuxu\/wp-json\/wp\/v2\/users\/117"}],"replies":[{"embeddable":true,"href":"https:\/\/edublog.educastur.es\/ixuxu\/wp-json\/wp\/v2\/comments?post=28388"}],"version-history":[{"count":5,"href":"https:\/\/edublog.educastur.es\/ixuxu\/wp-json\/wp\/v2\/posts\/28388\/revisions"}],"predecessor-version":[{"id":28415,"href":"https:\/\/edublog.educastur.es\/ixuxu\/wp-json\/wp\/v2\/posts\/28388\/revisions\/28415"}],"wp:attachment":[{"href":"https:\/\/edublog.educastur.es\/ixuxu\/wp-json\/wp\/v2\/media?parent=28388"}],"wp:term":[{"taxonomy":"category","embeddable":true,"href":"https:\/\/edublog.educastur.es\/ixuxu\/wp-json\/wp\/v2\/categories?post=28388"},{"taxonomy":"post_tag","embeddable":true,"href":"https:\/\/edublog.educastur.es\/ixuxu\/wp-json\/wp\/v2\/tags?post=28388"}],"curies":[{"name":"wp","href":"https:\/\/api.w.org\/{rel}","templated":true}]}}