{"id":28409,"date":"2024-07-21T09:00:25","date_gmt":"2024-07-21T07:00:25","guid":{"rendered":"https:\/\/edublog.educastur.es\/ixuxu\/?p=28409"},"modified":"2024-07-23T20:01:41","modified_gmt":"2024-07-23T18:01:41","slug":"dia-mundial-del-perru","status":"publish","type":"post","link":"https:\/\/edublog.educastur.es\/ixuxu\/2024\/07\/dia-mundial-del-perru\/","title":{"rendered":"D\u00eda Mundial del Perru"},"content":{"rendered":"<p>Cada 21 de xunetu homenaxamos a un animal de cuatro pates fiel ya incondicional, consider\u00e1u&#8217;l meyor amigu del home.<\/p>\n<p style=\"text-align: center\"><a href=\"https:\/\/enfoquenoticias.com.mx\/wp-content\/uploads\/2023\/07\/PERROOOOO.jpg\"><img loading=\"lazy\" decoding=\"async\" class=\"aligncenter size-full\" src=\"https:\/\/enfoquenoticias.com.mx\/wp-content\/uploads\/2023\/07\/PERROOOOO.jpg\" width=\"1200\" height=\"740\" \/><\/a><\/p>\n<p>Esta efem\u00e9ride mundial foi creada nel a\u00f1u 2004, motiv\u00e1u pola inmensa importancia d&#8217;estos animales nel diariu vivir de los seres humanos.<br \/>\n\u00bfPor qu\u00e9 celebra&#8217;l D\u00eda Mundial del Perru? La intenci\u00f3n del D\u00eda Mundial del Perru nun ye solo recordanos a unu de los meyores amigos de la nuesa infancia y quiciabes, el nuesu meyor amigu actual.<\/p>\n<p><!--more--><\/p>\n<p>Pretende concenciase a les persones sobro la inmensa cantid\u00e1 de perrinos que son abandonaos a la so suerte, o qu&#8217;ent\u00e1 t\u00e1n a la espera d&#8217;una familia que los adopte en dalguna perrera o abelugu.<\/p>\n<p>Al respeutu, la Organizaci\u00f3n Mundial de la Sal\u00fa (OMS) envalora qu&#8217;el 70% de los perros nel mundu nun tienen un llar.<\/p>\n<p style=\"text-align: center\"><a href=\"https:\/\/www.fulllife.com.mx\/wp-content\/uploads\/2023\/06\/nota_3_desktop_dia_mundial_perro_adoptado_septiembre_image.png\"><img loading=\"lazy\" decoding=\"async\" class=\"aligncenter \" src=\"https:\/\/www.fulllife.com.mx\/wp-content\/uploads\/2023\/06\/nota_3_desktop_dia_mundial_perro_adoptado_septiembre_image.png\" width=\"460\" height=\"444\" \/><\/a><\/p>\n<p>Na actualid\u00e1 esisten aprosimao 300 millones de perros nel mundu, con una gran varied\u00e1 de races y tama\u00f1os, toos bien cari\u00f1osos y dispuestos a sirvir a los sos amos de formes inimaxinables. Angua\u00f1o cuntamos con perros polic\u00edas, perros bomberos, perros lazarillos y perros de compa\u00f1\u00eda. Tami\u00e9n los atopamos nes redes sociales, siendo un boom n&#8217;Instagram, y\u00e1 que posen pa los selfies como unos grandes artistes.<\/p>\n<p style=\"text-align: center\"><a href=\"https:\/\/www.teorema.com.mx\/wp-content\/uploads\/mascota-1.jpg\"><img loading=\"lazy\" decoding=\"async\" class=\"aligncenter size-full\" src=\"https:\/\/www.teorema.com.mx\/wp-content\/uploads\/mascota-1.jpg\" width=\"800\" height=\"533\" \/><\/a><\/p>\n<p>Y ye que ye precisamente pel branu cuando m\u00e1s abandonos de mascotes prod\u00facense, per parte de xente que nun quier llev\u00e1-ylos de vacaciones nin atopar una alternativa por que daqui\u00e9n curielos mientres esos d\u00edes. Hai que recordar que, seg\u00fan l&#8217;actual <strong>Llei de Bienestar<\/strong> <strong>Animal<\/strong>, abandonar a un animal dom\u00e9sticu ta tipificado como infracci\u00f3n bien grave, penada con una multa d&#8217;ente 50.001 y 200.000 euros y de 31 a 90 d\u00edes de trabayos en beneficiu de la comunid\u00e1.<\/p>\n<p>&nbsp;<\/p>\n","protected":false},"excerpt":{"rendered":"<p>Cada 21 de xunetu homenaxamos a un animal de cuatro pates fiel ya incondicional, consider\u00e1u&#8217;l meyor amigu del home. Esta efem\u00e9ride mundial foi creada nel a\u00f1u 2004, motiv\u00e1u pola inmensa importancia d&#8217;estos animales nel diariu vivir de los seres humanos. \u00bfPor qu\u00e9 celebra&#8217;l D\u00eda Mundial del Perru? La intenci\u00f3n del D\u00eda Mundial del Perru nun [&hellip;]<\/p>\n","protected":false},"author":117,"featured_media":0,"comment_status":"open","ping_status":"open","sticky":false,"template":"","format":"standard","meta":{"footnotes":""},"categories":[6],"tags":[],"class_list":["post-28409","post","type-post","status-publish","format-standard","hentry","category-dia-de"],"_links":{"self":[{"href":"https:\/\/edublog.educastur.es\/ixuxu\/wp-json\/wp\/v2\/posts\/28409","targetHints":{"allow":["GET"]}}],"collection":[{"href":"https:\/\/edublog.educastur.es\/ixuxu\/wp-json\/wp\/v2\/posts"}],"about":[{"href":"https:\/\/edublog.educastur.es\/ixuxu\/wp-json\/wp\/v2\/types\/post"}],"author":[{"embeddable":true,"href":"https:\/\/edublog.educastur.es\/ixuxu\/wp-json\/wp\/v2\/users\/117"}],"replies":[{"embeddable":true,"href":"https:\/\/edublog.educastur.es\/ixuxu\/wp-json\/wp\/v2\/comments?post=28409"}],"version-history":[{"count":4,"href":"https:\/\/edublog.educastur.es\/ixuxu\/wp-json\/wp\/v2\/posts\/28409\/revisions"}],"predecessor-version":[{"id":28413,"href":"https:\/\/edublog.educastur.es\/ixuxu\/wp-json\/wp\/v2\/posts\/28409\/revisions\/28413"}],"wp:attachment":[{"href":"https:\/\/edublog.educastur.es\/ixuxu\/wp-json\/wp\/v2\/media?parent=28409"}],"wp:term":[{"taxonomy":"category","embeddable":true,"href":"https:\/\/edublog.educastur.es\/ixuxu\/wp-json\/wp\/v2\/categories?post=28409"},{"taxonomy":"post_tag","embeddable":true,"href":"https:\/\/edublog.educastur.es\/ixuxu\/wp-json\/wp\/v2\/tags?post=28409"}],"curies":[{"name":"wp","href":"https:\/\/api.w.org\/{rel}","templated":true}]}}