{"id":28428,"date":"2024-07-23T19:21:58","date_gmt":"2024-07-23T17:21:58","guid":{"rendered":"https:\/\/edublog.educastur.es\/ixuxu\/?p=28428"},"modified":"2024-07-23T20:23:51","modified_gmt":"2024-07-23T18:23:51","slug":"poesia-de-manuel-dandres","status":"publish","type":"post","link":"https:\/\/edublog.educastur.es\/ixuxu\/2024\/07\/poesia-de-manuel-dandres\/","title":{"rendered":"Poes\u00eda de Manuel d&#8217;Andr\u00e9s"},"content":{"rendered":"<ul>\n<li><a href=\"https:\/\/lareversible.blogspot.com\/2022\/09\/manuel-dandres-fernandez-traducido-del.html?spref=fb&amp;fbclid=IwZXh0bgNhZW0CMTEAAR3ujRUf8ggmnb9N1RtNMUTW3tLphl0GOJHzXBI2fb1obPaqY0LhvSh1CUU_aem_2-YeEDHEP8Wm0M_CkJTJ_w\">Poes\u00eda de Manuel d&#8217;Andr\u00e9s, tornada por Lurdes \u00c1lvarez<\/a> \/<\/li>\n<\/ul>\n<p>&nbsp;<\/p>\n<p><span style=\"color: #008080\"><strong><em>AMBIENTE ENGAFENT\u00c1U<\/em><\/strong><\/span><\/p>\n<p><span style=\"color: #008080\"><em>G\u00fcei ye un d\u00eda pertriste.<br \/>\n<\/em><\/span><span style=\"color: #008080\"><em>Llora la ma\u00f1ana al riscar l\u2019alba.<br \/>\n<\/em><\/span><span style=\"color: #008080\"><em>L\u2019espaciu emp\u00e1pase d\u2019orbayu.<br \/>\n<\/em><\/span><span style=\"color: #008080\"><em>El cielu tapezse con fantasmales nubes.<br \/>\n<\/em><\/span><span style=\"color: #008080\"><em>Esbarien ll\u00e1rimes siderales so la tierra esponxada.<br \/>\n<\/em><\/span><span style=\"color: #008080\"><em>L\u2019ambiente ye de murnia y corux\u00eda.<br \/>\n<\/em><\/span><span style=\"color: #008080\"><em>Los parques tan g\u00fc\u00e9rfanos de ne\u00f1os y de vieyos.<br \/>\n<\/em><\/span><span style=\"color: #008080\"><em>Los paxarinos abell\u00faguense pente les ca\u00f1es ensuches.<br \/>\n<\/em><\/span><span style=\"color: #008080\"><em>Les palombes esmuci\u00e9ronse per nun se sabe \u00f3nde.<br \/>\n<\/em><\/span><span style=\"color: #008080\"><em>Les gaviotes asiti\u00e1ronse nel so espaciu.<br \/>\n<\/em><\/span><span style=\"color: #008080\"><em>Na tarde prieta sigue lloriscando\u2019l cielu.<br \/>\n<\/em><\/span><span style=\"color: #008080\"><em>Les nubes ximielguen descomanaos bastiazos.<br \/>\n<\/em><\/span><span style=\"color: #008080\"><em>Les negrures tapecen el llonxanu horizonte.<br \/>\n<\/em><\/span><span style=\"color: #008080\"><em>Y la nueche cubre col so mantu la ciud\u00e1.<br \/>\n<\/em><\/span><span style=\"color: #008080\"><em>Les ll\u00e1rimes t\u00e1n a puntu de surdir.<\/em><\/span><\/p>\n<div class=\"xdj266r x11i5rnm xat24cr x1mh8g0r x1vvkbs x126k92a\">\n<div dir=\"auto\">M\u00c1S DE 700 POETES TORN\u00c1OS AL ESPA\u00d1OL O DEL ESPA\u00d1OL.<br \/>\nBLOG \u00abLA REVERSIBLE\u00bb \/EDICI\u00d3N BILING\u00dcE<\/div>\n<\/div>\n<div class=\"x11i5rnm xat24cr x1mh8g0r x1vvkbs xtlvy1s x126k92a\">\n<div dir=\"auto\">Enllaz al poeta: <span class=\"html-span xdj266r x11i5rnm xat24cr x1mh8g0r xexx8yu x4uap5 x18d9i69 xkhd6sd x1hl2dhg x16tdsg8 x1vvkbs\"><a class=\"x1i10hfl xjbqb8w x1ejq31n xd10rxx x1sy0etr x17r0tee x972fbf xcfux6l x1qhh985 xm0m39n x9f619 x1ypdohk xt0psk2 xe8uvvx xdj266r x11i5rnm xat24cr x1mh8g0r xexx8yu x4uap5 x18d9i69 xkhd6sd x16tdsg8 x1hl2dhg xggy1nq x1a2a7pz x1sur9pj xkrqix3 x1fey0fg\" role=\"link\" href=\"https:\/\/lareversible.blogspot.com\/search\/label\/ANDR%C3%89S%20FERN%C3%81NDEZ%20Manuel%20D%27?fbclid=IwZXh0bgNhZW0CMTAAAR1ilhH99ksnJwEluHbAvhhJpXIB-iku6dMswYYlbrG4spYgmFNfWnGkhno_aem_7ZJUpVazHtGyCJG2SqkMRQ\" target=\"_blank\" rel=\"nofollow noopener noreferrer\">https:\/\/lareversible.blogspot.com\/&#8230;\/ANDR%C3%89S%20FERN&#8230;<\/a><\/span><\/div>\n<\/div>\n<div class=\"x11i5rnm xat24cr x1mh8g0r x1vvkbs xtlvy1s x126k92a\">\n<div dir=\"auto\">Enllaz al blogue: <span class=\"html-span xdj266r x11i5rnm xat24cr x1mh8g0r xexx8yu x4uap5 x18d9i69 xkhd6sd x1hl2dhg x16tdsg8 x1vvkbs\"><a class=\"x1i10hfl xjbqb8w x1ejq31n xd10rxx x1sy0etr x17r0tee x972fbf xcfux6l x1qhh985 xm0m39n x9f619 x1ypdohk xt0psk2 xe8uvvx xdj266r x11i5rnm xat24cr x1mh8g0r xexx8yu x4uap5 x18d9i69 xkhd6sd x16tdsg8 x1hl2dhg xggy1nq x1a2a7pz x1sur9pj xkrqix3 x1fey0fg\" role=\"link\" href=\"https:\/\/lareversible.blogspot.com\/?fbclid=IwZXh0bgNhZW0CMTAAAR0SKH2Q-zdhwUdk1ZAL2_WsTc5ZzcdCTOxuGeH0AddMua_npAUYDrdpEUM_aem_8Tn7iQIiw67sSMGnn2rHKg\" target=\"_blank\" rel=\"nofollow noopener noreferrer\">http:\/\/lareversible.blogspot.com<\/a><\/span><\/div>\n<\/div>\n","protected":false},"excerpt":{"rendered":"<p>Poes\u00eda de Manuel d&#8217;Andr\u00e9s, tornada por Lurdes \u00c1lvarez \/ &nbsp; AMBIENTE ENGAFENT\u00c1U G\u00fcei ye un d\u00eda pertriste. Llora la ma\u00f1ana al riscar l\u2019alba. L\u2019espaciu emp\u00e1pase d\u2019orbayu. El cielu tapezse con fantasmales nubes. Esbarien ll\u00e1rimes siderales so la tierra esponxada. L\u2019ambiente ye de murnia y corux\u00eda. Los parques tan g\u00fc\u00e9rfanos de ne\u00f1os y de vieyos. Los [&hellip;]<\/p>\n","protected":false},"author":117,"featured_media":0,"comment_status":"open","ping_status":"open","sticky":false,"template":"","format":"standard","meta":{"footnotes":""},"categories":[39],"tags":[],"class_list":["post-28428","post","type-post","status-publish","format-standard","hentry","category-poesia"],"_links":{"self":[{"href":"https:\/\/edublog.educastur.es\/ixuxu\/wp-json\/wp\/v2\/posts\/28428","targetHints":{"allow":["GET"]}}],"collection":[{"href":"https:\/\/edublog.educastur.es\/ixuxu\/wp-json\/wp\/v2\/posts"}],"about":[{"href":"https:\/\/edublog.educastur.es\/ixuxu\/wp-json\/wp\/v2\/types\/post"}],"author":[{"embeddable":true,"href":"https:\/\/edublog.educastur.es\/ixuxu\/wp-json\/wp\/v2\/users\/117"}],"replies":[{"embeddable":true,"href":"https:\/\/edublog.educastur.es\/ixuxu\/wp-json\/wp\/v2\/comments?post=28428"}],"version-history":[{"count":3,"href":"https:\/\/edublog.educastur.es\/ixuxu\/wp-json\/wp\/v2\/posts\/28428\/revisions"}],"predecessor-version":[{"id":28431,"href":"https:\/\/edublog.educastur.es\/ixuxu\/wp-json\/wp\/v2\/posts\/28428\/revisions\/28431"}],"wp:attachment":[{"href":"https:\/\/edublog.educastur.es\/ixuxu\/wp-json\/wp\/v2\/media?parent=28428"}],"wp:term":[{"taxonomy":"category","embeddable":true,"href":"https:\/\/edublog.educastur.es\/ixuxu\/wp-json\/wp\/v2\/categories?post=28428"},{"taxonomy":"post_tag","embeddable":true,"href":"https:\/\/edublog.educastur.es\/ixuxu\/wp-json\/wp\/v2\/tags?post=28428"}],"curies":[{"name":"wp","href":"https:\/\/api.w.org\/{rel}","templated":true}]}}