{"id":28436,"date":"2024-07-26T09:00:26","date_gmt":"2024-07-26T07:00:26","guid":{"rendered":"https:\/\/edublog.educastur.es\/ixuxu\/?p=28436"},"modified":"2024-07-28T12:16:46","modified_gmt":"2024-07-28T10:16:46","slug":"phryge-mascota-de-los-xuegos-olimpicos-de-paris-2024","status":"publish","type":"post","link":"https:\/\/edublog.educastur.es\/ixuxu\/2024\/07\/phryge-mascota-de-los-xuegos-olimpicos-de-paris-2024\/","title":{"rendered":"Phryge ye la mascota de los xuegos ol\u00edmpicos de Paris 2024."},"content":{"rendered":"<ul>\n<li><a href=\"https:\/\/www.facebook.com\/photo\/?fbid=1000611424850681&amp;set=a.242154777363020\">Cartelu<\/a> \/ <a href=\"https:\/\/olympics.com\/es\/paris-2024\/deportes\">list\u00e1u de deportes<\/a> \/ <a href=\"https:\/\/olympics.com\/es\/paris-2024\">https:\/\/olympics.com\/es\/paris-2024<\/a><\/li>\n<li>Mascota: <a href=\"https:\/\/www.hola.com\/actualidad\/20240724708702\/phryges-mascota-juegos-olimpicos-paris-significado\/?fbclid=IwY2xjawEQfzFleHRuA2FlbQIxMQABHUh_rdAFz6yYkSaV6YcqmM0j7TLXohELR6mKyNteGaOO8yE9fyGEgmpZig_aem_BiQm5fBigS4MHihF_PKn_w\">Hola.com<\/a> \/<\/li>\n<\/ul>\n<div class=\"html-div xe8uvvx xdj266r x11i5rnm xat24cr x1mh8g0r xexx8yu x4uap5 x18d9i69 xkhd6sd\" dir=\"auto\">\n<div class=\"html-div xe8uvvx xdj266r x11i5rnm xat24cr x1mh8g0r xexx8yu x4uap5 x18d9i69 xkhd6sd\" dir=\"auto\">\n<div class=\"x1iorvi4 x1pi30zi x1l90r2v x1swvt13\" data-ad-comet-preview=\"message\" data-ad-preview=\"message\">\n<div class=\"x78zum5 xdt5ytf xz62fqu x16ldp7u\">\n<div class=\"xu06os2 x1ok221b\">\n<div class=\"xdj266r x11i5rnm xat24cr x1mh8g0r x1vvkbs x126k92a\">\n<ul>\n<li dir=\"auto\"><span class=\"html-span xdj266r x11i5rnm xat24cr x1mh8g0r xexx8yu x4uap5 x18d9i69 xkhd6sd x1hl2dhg x16tdsg8 x1vvkbs\"><a class=\"x1i10hfl xjbqb8w x1ejq31n xd10rxx x1sy0etr x17r0tee x972fbf xcfux6l x1qhh985 xm0m39n x9f619 x1ypdohk xt0psk2 xe8uvvx xdj266r x11i5rnm xat24cr x1mh8g0r xexx8yu x4uap5 x18d9i69 xkhd6sd x16tdsg8 x1hl2dhg xggy1nq x1a2a7pz x1sur9pj xkrqix3 x1fey0fg xo1l8bm\" role=\"link\" href=\"https:\/\/www.facebook.com\/Paris2024?__cft__[0]=AZWqgozUIQ0rutNK0eLRcF360qZAkGPDzKghFmTMIxZgWYV5ocjf0cZvEQ0DM1_nNDl0H29Gr3FZX0WMVmRbL3Y8OAkYVCIgRk-RZJys1woAyb63dk6vfJDqQXck5odKetBrSLQJNo4sLKljSckX8AY11iSqIDhNOtlzmJ3r7h3pBIPhGUHAOPBC5xMxghi8yiy0--52fjwSlXLozS4m_pC38LKLb2FCA2OyoyzzKILrQQ&amp;__tn__=-]K-y-R\"><span class=\"xt0psk2\">Paris 2024<\/span><\/a><\/span><\/li>\n<\/ul>\n<p>El so lema ye<span style=\"color: #008080\"><em><strong> \u201cSolos vamos m\u00e1s r\u00e1pidu, pero xuntos m\u00e1s llue\u00f1e\u201d. <\/strong><\/em><\/span>El dise\u00f1u tr\u00e1tase d&#8217;un gorru frigio, emblem\u00e1ticu de la revoluci\u00f3n francesa y representa un s\u00edmbolu de llibert\u00e1. Para esta ocasi\u00f3n, que paez ser ye la primer vegada que faen de la mascota una versi\u00f3n especial para los paral\u00edmpicos y ye represent\u00e1u con una pierna de carbonu (pr\u00f3tesis) y que na so suela lleva daqu\u00e9 escritu en braille.<\/p>\n<\/div>\n<\/div>\n<\/div>\n<\/div>\n<\/div>\n<\/div>\n<p style=\"text-align: center\"><a href=\"https:\/\/www.hola.com\/horizon\/landscape\/576a4d8d99a9-gettyimages-2153673524.jpg?im=Resize=(960),type=downsize\"><img loading=\"lazy\" decoding=\"async\" class=\"aligncenter size-full\" src=\"https:\/\/www.hola.com\/horizon\/landscape\/576a4d8d99a9-gettyimages-2153673524.jpg?im=Resize=(960),type=downsize\" width=\"960\" height=\"540\" \/><\/a><!--more--><\/p>\n<p style=\"text-align: center\">\n<!-- iframe plugin v.6.0 wordpress.org\/plugins\/iframe\/ -->\n<iframe loading=\"lazy\" src=\"https:\/\/www.facebook.com\/plugins\/post.php?href=https%3A%2F%2Fwww.facebook.com%2Fphoto.php%3Ffbid%3D896973982475739%26set%3Da.634739972032476%26type%3D3&#038;show_text=false&#038;width=500\" width=\"500\" height=\"799\" style=\"border:none;overflow:hidden\" scrolling=\"no\" frameborder=\"0\" allowfullscreen=\"true\" allow=\"autoplay; clipboard-write; encrypted-media; picture-in-picture; web-share\" 0=\"\/iframe\" class=\"iframe-class\"><\/iframe>\n<\/p>\n<p style=\"text-align: left\">Par\u00eds 2024 va cuntar con dos mascotes llamaes les <strong>Phryges, dambes representaes como gorros frigios, iconos de la tradici\u00f3n francesa. S<\/strong>e decantaren por un ideal primero que por un animal, y que en Francia ye un oxetu bien conoc\u00edu. Creaes pol equipu de dise\u00f1u de Par\u00eds 2024, una de los dos figures afigura los Xuegos Paral\u00edmpicos, que se van celebrar n&#8217;agostu, fomentando la inclusi\u00f3n nel deporte.<\/p>\n<p style=\"text-align: left\">Dambes t\u00e1n pintaes colos tr\u00e9s colories de la bandera francesa: collor\u00e1u, blancu y azul, y lleven bord\u00e1u nel pechu&#8217;l logo dor\u00e1u de Par\u00eds 2024. Van acompa\u00f1aes d&#8217;un lema, que significa que, si trabayamos xuntos, vamos poder faenos meyores: <span style=\"color: #008080\"><em><strong>\u00abSolos vamos m\u00e1s r\u00e1pidos, pero xuntos vamos llegar m\u00e1s llue\u00f1e\u00bb.<\/strong> <\/em><\/span>Fueron escoy\u00edes como s\u00edmbolos de los cl\u00e1sicos valores de la identid\u00e1 francesa de llibert\u00e1, iguald\u00e1 y fraternid\u00e1, que resonen col esp\u00edritu de los Xuegos Ol\u00edmpicos: una cita onde miles d&#8217;atletes de tolos rincones del mundu ax\u00fantense para competir amistosamente y fomentar el respetu mutuu.<\/p>\n<p style=\"text-align: center\"><a href=\"https:\/\/www.hola.com\/horizon\/original_aspect_ratio\/f484506e5d06-vers-linfini-et-au-dl-plus-vite-plus-haut-plus-fort-ensemble-les-ma.jpg?im=Resize=(960),type=downsize\"><img loading=\"lazy\" decoding=\"async\" class=\"aligncenter size-full\" src=\"https:\/\/www.hola.com\/horizon\/original_aspect_ratio\/f484506e5d06-vers-linfini-et-au-dl-plus-vite-plus-haut-plus-fort-ensemble-les-ma.jpg?im=Resize=(960),type=downsize\" width=\"819\" height=\"1023\" \/><\/a><\/p>\n<p style=\"text-align: center\"><a href=\"https:\/\/cadenaser.com\/resizer\/v2\/NM3DNWDXZRGWXFGEK6GQOMEL6I.jpg?auth=9c6e79ba60932239280e4643622662ca20a5ade8f423de3203146a791693590f&amp;quality=70&amp;width=990&amp;height=742&amp;smart=true\"><img loading=\"lazy\" decoding=\"async\" class=\"aligncenter size-full\" src=\"https:\/\/cadenaser.com\/resizer\/v2\/NM3DNWDXZRGWXFGEK6GQOMEL6I.jpg?auth=9c6e79ba60932239280e4643622662ca20a5ade8f423de3203146a791693590f&amp;quality=70&amp;width=990&amp;height=742&amp;smart=true\" width=\"990\" height=\"742\" \/><\/a><\/p>\n<p>&nbsp;<\/p>\n<p style=\"text-align: center\"><a href=\"https:\/\/cadenaser.com\/resizer\/v2\/S6XVOA67JNBJNKB3Z663LNDIFU.jpg?auth=1ff61333237f4e61208d11cc392eef1057a3f130ce4576bc5b4512eff90ea521&amp;quality=70&amp;width=1200&amp;height=900&amp;smart=true\"><img loading=\"lazy\" decoding=\"async\" class=\"aligncenter size-full\" src=\"https:\/\/cadenaser.com\/resizer\/v2\/S6XVOA67JNBJNKB3Z663LNDIFU.jpg?auth=1ff61333237f4e61208d11cc392eef1057a3f130ce4576bc5b4512eff90ea521&amp;quality=70&amp;width=1200&amp;height=900&amp;smart=true\" width=\"1200\" height=\"900\" \/><\/a><\/p>\n<p>&nbsp;<\/p>\n","protected":false},"excerpt":{"rendered":"<p>Cartelu \/ list\u00e1u de deportes \/ https:\/\/olympics.com\/es\/paris-2024 Mascota: Hola.com \/ Paris 2024 El so lema ye \u201cSolos vamos m\u00e1s r\u00e1pidu, pero xuntos m\u00e1s llue\u00f1e\u201d. El dise\u00f1u tr\u00e1tase d&#8217;un gorru frigio, emblem\u00e1ticu de la revoluci\u00f3n francesa y representa un s\u00edmbolu de llibert\u00e1. Para esta ocasi\u00f3n, que paez ser ye la primer vegada que faen de la [&hellip;]<\/p>\n","protected":false},"author":117,"featured_media":0,"comment_status":"open","ping_status":"open","sticky":false,"template":"","format":"standard","meta":{"footnotes":""},"categories":[186],"tags":[],"class_list":["post-28436","post","type-post","status-publish","format-standard","hentry","category-xuegos-olimpicos"],"_links":{"self":[{"href":"https:\/\/edublog.educastur.es\/ixuxu\/wp-json\/wp\/v2\/posts\/28436","targetHints":{"allow":["GET"]}}],"collection":[{"href":"https:\/\/edublog.educastur.es\/ixuxu\/wp-json\/wp\/v2\/posts"}],"about":[{"href":"https:\/\/edublog.educastur.es\/ixuxu\/wp-json\/wp\/v2\/types\/post"}],"author":[{"embeddable":true,"href":"https:\/\/edublog.educastur.es\/ixuxu\/wp-json\/wp\/v2\/users\/117"}],"replies":[{"embeddable":true,"href":"https:\/\/edublog.educastur.es\/ixuxu\/wp-json\/wp\/v2\/comments?post=28436"}],"version-history":[{"count":7,"href":"https:\/\/edublog.educastur.es\/ixuxu\/wp-json\/wp\/v2\/posts\/28436\/revisions"}],"predecessor-version":[{"id":28628,"href":"https:\/\/edublog.educastur.es\/ixuxu\/wp-json\/wp\/v2\/posts\/28436\/revisions\/28628"}],"wp:attachment":[{"href":"https:\/\/edublog.educastur.es\/ixuxu\/wp-json\/wp\/v2\/media?parent=28436"}],"wp:term":[{"taxonomy":"category","embeddable":true,"href":"https:\/\/edublog.educastur.es\/ixuxu\/wp-json\/wp\/v2\/categories?post=28436"},{"taxonomy":"post_tag","embeddable":true,"href":"https:\/\/edublog.educastur.es\/ixuxu\/wp-json\/wp\/v2\/tags?post=28436"}],"curies":[{"name":"wp","href":"https:\/\/api.w.org\/{rel}","templated":true}]}}