{"id":28439,"date":"2024-07-24T20:21:47","date_gmt":"2024-07-24T18:21:47","guid":{"rendered":"https:\/\/edublog.educastur.es\/ixuxu\/?p=28439"},"modified":"2024-07-24T20:44:58","modified_gmt":"2024-07-24T18:44:58","slug":"la-llectura-va-dsiguir-curiandonos","status":"publish","type":"post","link":"https:\/\/edublog.educastur.es\/ixuxu\/2024\/07\/la-llectura-va-dsiguir-curiandonos\/","title":{"rendered":"Lleer ens\u00e9\u00f1anos a falar, ed\u00facanos nel arte del di\u00e1logu&#8230;"},"content":{"rendered":"<blockquote><p><span style=\"color: #008080\"><em><strong>\u201cLleer ens\u00e9\u00f1anos a falar, ed\u00facanos nel arte del di\u00e1logu.<\/strong> \u201cLos llibros faen los llabios\u201d sol\u00eda dicir el maestru Quintiliano va venti sieglos. Dacuando atopamos n&#8217;una p\u00e1xina, maraviosamente tresparentes, idees y sentimientos qu&#8217;en n\u00f3s yeren confusos, y asina l&#8217;oficiu de vivir res\u00faltanos menos ca\u00f3ticu. No lle\u00edo ta&#8217;l vocabulariu de nueses mesmes vides. <strong>Toos somos a la nuesa manera narradores y precisamos les palabres apropiaes para cuntar y cuntanos acald\u00eda, para convencer y encantar a quien nos escuchen\u2026<\/strong><\/em> <\/span><\/p>\n<p><span style=\"color: #008080\"><em>\u00abSomos seres entretexios de relatos, bordaos con filos de voces, d&#8217;hestoria, de filosof\u00eda y de ciencia, de lleis y lleendes. Por eso, <strong>la llectura va siguir curi\u00e1ndonos si curiamos d&#8217;ella. Nun puede sumir lo que nos salva.<\/strong> <\/em><\/span><\/p>\n<p><span style=\"color: #008080\"><em>Los llibros recu\u00e9rdennos, serenos y siempres dispuestos a esplegase \u00e9nte los nuesos g\u00fceyos, que la sal\u00fa de les palabres enra\u00edza nes editoriales, nes llibrer\u00edes, nos c\u00edrculos de llectures compart\u00edes, nes biblioteques, nes escueles. Ye ell\u00ed onde imaxinamos el futuru que nos xune\u00bb.<\/em><\/span><\/p><\/blockquote>\n<p style=\"text-align: center\"><span style=\"font-size: 20px\"><strong>Irene Vallejo<\/strong>.<\/span><br \/>\nManifiesto pola llectura<br \/>\n(Siruela, Madrid, 2020).<\/p>\n<div class=\"html-div xe8uvvx xdj266r x11i5rnm xat24cr x1mh8g0r xexx8yu x4uap5 x18d9i69 xkhd6sd\">\n<div class=\"html-div xe8uvvx xdj266r xat24cr xexx8yu x4uap5 x18d9i69 xkhd6sd x1jx94hy x8cjs6t x1ch86jh x80vd3b xckqwgs x13fuv20 xu3j5b3 x1q0q8m5 x26u7qi x178xt8z xm81vs4 xso031l xy80clv xfh8nwu xoqspk4 x12v9rci x138vmkv x6ikm8r x10wlt62 x16n37ib xq8finb\">\n<div>\n<div class=\"html-div xe8uvvx x11i5rnm xat24cr x1mh8g0r xexx8yu x4uap5 x18d9i69 xkhd6sd x1y332i5\">\n<div class=\"html-div xe8uvvx xdj266r x11i5rnm xat24cr x1mh8g0r xexx8yu x4uap5 x18d9i69 xkhd6sd\" dir=\"auto\">\n<div class=\"html-div xe8uvvx xdj266r x11i5rnm xat24cr x1mh8g0r xexx8yu x4uap5 x18d9i69 xkhd6sd\" dir=\"auto\">\n<div class=\"x1iorvi4 x1pi30zi x1l90r2v x1swvt13\" data-ad-comet-preview=\"message\" data-ad-preview=\"message\">\n<div class=\"x78zum5 xdt5ytf xz62fqu x16ldp7u\">\n<div class=\"xu06os2 x1ok221b\">\n<div class=\"x11i5rnm xat24cr x1mh8g0r x1vvkbs xtlvy1s x126k92a\">\n<div dir=\"auto\">Enllaz descarga. <span class=\"html-span xdj266r x11i5rnm xat24cr x1mh8g0r xexx8yu x4uap5 x18d9i69 xkhd6sd x1hl2dhg x16tdsg8 x1vvkbs\"><a class=\"x1i10hfl xjbqb8w x1ejq31n xd10rxx x1sy0etr x17r0tee x972fbf xcfux6l x1qhh985 xm0m39n x9f619 x1ypdohk xt0psk2 xe8uvvx xdj266r x11i5rnm xat24cr x1mh8g0r xexx8yu x4uap5 x18d9i69 xkhd6sd x16tdsg8 x1hl2dhg xggy1nq x1a2a7pz x1sur9pj xkrqix3 x1fey0fg\" role=\"link\" href=\"https:\/\/l.facebook.com\/l.php?u=https%3A%2F%2Fdrive.google.com%2Ffile%2Fd%2F1CFCBsqzq0CsJOzGllaP2KnSFXN-q1rVn%2Fview%3Fusp%3Dsharing%26fbclid%3DIwZXh0bgNhZW0CMTAAAR0Zoh-KUxUnG9yQ6IcBewhRAiqJ_KF560VJfe_lC_4Mqmmd4T1k0DHeUQU_aem_2vyRsEVtxJt86FyDmY_Ocw&amp;h=AT2QsdCMk5QzLoOQO2AQGKQWNV7Y_eJUezqQ1thpyDve40uGlmFLGMVzuPdIwmLq4a2ON2huGYMfY_XRwj3OmyYPBSMgA7PjRlp95n5ukBhAsONBCTbj1L7renwLwtUQzz-yDhXR-rGSNb5_lA&amp;__tn__=-UK-y-R&amp;c[0]=AT2kReKVYGK9V-Y7zmYwoYVqesJF2WtQXaks0ryRFQ2eHmpcafudozQVMZpH_9Yh2CBuy7nbQdlk39R4ZPsXduB0SPAndbn6GXOkojiuycpOStogkARO-I3FNMoDuaYf5Lb4GXWysZIeTmnP5913A_dhXhVUr3xUQBr7ymNk8BWaj6UqiHarIlS_NCmWS4E0joBlJyZKJHibrQ\" target=\"_blank\" rel=\"nofollow noopener noreferrer\">https:\/\/drive.google.com\/&#8230;\/1CFCBsqzq0CsJOzGllaP&#8230;\/view&#8230;<\/a><\/span><\/div>\n<div dir=\"auto\"><\/div>\n<\/div>\n<div dir=\"auto\"><\/div>\n<div dir=\"auto\"><!--more--><\/div>\n<\/div>\n<\/div>\n<\/div>\n<\/div>\n<\/div>\n<\/div>\n<\/div>\n<\/div>\n<\/div>\n<p><em>Nesti Manifiestu <strong>Irene f\u00e1lanos del poder de los llibros y de la llectura como factor determinante non solo pa la crecedera individual de cada persona, sin\u00f3n tami\u00e9n como elementu esencial pa la construcci\u00f3n d&#8217;una meyor socied\u00e1, por tanto, pa la evoluci\u00f3n.<\/strong> <\/em><\/p>\n<p><em>Y xuna entruga fundamental puede emponer la nuesa reflex\u00f3n: \u00bfQu\u00e9 maxa escuenden estos artefactos de fueyes y lletres pa tener el poder d&#8217;atrapanos nel so interior? L&#8217;autora establez que la clave ye la empat\u00eda, los llibros y les sos hestories atr\u00e1pennos porque nos sentimos identificaos con un argumentu y con unos personaxes. <\/em><\/p>\n<p><em>De cuenta que, si podemos venos reflexaos nel otru na ficci\u00f3n, tami\u00e9n lo fadremos na realid\u00e1. Con \u00e9ses la llectura favorez de xuru la capacid\u00e1 pa entender al pr\u00f3ximo, la empat\u00eda qu&#8217;enantes ment\u00e1bamos. Esto nun asocede na mesma midida colos medios audiovisuales porque nos amenorguen a una posici\u00f3n d&#8217;espectador, nun nos dexen participar d&#8217;una forma tan activa, polo que&#8217;l compromisu siempres va ser menor. <\/em><\/p>\n<p><em>Agora bien, \u00bfqu\u00e9 funci\u00f3n cumple ent\u00f3s la llectura a nivel social? Senciellu, como se\u00f1ala Vallejo, <strong>\u201cla llectura forma parte de la preparaci\u00f3n necesaria pa vivir en democracia\u201d<\/strong>, esto ye, entender la dimensi\u00f3n fora del yo va traducise, ensin dulda, nuna meyor convivencia.<\/em><\/p>\n<p><em> Lleer, y el so correspondiente desenvolvimientu de la empat\u00eda, va favorecer xuna realid\u00e1 na que los pol\u00edticos son capaces de dialogar ente s\u00ed, y d&#8217;atender y entender al pueblu que gobiernen; tami\u00e9n va favorecer que los ciudadanos lluchen polos sos intereses ensin apatayase unos a otros. Coles mesmes, convi\u00e9rtenos en meyores profesionales, en cualquier \u00e1mbitu, porque al reconocenos nos nuesos xefes y veceros, vamos saber responder d&#8217;una forma m\u00e1s precisa y fayadiza a lo que nos demanden. Nesti puntu, <strong>la llectura y\u00e1 non solo ye \u00fatil, sin\u00f3n qu&#8217;am\u00e1s ye un aut\u00e9nticu factor econ\u00f3micu, aumenta&#8217;l valor del capital humanu.<\/strong><\/em><\/p>\n<p><em>Tampoco hai qu&#8217;escaecer que <strong>los llibros ay\u00fadennos a entendenos a n\u00f3s mesmos, por tanto, a entender el nuesu llugar dientro del mundu nel que vivimos.<\/strong> Munches de les dificultaes que podemos atopar nel nuesu d\u00eda ente d\u00eda pueden venir daes a cencielles pola incapacid\u00e1 pa reconocer los nuesos pensamientos, sentimientos o actuaciones.<\/em><\/p>\n<p><em><strong> Los llibros esp\u00f3nennos tou esto por aciu palabres y d\u00e9xennos amosanos al yo que nun entendemos nun mediu esternu, lo que facilita venos d&#8217;una forma m\u00e1s oxetiva<\/strong>. Igualmente, cabo dicir que, de dalguna forma, llevamos nel ADN xuna estrecha vinculaci\u00f3n al llibru. Somos la \u00fanica especie que puede, pero sobremanera precisa, satisfaer los sos deseos por aciu la llectura, deseos qu&#8217;otra manera s&#8217;enquistar\u00edan nel nuesu ser y torgar\u00eden la nuesa supervivencia. Ye m\u00e1s, podemos baltar les fronteres del tiempu y l&#8217;espaciu, inclusive de la muerte, con palabres.<\/em><\/p>\n<p><a href=\"https:\/\/revistacontrapunto.com\/leer-pa-que-manifiesto-por-la-lectura-de-irene-vallejo\/\">Testu de Teresa Mart\u00edn Merch\u00e1n<\/a><\/p>\n","protected":false},"excerpt":{"rendered":"<p>\u201cLleer ens\u00e9\u00f1anos a falar, ed\u00facanos nel arte del di\u00e1logu. \u201cLos llibros faen los llabios\u201d sol\u00eda dicir el maestru Quintiliano va venti sieglos. Dacuando atopamos n&#8217;una p\u00e1xina, maraviosamente tresparentes, idees y sentimientos qu&#8217;en n\u00f3s yeren confusos, y asina l&#8217;oficiu de vivir res\u00faltanos menos ca\u00f3ticu. No lle\u00edo ta&#8217;l vocabulariu de nueses mesmes vides. Toos somos a la [&hellip;]<\/p>\n","protected":false},"author":117,"featured_media":0,"comment_status":"open","ping_status":"open","sticky":false,"template":"","format":"standard","meta":{"footnotes":""},"categories":[1],"tags":[],"class_list":["post-28439","post","type-post","status-publish","format-standard","hentry","category-sin-categoria"],"_links":{"self":[{"href":"https:\/\/edublog.educastur.es\/ixuxu\/wp-json\/wp\/v2\/posts\/28439","targetHints":{"allow":["GET"]}}],"collection":[{"href":"https:\/\/edublog.educastur.es\/ixuxu\/wp-json\/wp\/v2\/posts"}],"about":[{"href":"https:\/\/edublog.educastur.es\/ixuxu\/wp-json\/wp\/v2\/types\/post"}],"author":[{"embeddable":true,"href":"https:\/\/edublog.educastur.es\/ixuxu\/wp-json\/wp\/v2\/users\/117"}],"replies":[{"embeddable":true,"href":"https:\/\/edublog.educastur.es\/ixuxu\/wp-json\/wp\/v2\/comments?post=28439"}],"version-history":[{"count":9,"href":"https:\/\/edublog.educastur.es\/ixuxu\/wp-json\/wp\/v2\/posts\/28439\/revisions"}],"predecessor-version":[{"id":28449,"href":"https:\/\/edublog.educastur.es\/ixuxu\/wp-json\/wp\/v2\/posts\/28439\/revisions\/28449"}],"wp:attachment":[{"href":"https:\/\/edublog.educastur.es\/ixuxu\/wp-json\/wp\/v2\/media?parent=28439"}],"wp:term":[{"taxonomy":"category","embeddable":true,"href":"https:\/\/edublog.educastur.es\/ixuxu\/wp-json\/wp\/v2\/categories?post=28439"},{"taxonomy":"post_tag","embeddable":true,"href":"https:\/\/edublog.educastur.es\/ixuxu\/wp-json\/wp\/v2\/tags?post=28439"}],"curies":[{"name":"wp","href":"https:\/\/api.w.org\/{rel}","templated":true}]}}