{"id":28487,"date":"2024-07-25T09:00:43","date_gmt":"2024-07-25T07:00:43","guid":{"rendered":"https:\/\/edublog.educastur.es\/ixuxu\/?p=28487"},"modified":"2024-07-25T13:38:39","modified_gmt":"2024-07-25T11:38:39","slug":"28487","status":"publish","type":"post","link":"https:\/\/edublog.educastur.es\/ixuxu\/2024\/07\/28487\/","title":{"rendered":"Torna\u2019l Festival Arcu Atl\u00e1nticu con nueve conciertos de m\u00fasica asturiana"},"content":{"rendered":"<p style=\"text-align: center\"><a href=\"https:\/\/drupal.gijon.es\/sites\/default\/files\/styles\/imagen_cabecera_slider\/public\/2024-07\/Arcu%202024%20-%20Cabecera%20Web%201920x600px.jpg\"><img loading=\"lazy\" decoding=\"async\" class=\"aligncenter size-full\" src=\"https:\/\/drupal.gijon.es\/sites\/default\/files\/styles\/imagen_cabecera_slider\/public\/2024-07\/Arcu%202024%20-%20Cabecera%20Web%201920x600px.jpg\" width=\"1920\" height=\"600\" \/><\/a><\/p>\n<p><span class=\"x193iq5w xeuugli x13faqbe x1vvkbs x1xmvt09 x1lliihq x1s928wv xhkezso x1gmr53x x1cpjm7i x1fgarty x1943h6x xudqn12 x3x7a5m x1f6kntn xvq8zen xo1l8bm xzsf02u x1yc453h\" dir=\"auto\"><span class=\"html-span xdj266r x11i5rnm xat24cr x1mh8g0r xexx8yu x4uap5 x18d9i69 xkhd6sd x1hl2dhg x16tdsg8 x1vvkbs\"><a class=\"x1i10hfl xjbqb8w x1ejq31n xd10rxx x1sy0etr x17r0tee x972fbf xcfux6l x1qhh985 xm0m39n x9f619 x1ypdohk xt0psk2 xe8uvvx xdj266r x11i5rnm xat24cr x1mh8g0r xexx8yu x4uap5 x18d9i69 xkhd6sd x16tdsg8 x1hl2dhg xggy1nq x1a2a7pz x1sur9pj xkrqix3 x1fey0fg xo1l8bm\" role=\"link\" href=\"https:\/\/www.facebook.com\/profile.php?id=100063795966361&amp;__cft__[0]=AZUqduW4JTiWndJiYgSfrW6_XOkDfmZYWZRGPUZD10KNqboYKm8Lz3Atlk-EZ2ymYPZy5HTQ7bBk-kSia3o1r1-hfPujRpeEsLR6-vs8CTIw-0CMWpcpbu91-ve6cuuRpzV76VhM5AjrlzrbQFCjlsCpPtHc1TAlpWfIJPN9g4iFYfWO9uAUZBvBBmMG6D3cmC7sQpr3EL6b_yE3U9dnKOdHrX8VGGxd6o-dqG_ZDO_cBQ&amp;__tn__=-]K-y-R\"><span class=\"xt0psk2\">NUBERU<\/span><\/a><\/span>, <span class=\"html-span xdj266r x11i5rnm xat24cr x1mh8g0r xexx8yu x4uap5 x18d9i69 xkhd6sd x1hl2dhg x16tdsg8 x1vvkbs\"><a class=\"x1i10hfl xjbqb8w x1ejq31n xd10rxx x1sy0etr x17r0tee x972fbf xcfux6l x1qhh985 xm0m39n x9f619 x1ypdohk xt0psk2 xe8uvvx xdj266r x11i5rnm xat24cr x1mh8g0r xexx8yu x4uap5 x18d9i69 xkhd6sd x16tdsg8 x1hl2dhg xggy1nq x1a2a7pz x1sur9pj xkrqix3 x1fey0fg xo1l8bm\" role=\"link\" href=\"https:\/\/www.facebook.com\/deiraband?__cft__[0]=AZUqduW4JTiWndJiYgSfrW6_XOkDfmZYWZRGPUZD10KNqboYKm8Lz3Atlk-EZ2ymYPZy5HTQ7bBk-kSia3o1r1-hfPujRpeEsLR6-vs8CTIw-0CMWpcpbu91-ve6cuuRpzV76VhM5AjrlzrbQFCjlsCpPtHc1TAlpWfIJPN9g4iFYfWO9uAUZBvBBmMG6D3cmC7sQpr3EL6b_yE3U9dnKOdHrX8VGGxd6o-dqG_ZDO_cBQ&amp;__tn__=-]K-y-R\"><span class=\"xt0psk2\">Deira band<\/span><\/a><\/span>, <span class=\"html-span xdj266r x11i5rnm xat24cr x1mh8g0r xexx8yu x4uap5 x18d9i69 xkhd6sd x1hl2dhg x16tdsg8 x1vvkbs\"><a class=\"x1i10hfl xjbqb8w x1ejq31n xd10rxx x1sy0etr x17r0tee x972fbf xcfux6l x1qhh985 xm0m39n x9f619 x1ypdohk xt0psk2 xe8uvvx xdj266r x11i5rnm xat24cr x1mh8g0r xexx8yu x4uap5 x18d9i69 xkhd6sd x16tdsg8 x1hl2dhg xggy1nq x1a2a7pz x1sur9pj xkrqix3 x1fey0fg xo1l8bm\" role=\"link\" href=\"https:\/\/www.facebook.com\/bandinalagarrapiella?__cft__[0]=AZUqduW4JTiWndJiYgSfrW6_XOkDfmZYWZRGPUZD10KNqboYKm8Lz3Atlk-EZ2ymYPZy5HTQ7bBk-kSia3o1r1-hfPujRpeEsLR6-vs8CTIw-0CMWpcpbu91-ve6cuuRpzV76VhM5AjrlzrbQFCjlsCpPtHc1TAlpWfIJPN9g4iFYfWO9uAUZBvBBmMG6D3cmC7sQpr3EL6b_yE3U9dnKOdHrX8VGGxd6o-dqG_ZDO_cBQ&amp;__tn__=-]K-y-R\"><span class=\"xt0psk2\">La Garrapiella<\/span><\/a><\/span>, <span class=\"html-span xdj266r x11i5rnm xat24cr x1mh8g0r xexx8yu x4uap5 x18d9i69 xkhd6sd x1hl2dhg x16tdsg8 x1vvkbs\"><a class=\"x1i10hfl xjbqb8w x1ejq31n xd10rxx x1sy0etr x17r0tee x972fbf xcfux6l x1qhh985 xm0m39n x9f619 x1ypdohk xt0psk2 xe8uvvx xdj266r x11i5rnm xat24cr x1mh8g0r xexx8yu x4uap5 x18d9i69 xkhd6sd x16tdsg8 x1hl2dhg xggy1nq x1a2a7pz x1sur9pj xkrqix3 x1fey0fg xo1l8bm\" role=\"link\" href=\"https:\/\/www.facebook.com\/guieldu?__cft__[0]=AZUqduW4JTiWndJiYgSfrW6_XOkDfmZYWZRGPUZD10KNqboYKm8Lz3Atlk-EZ2ymYPZy5HTQ7bBk-kSia3o1r1-hfPujRpeEsLR6-vs8CTIw-0CMWpcpbu91-ve6cuuRpzV76VhM5AjrlzrbQFCjlsCpPtHc1TAlpWfIJPN9g4iFYfWO9uAUZBvBBmMG6D3cmC7sQpr3EL6b_yE3U9dnKOdHrX8VGGxd6o-dqG_ZDO_cBQ&amp;__tn__=-]K-y-R\"><span class=\"xt0psk2\">Guieldu<\/span><\/a><\/span>, <span class=\"html-span xdj266r x11i5rnm xat24cr x1mh8g0r xexx8yu x4uap5 x18d9i69 xkhd6sd x1hl2dhg x16tdsg8 x1vvkbs\"><a class=\"x1i10hfl xjbqb8w x1ejq31n xd10rxx x1sy0etr x17r0tee x972fbf xcfux6l x1qhh985 xm0m39n x9f619 x1ypdohk xt0psk2 xe8uvvx xdj266r x11i5rnm xat24cr x1mh8g0r xexx8yu x4uap5 x18d9i69 xkhd6sd x16tdsg8 x1hl2dhg xggy1nq x1a2a7pz x1sur9pj xkrqix3 x1fey0fg xo1l8bm\" role=\"link\" href=\"https:\/\/www.facebook.com\/llevolulsumiciu?__cft__[0]=AZUqduW4JTiWndJiYgSfrW6_XOkDfmZYWZRGPUZD10KNqboYKm8Lz3Atlk-EZ2ymYPZy5HTQ7bBk-kSia3o1r1-hfPujRpeEsLR6-vs8CTIw-0CMWpcpbu91-ve6cuuRpzV76VhM5AjrlzrbQFCjlsCpPtHc1TAlpWfIJPN9g4iFYfWO9uAUZBvBBmMG6D3cmC7sQpr3EL6b_yE3U9dnKOdHrX8VGGxd6o-dqG_ZDO_cBQ&amp;__tn__=-]K-y-R\"><span class=\"xt0psk2\">Llev\u00f3lu&#8217;l Sumiciu<\/span><\/a><\/span>, <span class=\"html-span xdj266r x11i5rnm xat24cr x1mh8g0r xexx8yu x4uap5 x18d9i69 xkhd6sd x1hl2dhg x16tdsg8 x1vvkbs\"><a class=\"x1i10hfl xjbqb8w x1ejq31n xd10rxx x1sy0etr x17r0tee x972fbf xcfux6l x1qhh985 xm0m39n x9f619 x1ypdohk xt0psk2 xe8uvvx xdj266r x11i5rnm xat24cr x1mh8g0r xexx8yu x4uap5 x18d9i69 xkhd6sd x16tdsg8 x1hl2dhg xggy1nq x1a2a7pz x1sur9pj xkrqix3 x1fey0fg xo1l8bm\" role=\"link\" href=\"https:\/\/www.facebook.com\/profile.php?id=100064196554380&amp;__cft__[0]=AZUqduW4JTiWndJiYgSfrW6_XOkDfmZYWZRGPUZD10KNqboYKm8Lz3Atlk-EZ2ymYPZy5HTQ7bBk-kSia3o1r1-hfPujRpeEsLR6-vs8CTIw-0CMWpcpbu91-ve6cuuRpzV76VhM5AjrlzrbQFCjlsCpPtHc1TAlpWfIJPN9g4iFYfWO9uAUZBvBBmMG6D3cmC7sQpr3EL6b_yE3U9dnKOdHrX8VGGxd6o-dqG_ZDO_cBQ&amp;__tn__=-]K-y-R\"><span class=\"xt0psk2\">LA BONTURN\u00c9<\/span><\/a><\/span>, <span class=\"html-span xdj266r x11i5rnm xat24cr x1mh8g0r xexx8yu x4uap5 x18d9i69 xkhd6sd x1hl2dhg x16tdsg8 x1vvkbs\"><a class=\"x1i10hfl xjbqb8w x1ejq31n xd10rxx x1sy0etr x17r0tee x972fbf xcfux6l x1qhh985 xm0m39n x9f619 x1ypdohk xt0psk2 xe8uvvx xdj266r x11i5rnm xat24cr x1mh8g0r xexx8yu x4uap5 x18d9i69 xkhd6sd x16tdsg8 x1hl2dhg xggy1nq x1a2a7pz x1sur9pj xkrqix3 x1fey0fg xo1l8bm\" role=\"link\" href=\"https:\/\/www.facebook.com\/alicia.alvarez?__cft__[0]=AZUqduW4JTiWndJiYgSfrW6_XOkDfmZYWZRGPUZD10KNqboYKm8Lz3Atlk-EZ2ymYPZy5HTQ7bBk-kSia3o1r1-hfPujRpeEsLR6-vs8CTIw-0CMWpcpbu91-ve6cuuRpzV76VhM5AjrlzrbQFCjlsCpPtHc1TAlpWfIJPN9g4iFYfWO9uAUZBvBBmMG6D3cmC7sQpr3EL6b_yE3U9dnKOdHrX8VGGxd6o-dqG_ZDO_cBQ&amp;__tn__=-]K-y-R\"><span class=\"xt0psk2\">Alicia \u00c1lvarez<\/span><\/a><\/span>, <span class=\"html-span xdj266r x11i5rnm xat24cr x1mh8g0r xexx8yu x4uap5 x18d9i69 xkhd6sd x1hl2dhg x16tdsg8 x1vvkbs\"><a class=\"x1i10hfl xjbqb8w x1ejq31n xd10rxx x1sy0etr x17r0tee x972fbf xcfux6l x1qhh985 xm0m39n x9f619 x1ypdohk xt0psk2 xe8uvvx xdj266r x11i5rnm xat24cr x1mh8g0r xexx8yu x4uap5 x18d9i69 xkhd6sd x16tdsg8 x1hl2dhg xggy1nq x1a2a7pz x1sur9pj xkrqix3 x1fey0fg xo1l8bm\" role=\"link\" href=\"https:\/\/www.facebook.com\/undegrao?__cft__[0]=AZUqduW4JTiWndJiYgSfrW6_XOkDfmZYWZRGPUZD10KNqboYKm8Lz3Atlk-EZ2ymYPZy5HTQ7bBk-kSia3o1r1-hfPujRpeEsLR6-vs8CTIw-0CMWpcpbu91-ve6cuuRpzV76VhM5AjrlzrbQFCjlsCpPtHc1TAlpWfIJPN9g4iFYfWO9uAUZBvBBmMG6D3cmC7sQpr3EL6b_yE3U9dnKOdHrX8VGGxd6o-dqG_ZDO_cBQ&amp;__tn__=-]K-y-R\"><span class=\"xt0psk2\">\u00dan de Grao<\/span><\/a><\/span> Tr\u00edo y <span class=\"html-span xdj266r x11i5rnm xat24cr x1mh8g0r xexx8yu x4uap5 x18d9i69 xkhd6sd x1hl2dhg x16tdsg8 x1vvkbs\"><a class=\"x1i10hfl xjbqb8w x1ejq31n xd10rxx x1sy0etr x17r0tee x972fbf xcfux6l x1qhh985 xm0m39n x9f619 x1ypdohk xt0psk2 xe8uvvx xdj266r x11i5rnm xat24cr x1mh8g0r xexx8yu x4uap5 x18d9i69 xkhd6sd x16tdsg8 x1hl2dhg xggy1nq x1a2a7pz x1sur9pj xkrqix3 x1fey0fg xo1l8bm\" role=\"link\" href=\"https:\/\/www.facebook.com\/muyeresoficial?__cft__[0]=AZUqduW4JTiWndJiYgSfrW6_XOkDfmZYWZRGPUZD10KNqboYKm8Lz3Atlk-EZ2ymYPZy5HTQ7bBk-kSia3o1r1-hfPujRpeEsLR6-vs8CTIw-0CMWpcpbu91-ve6cuuRpzV76VhM5AjrlzrbQFCjlsCpPtHc1TAlpWfIJPN9g4iFYfWO9uAUZBvBBmMG6D3cmC7sQpr3EL6b_yE3U9dnKOdHrX8VGGxd6o-dqG_ZDO_cBQ&amp;__tn__=-]K-y-R\"><span class=\"xt0psk2\">Muyeres<\/span><\/a><\/span> van tocar en Xix\u00f3n ente&#8217;l 30 de xunetu y el 4 d&#8217;agostu na IX edici\u00f3n del Festival Arcu Atl\u00e1nticu entam\u00e1u por<span class=\"html-span xdj266r x11i5rnm xat24cr x1mh8g0r xexx8yu x4uap5 x18d9i69 xkhd6sd x1hl2dhg x16tdsg8 x1vvkbs\"><a class=\"x1i10hfl xjbqb8w x1ejq31n xd10rxx x1sy0etr x17r0tee x972fbf xcfux6l x1qhh985 xm0m39n x9f619 x1ypdohk xt0psk2 xe8uvvx xdj266r x11i5rnm xat24cr x1mh8g0r xexx8yu x4uap5 x18d9i69 xkhd6sd x16tdsg8 x1hl2dhg xggy1nq x1a2a7pz x1sur9pj xkrqix3 x1fey0fg xo1l8bm\" role=\"link\" href=\"https:\/\/www.facebook.com\/Culturagijon?__cft__[0]=AZUqduW4JTiWndJiYgSfrW6_XOkDfmZYWZRGPUZD10KNqboYKm8Lz3Atlk-EZ2ymYPZy5HTQ7bBk-kSia3o1r1-hfPujRpeEsLR6-vs8CTIw-0CMWpcpbu91-ve6cuuRpzV76VhM5AjrlzrbQFCjlsCpPtHc1TAlpWfIJPN9g4iFYfWO9uAUZBvBBmMG6D3cmC7sQpr3EL6b_yE3U9dnKOdHrX8VGGxd6o-dqG_ZDO_cBQ&amp;__tn__=-]K-y-R\"><span class=\"xt0psk2\"> Cultura Gij\u00f3n \/ Xix\u00f3<\/span><\/a><\/span>n.<\/span><\/p>\n<ul>\n<li>Fonte:<span class=\"xt0psk2\"><a class=\"x1i10hfl xjbqb8w x1ejq31n xd10rxx x1sy0etr x17r0tee x972fbf xcfux6l x1qhh985 xm0m39n x9f619 x1ypdohk xt0psk2 xe8uvvx xdj266r x11i5rnm xat24cr x1mh8g0r xexx8yu x4uap5 x18d9i69 xkhd6sd x16tdsg8 x1hl2dhg xggy1nq x1a2a7pz x1sur9pj xkrqix3 xzsf02u x1s688f\" role=\"link\" href=\"https:\/\/www.facebook.com\/musicasturiana?__cft__[0]=AZUqduW4JTiWndJiYgSfrW6_XOkDfmZYWZRGPUZD10KNqboYKm8Lz3Atlk-EZ2ymYPZy5HTQ7bBk-kSia3o1r1-hfPujRpeEsLR6-vs8CTIw-0CMWpcpbu91-ve6cuuRpzV76VhM5AjrlzrbQFCjlsCpPtHc1TAlpWfIJPN9g4iFYfWO9uAUZBvBBmMG6D3cmC7sQpr3EL6b_yE3U9dnKOdHrX8VGGxd6o-dqG_ZDO_cBQ&amp;__tn__=-UC%2CP-y-R\"><strong class=\"html-strong xdj266r x11i5rnm xat24cr x1mh8g0r xexx8yu x4uap5 x18d9i69 xkhd6sd x1hl2dhg x16tdsg8 x1vvkbs x1s688f\"><span class=\"html-span xdj266r x11i5rnm xat24cr x1mh8g0r xexx8yu x4uap5 x18d9i69 xkhd6sd x1hl2dhg x16tdsg8 x1vvkbs\">musicasturiana.com<\/span><\/strong><\/a><\/span><\/li>\n<\/ul>\n<p>G\u00fcei present\u00f3se\u2019l<strong> <a href=\"https:\/\/www.gijon.es\/es\/eventos\/festival-arcu-atlanticu\">IX Festival Arcu Atl\u00e1nticu<\/a><\/strong>, que torna a celebrase en <strong>Xix\u00f3n<\/strong> dempu\u00e9s de la so cabera edici\u00f3n en 2019. La programaci\u00f3n va desendolcase <strong>ente\u2019l martes 30 de xunetu y el domingu 4 d\u2019agostu<\/strong>, y cunta con conciertos, espect\u00e1culos de danza y teatru, talleres, instalaciones y esposiciones art\u00edstiques, charres, cine y la celebraci\u00f3n del D\u00eda d\u2019Asturies en Xix\u00f3n con un gran desfile de bandes de gaites y grupos de baille tradicional -domingu 4-. El barriu de Cimavilla, el Centru de Cultura Antiguu Institutu, la Escuela de Comerciu y los Xardinos de la Reina van ser los principales escenarios del eventu. Toles actividaes y conciertos son de baldre.<\/p>\n<p><!--more--><\/p>\n<p>La m\u00fasica\u2019l pa\u00eds protagoniza la estaya de conciertos del festival. Ente\u2019l mi\u00e9rcoles 31 y el s\u00e1badu 3 va poder esfrutase de los sones de <strong>nueve proyectos asturianos<\/strong> de folk, electr\u00f3nica, m\u00fasica tradicional, asturianada y canci\u00f3n d\u2019autor. El <strong>mi\u00e9rcoles 31 <\/strong>a les 13.30h toca\u2019l tr\u00edu <strong>Deira<\/strong> na Plaza Xovellanos de Cimavilla y, a les 20.30h, va sonar <strong>Nuberu<\/strong> nel Mus\u00e9u del Pueblu d\u2019Asturies. La bandina <strong>La Garrapiella<\/strong> va amenizar les cais de Cimavilla con un pasuc\u00e1is, el <strong>mi\u00e9rcoles 31<\/strong> a les 13.30h. El conciertu de <strong>Guieldu<\/strong> ye\u2019l mesmu d\u00eda a les 20.30h nel CCAI.<\/p>\n<p>Nel CCAi tami\u00e9n van actuar <strong>La Bonturn\u00e9<\/strong> al d\u00eda siguiente \u2013<strong>vienres 2<\/strong>-, a les 20.30h. <strong>Llev\u00f3lu\u2019l Sumiciu<\/strong> completa los conciertos del vienres 2 a les 19h na Plaza La Corrada de Cimavilla. La reciella va poder esfrutar del espect\u00e1culu <em>Pulgarina<\/em> d\u2019<strong>Alicia \u00c1lvarez<\/strong> el <strong>s\u00e1badu 3<\/strong> a les 13.30h na Plaza Xovellanos de Cimavilla. Ell\u00ed van tocar tami\u00e9n <strong>\u00dan de Grao Tr\u00edo<\/strong> -Jos\u00e9 Mart\u00ednez, Horacio Garc\u00eda y C\u00e9sar Latorre- a les 19h. El CCAI zarra la programaci\u00f3n del s\u00e1badu 3 a les 20.30h con <em>Humanes<\/em>, del colectivu de m\u00fasica tradicional <strong>Muyeres<\/strong>.<\/p>\n<p style=\"text-align: center\"><a href=\"https:\/\/drupal.gijon.es\/sites\/default\/files\/styles\/imagen_4_3\/public\/2024-07\/Arcu%202024%20-%20Perfil%202_0.jpg\"><img loading=\"lazy\" decoding=\"async\" class=\"aligncenter \" src=\"https:\/\/drupal.gijon.es\/sites\/default\/files\/styles\/imagen_4_3\/public\/2024-07\/Arcu%202024%20-%20Perfil%202_0.jpg\" width=\"302\" height=\"302\" \/><\/a><\/p>\n<div class=\"wp-block-spacer\" aria-hidden=\"true\"><\/div>\n<p><strong>Conciertos internacionales y otres actividaes<\/strong><\/p>\n<p>El primer conciertu d\u2019esta edici\u00f3n del Festival Arcu Atl\u00e1nticu ye\u2019l martes 30 a les 19h nel CCAI y cuerre a cargo del colectivu <strong>Tradi\u00e7\u00e3o Contempor\u00e1nea<\/strong> de m\u00fasica tradicional de Beira Baixa (Portugal). El mesmu d\u00eda toquen <strong>Tanxugueiras<\/strong> (Galiza) na Plaza Mayor a les 22h. Tami\u00e9n del pa\u00eds vec\u00edn, la compostelana <strong>Ant\u00eda Mui\u00f1o <\/strong>act\u00faa\u2019l s\u00e1badu 3 a les 19.30h na Colexata de San Juan Bautista de Cimavilla. Am\u00e1s, les compa\u00f1\u00edes vasques de danza <strong>Kukai Danza<\/strong> y <strong>Harrobi Dantza Bertikala<\/strong> van ufrir dellos espect\u00e1culos.<\/p>\n<div class=\"wp-block-spacer\" aria-hidden=\"true\"><\/div>\n<p>Am\u00e1s de m\u00fasica y danza, el festival organiza\u2019l ciclu <strong>Arcu de Cine<\/strong> con producciones audiovisuales d\u2019Asturies y otros pa\u00edses del arcu atl\u00e1nticu. Destaca la proyecci\u00f3n del documental de Pablo A. Quiroga Prendes <em>Llumeres. Mina y vida a la mar<\/em> (2023) nel sal\u00f3n d\u2019actos de la Escuela de Comerciu el mi\u00e9rcoles 31 a les 19.30h. La xente va poder participar tami\u00e9n de gran varied\u00e1 de <strong>talleres rellacionaos cola cultura asturiana<\/strong>: cester\u00eda, indumentaria tradicional, telar participativu, dances populares de dellos pa\u00edses, y cer\u00e1mica tradicional cola Alfarer\u00eda de Faro, ente otros. La <strong>esposici\u00f3n<\/strong> <em>Facer territoriu atando cabos<\/em>, result\u00e1u de la investigaci\u00f3n art\u00edstica d\u2019Irene Trapote sobre l\u2019oficiu de les rederes va tar disponible dende\u2019l mi\u00e9rcoles 31 hasta la fin del festival na Sala 1 del CCAI. La programaci\u00f3n completa pue consultase <a href=\"https:\/\/www.gijon.es\/es\/eventos\/festival-arcu-atlanticu\">equ\u00ed<\/a>.<\/p>\n<p>&nbsp;<\/p>\n","protected":false},"excerpt":{"rendered":"<p>NUBERU, Deira band, La Garrapiella, Guieldu, Llev\u00f3lu&#8217;l Sumiciu, LA BONTURN\u00c9, Alicia \u00c1lvarez, \u00dan de Grao Tr\u00edo y Muyeres van tocar en Xix\u00f3n ente&#8217;l 30 de xunetu y el 4 d&#8217;agostu na IX edici\u00f3n del Festival Arcu Atl\u00e1nticu entam\u00e1u por Cultura Gij\u00f3n \/ Xix\u00f3n. Fonte:musicasturiana.com G\u00fcei present\u00f3se\u2019l IX Festival Arcu Atl\u00e1nticu, que torna a celebrase en [&hellip;]<\/p>\n","protected":false},"author":117,"featured_media":0,"comment_status":"open","ping_status":"open","sticky":false,"template":"","format":"standard","meta":{"footnotes":""},"categories":[35],"tags":[],"class_list":["post-28487","post","type-post","status-publish","format-standard","hentry","category-musica"],"_links":{"self":[{"href":"https:\/\/edublog.educastur.es\/ixuxu\/wp-json\/wp\/v2\/posts\/28487","targetHints":{"allow":["GET"]}}],"collection":[{"href":"https:\/\/edublog.educastur.es\/ixuxu\/wp-json\/wp\/v2\/posts"}],"about":[{"href":"https:\/\/edublog.educastur.es\/ixuxu\/wp-json\/wp\/v2\/types\/post"}],"author":[{"embeddable":true,"href":"https:\/\/edublog.educastur.es\/ixuxu\/wp-json\/wp\/v2\/users\/117"}],"replies":[{"embeddable":true,"href":"https:\/\/edublog.educastur.es\/ixuxu\/wp-json\/wp\/v2\/comments?post=28487"}],"version-history":[{"count":3,"href":"https:\/\/edublog.educastur.es\/ixuxu\/wp-json\/wp\/v2\/posts\/28487\/revisions"}],"predecessor-version":[{"id":28490,"href":"https:\/\/edublog.educastur.es\/ixuxu\/wp-json\/wp\/v2\/posts\/28487\/revisions\/28490"}],"wp:attachment":[{"href":"https:\/\/edublog.educastur.es\/ixuxu\/wp-json\/wp\/v2\/media?parent=28487"}],"wp:term":[{"taxonomy":"category","embeddable":true,"href":"https:\/\/edublog.educastur.es\/ixuxu\/wp-json\/wp\/v2\/categories?post=28487"},{"taxonomy":"post_tag","embeddable":true,"href":"https:\/\/edublog.educastur.es\/ixuxu\/wp-json\/wp\/v2\/tags?post=28487"}],"curies":[{"name":"wp","href":"https:\/\/api.w.org\/{rel}","templated":true}]}}