{"id":28529,"date":"2024-07-26T18:45:15","date_gmt":"2024-07-26T16:45:15","guid":{"rendered":"https:\/\/edublog.educastur.es\/ixuxu\/?p=28529"},"modified":"2024-07-28T12:49:41","modified_gmt":"2024-07-28T10:49:41","slug":"28529","status":"publish","type":"post","link":"https:\/\/edublog.educastur.es\/ixuxu\/2024\/07\/28529\/","title":{"rendered":""},"content":{"rendered":"<p><span style=\"text-decoration: underline\"><em><span style=\"font-size: 20px;color: #008080\"><strong>ENT\u00c1 VIVES EN MI<\/strong><\/span><\/em><\/span><\/p>\n<p><strong><span style=\"color: #008080\"><em><span style=\"font-size: 20px\">Nunca vas saber que la to alma viaxa <\/span><\/em><\/span><\/strong><br \/>\n<strong><span style=\"color: #008080\"><em><span style=\"font-size: 20px\">Dulcemente abelugada no fondero del mio coraz\u00f3n, <\/span><\/em><\/span><\/strong><br \/>\n<strong><span style=\"color: #008080\"><em><span style=\"font-size: 20px\">Y que nada, nin el tiempu nin la ed\u00e1 nin otros amores, <\/span><\/em><\/span><\/strong><br \/>\n<strong><span style=\"color: #008080\"><em><span style=\"font-size: 20px\">Va Torgar qu&#8217;esistieres.<\/span><\/em><\/span><\/strong><\/p>\n<p><strong><span style=\"color: #008080\"><em><span style=\"font-size: 20px\">Agora la guapura del mundu toma la to cara, <\/span><\/em><\/span><\/strong><br \/>\n<strong><span style=\"color: #008080\"><em><span style=\"font-size: 20px\">Alimentase de la to dulzura y engal\u00e1nase cola to clarid\u00e1.<\/span><\/em><\/span><\/strong><br \/>\n<strong><span style=\"color: #008080\"><em><span style=\"font-size: 20px\">El llagu pensatible al fondu del paisaxe <\/span><\/em><\/span><\/strong><br \/>\n<strong><span style=\"color: #008080\"><em><span style=\"font-size: 20px\">vuelve falame de la to serenid\u00e1.<\/span><\/em><\/span><\/strong><\/p>\n<p><strong><span style=\"color: #008080\"><em><span style=\"font-size: 20px\">Los caminos que siguisti, g\u00fcei se\u00f1\u00e1lenme&#8217;l m\u00edu, <\/span><\/em><\/span><\/strong><br \/>\n<strong><span style=\"color: #008080\"><em><span style=\"font-size: 20px\">Anque enxam\u00e1s vas saber que te llevo conmigo<\/span><\/em><\/span><\/strong><br \/>\n<strong><span style=\"color: #008080\"><em><span style=\"font-size: 20px\"> Como una ll\u00e1mpara d&#8217;oru para allumame&#8217;l cam\u00edn<\/span><\/em><\/span><\/strong><br \/>\n<strong><span style=\"color: #008080\"><em><span style=\"font-size: 20px\">Nin que la to voz ent\u00e1 trespasa la mio alma.<\/span><\/em><\/span><\/strong><br \/>\n<strong><span style=\"color: #008080\"><em><span style=\"font-size: 20px\">Nidia antorcha los tos rayos, duce foguera&#8217;l to esp\u00edritu;<\/span><\/em><\/span><\/strong><br \/>\n<strong><span style=\"color: #008080\"><em><span style=\"font-size: 20px\">Ent\u00e1 vives un pocu porque yo sobrev\u00edvote.<\/span><\/em><\/span><\/strong><\/p>\n<p><em><strong>Marguerite Yourcenar<\/strong><\/em><\/p>\n","protected":false},"excerpt":{"rendered":"<p>ENT\u00c1 VIVES EN MI Nunca vas saber que la to alma viaxa Dulcemente abelugada no fondero del mio coraz\u00f3n, Y que nada, nin el tiempu nin la ed\u00e1 nin otros amores, Va Torgar qu&#8217;esistieres. Agora la guapura del mundu toma la to cara, Alimentase de la to dulzura y engal\u00e1nase cola to clarid\u00e1. El llagu [&hellip;]<\/p>\n","protected":false},"author":117,"featured_media":0,"comment_status":"open","ping_status":"open","sticky":false,"template":"","format":"standard","meta":{"footnotes":""},"categories":[39],"tags":[],"class_list":["post-28529","post","type-post","status-publish","format-standard","hentry","category-poesia"],"_links":{"self":[{"href":"https:\/\/edublog.educastur.es\/ixuxu\/wp-json\/wp\/v2\/posts\/28529","targetHints":{"allow":["GET"]}}],"collection":[{"href":"https:\/\/edublog.educastur.es\/ixuxu\/wp-json\/wp\/v2\/posts"}],"about":[{"href":"https:\/\/edublog.educastur.es\/ixuxu\/wp-json\/wp\/v2\/types\/post"}],"author":[{"embeddable":true,"href":"https:\/\/edublog.educastur.es\/ixuxu\/wp-json\/wp\/v2\/users\/117"}],"replies":[{"embeddable":true,"href":"https:\/\/edublog.educastur.es\/ixuxu\/wp-json\/wp\/v2\/comments?post=28529"}],"version-history":[{"count":3,"href":"https:\/\/edublog.educastur.es\/ixuxu\/wp-json\/wp\/v2\/posts\/28529\/revisions"}],"predecessor-version":[{"id":28655,"href":"https:\/\/edublog.educastur.es\/ixuxu\/wp-json\/wp\/v2\/posts\/28529\/revisions\/28655"}],"wp:attachment":[{"href":"https:\/\/edublog.educastur.es\/ixuxu\/wp-json\/wp\/v2\/media?parent=28529"}],"wp:term":[{"taxonomy":"category","embeddable":true,"href":"https:\/\/edublog.educastur.es\/ixuxu\/wp-json\/wp\/v2\/categories?post=28529"},{"taxonomy":"post_tag","embeddable":true,"href":"https:\/\/edublog.educastur.es\/ixuxu\/wp-json\/wp\/v2\/tags?post=28529"}],"curies":[{"name":"wp","href":"https:\/\/api.w.org\/{rel}","templated":true}]}}