{"id":28533,"date":"2024-07-25T15:07:06","date_gmt":"2024-07-25T13:07:06","guid":{"rendered":"https:\/\/edublog.educastur.es\/ixuxu\/?p=28533"},"modified":"2024-07-26T19:24:28","modified_gmt":"2024-07-26T17:24:28","slug":"28533","status":"publish","type":"post","link":"https:\/\/edublog.educastur.es\/ixuxu\/2024\/07\/28533\/","title":{"rendered":"Sororid\u00e1 ente muyeres, l&#8217;humild\u00e1 de Karol G convidando a Amaia al so escenariu nel Bernab\u00e9u"},"content":{"rendered":"<blockquote>\n<p style=\"text-align: center\"><a href=\"https:\/\/www.eluniversal.com.co\/resizer\/v2\/URT5DL7SEZDZNOUJYBX6D6NMGM.jpg?auth=c514854401b82d3f1a3ef52f1ffff161b453b234cf5644ac8d3ea52972766afa&amp;focal=623%2C353&amp;width=1200&amp;height=800&amp;quality=70\"><img loading=\"lazy\" decoding=\"async\" class=\"aligncenter size-full\" src=\"https:\/\/www.eluniversal.com.co\/resizer\/v2\/URT5DL7SEZDZNOUJYBX6D6NMGM.jpg?auth=c514854401b82d3f1a3ef52f1ffff161b453b234cf5644ac8d3ea52972766afa&amp;focal=623%2C353&amp;width=1200&amp;height=800&amp;quality=70\" width=\"1200\" height=\"800\" \/><\/a><\/p>\n<\/blockquote>\n<div class=\"html-div xe8uvvx xdj266r x11i5rnm xat24cr x1mh8g0r xexx8yu x4uap5 x18d9i69 xkhd6sd\" dir=\"auto\">\n<div class=\"html-div xe8uvvx xdj266r x11i5rnm xat24cr x1mh8g0r xexx8yu x4uap5 x18d9i69 xkhd6sd\" dir=\"auto\">\n<div class=\"x1iorvi4 x1pi30zi x1l90r2v x1swvt13\" data-ad-comet-preview=\"message\" data-ad-preview=\"message\">\n<div class=\"x78zum5 xdt5ytf xz62fqu x16ldp7u\">\n<div class=\"xu06os2 x1ok221b\">\n<div class=\"x11i5rnm xat24cr x1mh8g0r x1vvkbs xtlvy1s x126k92a\">\n<blockquote>\n<div dir=\"auto\"><em>C\u00f3mo m&#8217;allegr\u00f3 vierte rellumar d&#8217;esa manera y recorda-yos a toos lo grande que yes y lo eternes que son los tos cantares, amiga <a href=\"https:\/\/www.instagram.com\/amaiamonterooficial\/?hl=es\"><strong>@amaiamonterooficial<\/strong><\/a> Y c\u00f3mo me gust\u00f3 afayar l&#8217;arrogancia y l&#8217;humild\u00e1 d&#8217;una mega estrella como\u00a0 <span class=\"html-span xdj266r x11i5rnm xat24cr x1mh8g0r xexx8yu x4uap5 x18d9i69 xkhd6sd x1hl2dhg x16tdsg8 x1vvkbs\"><a class=\"x1i10hfl xjbqb8w x1ejq31n xd10rxx x1sy0etr x17r0tee x972fbf xcfux6l x1qhh985 xm0m39n x9f619 x1ypdohk xt0psk2 xe8uvvx xdj266r x11i5rnm xat24cr x1mh8g0r xexx8yu x4uap5 x18d9i69 xkhd6sd x16tdsg8 x1hl2dhg xggy1nq x1a2a7pz x1sur9pj xkrqix3 x1fey0fg xo1l8bm\" role=\"link\" href=\"https:\/\/l.facebook.com\/l.php?u=https%3A%2F%2Fwww.instagram.com%2F_u%2Fkarolg%3Ffbclid%3DIwZXh0bgNhZW0CMTAAAR2EdgqDIwHY61SYOyQwjo7bocIViKel1o31AzzRO-M_pexD3M-LI3_VS9Y_aem_4KqER23rr4X3XQPaNMhGug&amp;h=AT0MFepzBbwb4ExyOb9KhfqrZCDLZvEFrY9qRarfeeSVeNyrkBxC-5AgjzYpcM86ItZluH1e6hufa8NVPCrY9MQteB3UX2i-5ikpU5jsdVGgOJE9lmGAdJEuB8RL36-0Lcv_SfkY2reCk5wbFQ&amp;__tn__=-UK-y-R&amp;c[0]=AT0BRmEy2mRPwHx7LK20KYgYDtPUDtSAEsl9xzNmeupN5oUx33J1KFF74ucLK1C0RfcWNyQ4XLKdHq40RCYf2JHWcKCQePLcL8OOXEhYde45DSrbwz90L9TPFWi0oeP8obKd1zD9cyog7Vrj3k9OgeOmLvKqBiXGdQzT6G1ebWsAhoQ1bGFM-UsH0-bU8rjlgV7FNt5CDkb7WS3kIsEoUGnVllDH5LlA5_Jf5nN2auN3NR66O9j2vWTknN310ZU\" target=\"_blank\" rel=\"nofollow noopener noreferrer\">@karolg<\/a><\/span> <span class=\"html-span xexx8yu x4uap5 x18d9i69 xkhd6sd x1hl2dhg x16tdsg8 x1vvkbs x3nfvp2 x1j61x8r x1fcty0u xdj266r xat24cr xgzva0m xhhsvwb xxymvpz xlup9mm x1kky2od\"><img loading=\"lazy\" decoding=\"async\" class=\"xz74otr\" src=\"https:\/\/static.xx.fbcdn.net\/images\/emoji.php\/v9\/t85\/1\/16\/1faf6_1f3fc.png\" alt=\"??\" width=\"16\" height=\"16\" \/> (\u00c1lex Ubago)<br \/>\n<\/span><\/em><\/div>\n<\/blockquote>\n<\/div>\n<\/div>\n<\/div>\n<\/div>\n<\/div>\n<\/div>\n<blockquote><p><span style=\"color: #800080\"><em><span style=\"font-size: 20px\"><strong>\u00abDempu\u00e9s de too, ma\u00f1ana va ser guapu\u00bb<\/strong> <\/span>(Karol G)<\/em><\/span><\/p>\n<p>&nbsp;<\/p><\/blockquote>\n<p><!--more--><\/p>\n<p><a href=\"https:\/\/www.youtube.com\/embed\/nYnLVWXmRm8\">Cantando \u201cRoses\u201d, unu de les temes m\u00e1s ic\u00f3nicos de <strong>La oreya de Van Gogh<\/strong><\/a>, la cantante Amaia Montero sosprendi\u00f3 a toos los espectadores al xubir al escenariu nel segundu conciertu de Karol G nel Bernab\u00e9u, n&#8217;Espa\u00f1a. La ex integrante de la mentada banda, apaeci\u00f3 en tarima dempu\u00e9s de dos a\u00f1os y<strong> foi recibida por siquier 60.000 persones<\/strong> que s&#8217;atopaben presentes nel estadiu, entonando les notes del cantar mientres baillaba al pie de Karol G. <a href=\"https:\/\/www.youtube.com\/watch?v=nYnLVWXmRm8\">VIDEU OFICIAL<\/a><\/p>\n<p style=\"text-align: center\"><a href=\"https:\/\/media.glamour.mx\/photos\/66a156eb88ed1e93d71e6e94\/16:9\/w_2560%2Cc_limit\/karol-g-amaia-montero.jpg\"><img loading=\"lazy\" decoding=\"async\" class=\"aligncenter size-full\" src=\"https:\/\/media.glamour.mx\/photos\/66a156eb88ed1e93d71e6e94\/16:9\/w_2560%2Cc_limit\/karol-g-amaia-montero.jpg\" width=\"2560\" height=\"1440\" \/><\/a><\/p>\n<p>\u201cPensaba qu&#8217;enxam\u00e1s volver\u00eda triar un escenariu. Por eso g\u00fcei ye un d\u00eda incre\u00edble para mi. Esti momentu voi guardarlu nel mio coraz\u00f3n y na mio alma\u201d reconoci\u00f3 l&#8217;artista al ver el cari\u00f1osu recibimientu depu\u00e9s de ser anunciada pola colombiana, \u201cg\u00fcei tengo ende a una personita que lleva dos a\u00f1os ensin xubise a un escenariu y ta nerviosa, pero van regala-y una de les meyores nueches de la so vida\u201d.<\/p>\n<p style=\"text-align: center\"><a href=\"https:\/\/laprensademonagas.com\/wp-content\/uploads\/2024\/07\/GTOc2ikWAAExOcn.jpg\"><img loading=\"lazy\" decoding=\"async\" class=\"aligncenter size-full\" src=\"https:\/\/laprensademonagas.com\/wp-content\/uploads\/2024\/07\/GTOc2ikWAAExOcn.jpg\" width=\"901\" height=\"1200\" \/><\/a><\/p>\n<p style=\"text-align: center\"><a href=\"https:\/\/www.hotelmadridrio.com\/wp-content\/uploads\/2023\/12\/Karol-G-Concierto-Madrid-2.jpg\"><img loading=\"lazy\" decoding=\"async\" class=\"aligncenter size-full\" src=\"https:\/\/www.hotelmadridrio.com\/wp-content\/uploads\/2023\/12\/Karol-G-Concierto-Madrid-2.jpg\" width=\"1170\" height=\"600\" \/><\/a><\/p>\n\n<!-- iframe plugin v.6.0 wordpress.org\/plugins\/iframe\/ -->\n<iframe loading=\"lazy\" width=\"100%\" height=\"523\" src=\"https:\/\/www.youtube.com\/embed\/NupO3sHdULU\" title=\"KAROL G &amp;amp; Amaia Montero - Rosas | Ma\u00f1ana Ser\u00e1 Bonito Tour | Santiago Bernab\u00e9u, Madrid 21.07.2024\" frameborder=\"0\" allow=\"accelerometer; autoplay; clipboard-write; encrypted-media; gyroscope; picture-in-picture; web-share\" referrerpolicy=\"strict-origin-when-cross-origin\" 0=\"allowfullscreen\" 1=\"\/iframe\" scrolling=\"yes\" class=\"iframe-class\"><\/iframe>\n\n<p style=\"text-align: center\"><a href=\"https:\/\/s1.elespanol.com\/2024\/07\/23\/actualidad\/872673255_247991925_855x1140.jpg\"><img loading=\"lazy\" decoding=\"async\" class=\"aligncenter size-full\" src=\"https:\/\/s1.elespanol.com\/2024\/07\/23\/actualidad\/872673255_247991925_855x1140.jpg\" width=\"855\" height=\"1140\" \/><\/a><\/p>\n<p style=\"text-align: center\"><a href=\"https:\/\/www.hotelmadridrio.com\/wp-content\/uploads\/2023\/12\/Karol-G-Concierto-Madrid-2.jpg\">[<\/a>iframe width=\u00bb100%\u00bb height=\u00bb523&#8243; src=\u00bbhttps:\/\/www.youtube.com\/embed\/lUh-kYNOh4c\u00bb title=\u00bbAmaia Montero reaparece tras dos a\u00f1os fuera de los escenarios y canta &#8216;Rosas&#8217; junto a Karol G\u00bb frameborder=\u00bb0&#8243; allow=\u00bbaccelerometer; autoplay; clipboard-write; encrypted-media; gyroscope; picture-in-picture; web-share\u00bb referrerpolicy=\u00bbstrict-origin-when-cross-origin\u00bb allowfullscreen \/iframe]<\/p>\n\n<!-- iframe plugin v.6.0 wordpress.org\/plugins\/iframe\/ -->\n<iframe loading=\"lazy\" width=\"100%\" height=\"523\" src=\"https:\/\/www.youtube.com\/embed\/nYnLVWXmRm8\" title=\"La Oreja de Van Gogh - Rosas (V\u00eddeo Oficial)\" frameborder=\"0\" allow=\"accelerometer; autoplay; clipboard-write; encrypted-media; gyroscope; picture-in-picture; web-share\" referrerpolicy=\"strict-origin-when-cross-origin\" 0=\"allowfullscreen\" 1=\"\/iframe\" scrolling=\"yes\" class=\"iframe-class\"><\/iframe>\n\n<p>&nbsp;<\/p>\n","protected":false},"excerpt":{"rendered":"<p>C\u00f3mo m&#8217;allegr\u00f3 vierte rellumar d&#8217;esa manera y recorda-yos a toos lo grande que yes y lo eternes que son los tos cantares, amiga @amaiamonterooficial Y c\u00f3mo me gust\u00f3 afayar l&#8217;arrogancia y l&#8217;humild\u00e1 d&#8217;una mega estrella como\u00a0 @karolg (\u00c1lex Ubago) \u00abDempu\u00e9s de too, ma\u00f1ana va ser guapu\u00bb (Karol G) &nbsp;<\/p>\n","protected":false},"author":117,"featured_media":0,"comment_status":"open","ping_status":"open","sticky":false,"template":"","format":"standard","meta":{"footnotes":""},"categories":[176],"tags":[],"class_list":["post-28533","post","type-post","status-publish","format-standard","hentry","category-conciertu"],"_links":{"self":[{"href":"https:\/\/edublog.educastur.es\/ixuxu\/wp-json\/wp\/v2\/posts\/28533","targetHints":{"allow":["GET"]}}],"collection":[{"href":"https:\/\/edublog.educastur.es\/ixuxu\/wp-json\/wp\/v2\/posts"}],"about":[{"href":"https:\/\/edublog.educastur.es\/ixuxu\/wp-json\/wp\/v2\/types\/post"}],"author":[{"embeddable":true,"href":"https:\/\/edublog.educastur.es\/ixuxu\/wp-json\/wp\/v2\/users\/117"}],"replies":[{"embeddable":true,"href":"https:\/\/edublog.educastur.es\/ixuxu\/wp-json\/wp\/v2\/comments?post=28533"}],"version-history":[{"count":9,"href":"https:\/\/edublog.educastur.es\/ixuxu\/wp-json\/wp\/v2\/posts\/28533\/revisions"}],"predecessor-version":[{"id":28542,"href":"https:\/\/edublog.educastur.es\/ixuxu\/wp-json\/wp\/v2\/posts\/28533\/revisions\/28542"}],"wp:attachment":[{"href":"https:\/\/edublog.educastur.es\/ixuxu\/wp-json\/wp\/v2\/media?parent=28533"}],"wp:term":[{"taxonomy":"category","embeddable":true,"href":"https:\/\/edublog.educastur.es\/ixuxu\/wp-json\/wp\/v2\/categories?post=28533"},{"taxonomy":"post_tag","embeddable":true,"href":"https:\/\/edublog.educastur.es\/ixuxu\/wp-json\/wp\/v2\/tags?post=28533"}],"curies":[{"name":"wp","href":"https:\/\/api.w.org\/{rel}","templated":true}]}}