{"id":28554,"date":"2024-07-27T10:00:38","date_gmt":"2024-07-27T08:00:38","guid":{"rendered":"https:\/\/edublog.educastur.es\/ixuxu\/?p=28554"},"modified":"2024-07-28T18:05:56","modified_gmt":"2024-07-28T16:05:56","slug":"deportistes-espanoles","status":"publish","type":"post","link":"https:\/\/edublog.educastur.es\/ixuxu\/2024\/07\/deportistes-espanoles\/","title":{"rendered":"Deportistes espa\u00f1oles"},"content":{"rendered":"<p>???? ????? apaez como relevista de l&#8217;antorcha tomando&#8217;l testigu de Zidane. \/ <a href=\"https:\/\/www.facebook.com\/EurosportES\/videos\/1928874154217887\">Videu<\/a><\/p>\n<ul>\n<li>Noticies: <a href=\"https:\/\/www.mundodeportivo.com\/juegos-olimpicos\/20240726\/1002288140\/paris-rinde-rafa-nadal-sorpreson-final-ceremonia-inauguracion.html\">Mundo Deportivo<\/a> \/ <a href=\"https:\/\/www.hola.com\/actualidad\/20240727709391\/rafa-nadal-mejores-imagenes-inauguracion-juegos-olimpicos-paris-2024\/\">Hola.com<\/a> \/ <a href=\"https:\/\/www.eldebate.com\/deportes\/juegos-olimpicos\/20240726\/embarcacion-atletas-espanoles-nadal-reyes-otras-imagenes-ceremonia-inaugural-juegos-paris_216212.html#image2\">El Debate<\/a> \/ <a href=\"https:\/\/www.facebook.com\/photo\/?fbid=886193283350815&amp;set=pcb.1553919805219244\">Semeyes Xavi Montero<\/a> \/<\/li>\n<\/ul>\n<p style=\"text-align: center\"><a href=\"https:\/\/www.hola.com\/horizon\/original_aspect_ratio\/1ee147689d18-gettyimages-2162951733.jpg?im=Resize=(960),type=downsize\"><img loading=\"lazy\" decoding=\"async\" class=\"aligncenter size-full\" src=\"https:\/\/www.hola.com\/horizon\/original_aspect_ratio\/1ee147689d18-gettyimages-2162951733.jpg?im=Resize=(960),type=downsize\" width=\"747\" height=\"1024\" \/><\/a><!--more--><\/p>\n<p style=\"text-align: center\">\n<!-- iframe plugin v.6.0 wordpress.org\/plugins\/iframe\/ -->\n<iframe loading=\"lazy\" src=\"https:\/\/www.facebook.com\/plugins\/video.php?height=476&#038;href=https%3A%2F%2Fwww.facebook.com%2FEurosportES%2Fvideos%2F1928874154217887%2F&#038;show_text=false&#038;width=380&#038;t=0\" width=\"380\" height=\"476\" style=\"border:none;overflow:hidden\" scrolling=\"no\" frameborder=\"0\" allowfullscreen=\"true\" allow=\"autoplay; clipboard-write; encrypted-media; picture-in-picture; web-share\" 0=\"\/iframe\" class=\"iframe-class\"><\/iframe>\n<\/p>\n<p style=\"text-align: center\">\n<!-- iframe plugin v.6.0 wordpress.org\/plugins\/iframe\/ -->\n<iframe loading=\"lazy\" width=\"643\" height=\"362\" src=\"https:\/\/www.youtube.com\/embed\/TlZVgXC30ik\" title=\"BRUTAL PRIMERA IMAGEN ABANDERADOS ESPA\u00d1A en el SENA pone los PELOS DE PUNTA | PAR\u00cdS JJOO 2024\" frameborder=\"0\" allow=\"accelerometer; autoplay; clipboard-write; encrypted-media; gyroscope; picture-in-picture; web-share\" referrerpolicy=\"strict-origin-when-cross-origin\" 0=\"allowfullscreen\" 1=\"\/iframe\" scrolling=\"yes\" class=\"iframe-class\"><\/iframe>\n<\/p>\n<p style=\"text-align: center\">\n<!-- iframe plugin v.6.0 wordpress.org\/plugins\/iframe\/ -->\n<iframe loading=\"lazy\" width=\"643\" height=\"362\" src=\"https:\/\/www.youtube.com\/embed\/_LUzKNqmOW4\" title=\"CEREMONIA INAUGURAL JJOO PAR\u00cdS 2024: AS\u00cd LO VIVI\u00d3 ESPA\u00d1A DESDE DENTRO\" frameborder=\"0\" allow=\"accelerometer; autoplay; clipboard-write; encrypted-media; gyroscope; picture-in-picture; web-share\" referrerpolicy=\"strict-origin-when-cross-origin\" 0=\"allowfullscreen\" 1=\"\/iframe\" scrolling=\"yes\" class=\"iframe-class\"><\/iframe>\n<\/p>\n<p style=\"text-align: center\"><a href=\"https:\/\/imagenes.eldebate.com\/files\/main_gallery\/uploads\/2024\/07\/26\/66a3ea01be711.jpeg\"><img loading=\"lazy\" decoding=\"async\" class=\"aligncenter size-full\" src=\"https:\/\/imagenes.eldebate.com\/files\/main_gallery\/uploads\/2024\/07\/26\/66a3ea01be711.jpeg\" width=\"780\" height=\"520\" \/><\/a><\/p>\n<p style=\"text-align: center\">\n<!-- iframe plugin v.6.0 wordpress.org\/plugins\/iframe\/ -->\n<iframe loading=\"lazy\" src=\"https:\/\/www.facebook.com\/plugins\/post.php?href=https%3A%2F%2Fwww.facebook.com%2Fphoto.php%3Ffbid%3D1032592758870596%26set%3Da.136102875186260%26type%3D3&#038;show_text=false&#038;width=500\" width=\"500\" height=\"645\" style=\"border:none;overflow:hidden\" scrolling=\"no\" frameborder=\"0\" allowfullscreen=\"true\" allow=\"autoplay; clipboard-write; encrypted-media; picture-in-picture; web-share\" 0=\"\/iframe\" class=\"iframe-class\"><\/iframe>\n<\/p>\n<p style=\"text-align: center\"><a href=\"https:\/\/imagenes.eldebate.com\/files\/main_gallery\/uploads\/2024\/07\/26\/66a4020b9fb99.jpeg\"><img loading=\"lazy\" decoding=\"async\" class=\"aligncenter size-full\" src=\"https:\/\/imagenes.eldebate.com\/files\/main_gallery\/uploads\/2024\/07\/26\/66a4020b9fb99.jpeg\" width=\"780\" height=\"520\" \/><\/a><\/p>\n","protected":false},"excerpt":{"rendered":"<p>???? ????? apaez como relevista de l&#8217;antorcha tomando&#8217;l testigu de Zidane. \/ Videu Noticies: Mundo Deportivo \/ Hola.com \/ El Debate \/ Semeyes Xavi Montero \/<\/p>\n","protected":false},"author":117,"featured_media":0,"comment_status":"open","ping_status":"open","sticky":false,"template":"","format":"standard","meta":{"footnotes":""},"categories":[186],"tags":[],"class_list":["post-28554","post","type-post","status-publish","format-standard","hentry","category-xuegos-olimpicos"],"_links":{"self":[{"href":"https:\/\/edublog.educastur.es\/ixuxu\/wp-json\/wp\/v2\/posts\/28554","targetHints":{"allow":["GET"]}}],"collection":[{"href":"https:\/\/edublog.educastur.es\/ixuxu\/wp-json\/wp\/v2\/posts"}],"about":[{"href":"https:\/\/edublog.educastur.es\/ixuxu\/wp-json\/wp\/v2\/types\/post"}],"author":[{"embeddable":true,"href":"https:\/\/edublog.educastur.es\/ixuxu\/wp-json\/wp\/v2\/users\/117"}],"replies":[{"embeddable":true,"href":"https:\/\/edublog.educastur.es\/ixuxu\/wp-json\/wp\/v2\/comments?post=28554"}],"version-history":[{"count":12,"href":"https:\/\/edublog.educastur.es\/ixuxu\/wp-json\/wp\/v2\/posts\/28554\/revisions"}],"predecessor-version":[{"id":28672,"href":"https:\/\/edublog.educastur.es\/ixuxu\/wp-json\/wp\/v2\/posts\/28554\/revisions\/28672"}],"wp:attachment":[{"href":"https:\/\/edublog.educastur.es\/ixuxu\/wp-json\/wp\/v2\/media?parent=28554"}],"wp:term":[{"taxonomy":"category","embeddable":true,"href":"https:\/\/edublog.educastur.es\/ixuxu\/wp-json\/wp\/v2\/categories?post=28554"},{"taxonomy":"post_tag","embeddable":true,"href":"https:\/\/edublog.educastur.es\/ixuxu\/wp-json\/wp\/v2\/tags?post=28554"}],"curies":[{"name":"wp","href":"https:\/\/api.w.org\/{rel}","templated":true}]}}