{"id":28579,"date":"2024-07-27T20:20:27","date_gmt":"2024-07-27T18:20:27","guid":{"rendered":"https:\/\/edublog.educastur.es\/ixuxu\/?p=28579"},"modified":"2024-07-27T20:20:51","modified_gmt":"2024-07-27T18:20:51","slug":"plan-nacional-contral-calor-2024","status":"publish","type":"post","link":"https:\/\/edublog.educastur.es\/ixuxu\/2024\/07\/plan-nacional-contral-calor-2024\/","title":{"rendered":"Plan Nacional contra&#8217;l Calor 2024"},"content":{"rendered":"<ul>\n<li>Fonte: <a href=\"https:\/\/actualidad.asturias.es\/-\/salud-activa-el-m%C3%A1ximo-nivel-de-alerta-por-altas-temperaturas-en-asturias?redirect=%2Fnoticias\">Asturies<\/a> \/ <a href=\"https:\/\/actualidad.asturias.es\/documents\/537115\/2009753\/Recomendaciones+altas+temperaturas.jpg\/9b756321-1faa-0527-5aa0-443b098fd9d8?t=1721997832543\">cartelu<\/a> \/<\/li>\n<\/ul>\n<p style=\"text-align: center\"><a href=\"https:\/\/actualidad.asturias.es\/documents\/537115\/2009753\/Recomendaciones+altas+temperaturas.jpg\/9b756321-1faa-0527-5aa0-443b098fd9d8?t=1721997832543\"><img loading=\"lazy\" decoding=\"async\" class=\"aligncenter size-full\" src=\"https:\/\/actualidad.asturias.es\/documents\/537115\/2009753\/Recomendaciones+altas+temperaturas.jpg\/9b756321-1faa-0527-5aa0-443b098fd9d8?t=1721997832543\" width=\"526\" height=\"719\" \/><\/a><\/p>\n<p>La Conseyer\u00eda de Sal\u00fa activ\u00f3&#8217;l nivel d&#8217;alerta 3 (riesgu m\u00e1ximo) del Plan Nacional d&#8217;Actuaciones Preventives de los Efectos de los Escesos de Temperatura sobro la Sal\u00fa 2024, \u00e9nte les previsiones de l&#8217;Axencia Estatal de Meteorolox\u00eda (Aemet), qu&#8217;establecen temperatures m\u00e1ximes que van superar los 25 graos na contorna del Suroccidente y nos Picos d&#8217;Europa.<\/p>\n<p><!--more--><\/p>\n<p>La previsi\u00f3n de l&#8217;Aemet ye que les altes temperatures sigan siquier hasta rematar el mes, algamando m\u00e1ximes de m\u00e1s de 29 graos nel suroccidente mientres el domingu, y temperatures percima de los 34 graos el llunes.<\/p>\n<p>&nbsp;<\/p>\n<p>Les autoridaes sanitaries aconseyen a tola poblaci\u00f3n que se protexa de les radiaciones solares, s&#8217;hidrate y evite el consumu de b\u00e9bores alcoh\u00f3liques. Am\u00e1s, aportunen na protecci\u00f3n a la poblaci\u00f3n m\u00e1s vulnerable al calor, esto ye, a quien sufren enfermedaes cr\u00f3niques o trabayen al campu y a los ne\u00f1os y ne\u00f1es.<\/p>\n<p>Tami\u00e9n encamienten que se caltengan en fr\u00edu los alimentos, y\u00e1 que col calor aumenta&#8217;l riesgu d&#8217;infecciones alimentaries.<\/p>\n<p>La Direcci\u00f3n Xeneral de Sal\u00fa P\u00fablica y\u00e1 unvi\u00f3 a los centros sanitarios, a la Conseyer\u00eda de Derechos Sociales y Bienestar y a la Federaci\u00f3n Asturiana de Conceyos (ACC) la documentaci\u00f3n, qu&#8217;incl\u00fai los siguientes encamientos sanitarios \u00e9nte esta situaci\u00f3n d&#8217;altes temperatures:<\/p>\n<p><span style=\"color: #008080\"><strong><em>Beba agua y l\u00edquidos con frecuencia, anque nun sienta sei y con independencia de l&#8217;activid\u00e1 f\u00edsica que realice.<\/em><\/strong><\/span><\/p>\n<p><span style=\"color: #008080\"><strong><em>Evite les b\u00e9bores con cafe\u00edna, alcohol o bien azucaradas, y\u00e1 que pueden favorecer la deshidrataci\u00f3n.<\/em><\/strong><\/span><\/p>\n<p><span style=\"color: #008080\"><strong><em>Anque cualquier persona puede sufrir un problema rellacion\u00e1u col calor, empreste especial atenci\u00f3n a \u00f1\u00e1caros y menores, lactantes y muyeres xestantes, seg\u00fan persones mayores o con enfermedaes que puedan agravase col calor (como les enfermedaes cardiaques, renales, diabetes, hipertensi\u00f3n, obesid\u00e1, c\u00e1ncer, patolox\u00edes qu&#8217;enzanquen la movilid\u00e1, llocura y otres enfermedaes mentales, seg\u00fan l&#8217;abusu de drogues o alcohol).<\/em><\/strong><\/span><\/p>\n<p><span style=\"color: #008080\"><strong><em>Permaneza&#8217;l mayor tiempu posible en llugares frescos, a la solombra o climatizaos, y enfr\u00e9squese cada vegada que lo precise.<\/em><\/strong><\/span><\/p>\n<p><span style=\"color: #008080\"><strong><em>Procure amenorgar l&#8217;activid\u00e1 f\u00edsica y evite realizar deportes al campu nes hores centrales del d\u00eda.<\/em><\/strong><\/span><\/p>\n<p><span style=\"color: #008080\"><strong><em>Use ropa llixero, folgosa y que dexe transpirar.<\/em><\/strong><\/span><\/p>\n<p><span style=\"color: #008080\"><strong><em>Nunca dexe a nenguna persona nun veh\u00edculu aparcao y zarrao (especialmente a persones menores d&#8217;ed\u00e1, mayores o con enfermedaes cr\u00f3niques).<\/em><\/strong><\/span><\/p>\n<p><span style=\"color: #008080\"><strong><em>Consulte al so profesional sanitariu \u00e9nte s\u00edntomes que s&#8217;enllarguen m\u00e1s d&#8217;una hora y que puedan tar rellacionaos coles altes temperatures.<\/em><\/strong><\/span><\/p>\n<p><span style=\"color: #008080\"><strong><em>Caltenga les sos medicines nun llugar frescu; el calor puede alteriar la so composici\u00f3n y los sos efectos.<\/em><\/strong><\/span><\/p>\n<p><span style=\"color: #008080\"><strong><em>Faiga com\u00edes llixeres qu&#8217;ayuden a reponer los sales perd\u00edos pol sudu (ensalaes, frutes, verdures, zusmios, etc.)<\/em><\/strong><\/span><\/p>\n<p>&nbsp;<\/p>\n","protected":false},"excerpt":{"rendered":"<p>Fonte: Asturies \/ cartelu \/ La Conseyer\u00eda de Sal\u00fa activ\u00f3&#8217;l nivel d&#8217;alerta 3 (riesgu m\u00e1ximo) del Plan Nacional d&#8217;Actuaciones Preventives de los Efectos de los Escesos de Temperatura sobro la Sal\u00fa 2024, \u00e9nte les previsiones de l&#8217;Axencia Estatal de Meteorolox\u00eda (Aemet), qu&#8217;establecen temperatures m\u00e1ximes que van superar los 25 graos na contorna del Suroccidente y [&hellip;]<\/p>\n","protected":false},"author":117,"featured_media":0,"comment_status":"open","ping_status":"open","sticky":false,"template":"","format":"standard","meta":{"footnotes":""},"categories":[1],"tags":[],"class_list":["post-28579","post","type-post","status-publish","format-standard","hentry","category-sin-categoria"],"_links":{"self":[{"href":"https:\/\/edublog.educastur.es\/ixuxu\/wp-json\/wp\/v2\/posts\/28579","targetHints":{"allow":["GET"]}}],"collection":[{"href":"https:\/\/edublog.educastur.es\/ixuxu\/wp-json\/wp\/v2\/posts"}],"about":[{"href":"https:\/\/edublog.educastur.es\/ixuxu\/wp-json\/wp\/v2\/types\/post"}],"author":[{"embeddable":true,"href":"https:\/\/edublog.educastur.es\/ixuxu\/wp-json\/wp\/v2\/users\/117"}],"replies":[{"embeddable":true,"href":"https:\/\/edublog.educastur.es\/ixuxu\/wp-json\/wp\/v2\/comments?post=28579"}],"version-history":[{"count":2,"href":"https:\/\/edublog.educastur.es\/ixuxu\/wp-json\/wp\/v2\/posts\/28579\/revisions"}],"predecessor-version":[{"id":28581,"href":"https:\/\/edublog.educastur.es\/ixuxu\/wp-json\/wp\/v2\/posts\/28579\/revisions\/28581"}],"wp:attachment":[{"href":"https:\/\/edublog.educastur.es\/ixuxu\/wp-json\/wp\/v2\/media?parent=28579"}],"wp:term":[{"taxonomy":"category","embeddable":true,"href":"https:\/\/edublog.educastur.es\/ixuxu\/wp-json\/wp\/v2\/categories?post=28579"},{"taxonomy":"post_tag","embeddable":true,"href":"https:\/\/edublog.educastur.es\/ixuxu\/wp-json\/wp\/v2\/tags?post=28579"}],"curies":[{"name":"wp","href":"https:\/\/api.w.org\/{rel}","templated":true}]}}