{"id":28597,"date":"2024-07-28T10:55:20","date_gmt":"2024-07-28T08:55:20","guid":{"rendered":"https:\/\/edublog.educastur.es\/ixuxu\/?p=28597"},"modified":"2024-07-28T10:55:29","modified_gmt":"2024-07-28T08:55:29","slug":"paca-y-molina-ya-dan-nome-a-les-aules-de-la-escuelina-de-proaza","status":"publish","type":"post","link":"https:\/\/edublog.educastur.es\/ixuxu\/2024\/07\/paca-y-molina-ya-dan-nome-a-les-aules-de-la-escuelina-de-proaza\/","title":{"rendered":"Paca y Molina y\u00e1 dan nome a les aules de la escuelina de Proaza"},"content":{"rendered":"<ul>\n<li>Fonte: <a href=\"https:\/\/lavozdeltrubia.es\/2024\/07\/26\/paca-y-molina-ya-dan-nombre-a-las-aulas-de-la-escuelina-de-proaza\/?fbclid=IwY2xjawES5illeHRuA2FlbQIxMQABHdEEnOba-a6YgUefzfvJ2ongRptyjz6xBNrfExSrxI2qceISEUgQOjniWg_aem__dFdqAtzBTzmQC3InxND8A\">La Voz del Trubia<\/a> \/<\/li>\n<\/ul>\n<p>La Fundaci\u00f3n Oso d&#8217;Asturies apurri\u00f3 a los peque\u00f1os y pequenes dos peluches de les oses, que van ser les mascotes de la escuela infantil. Representantes de la <strong>Fundaci\u00f3n Oso d&#8217;Asturies<\/strong> na inauguraci\u00f3n de les aules de la escuela infantil de Proaza.<\/p>\n<p style=\"text-align: center\"><a href=\"https:\/\/lavozdeltrubia.es\/wp-content\/uploads\/2024\/07\/osinos-ecuela-infantil-proaza.jpeg\"><img loading=\"lazy\" decoding=\"async\" class=\"aligncenter size-full\" src=\"https:\/\/lavozdeltrubia.es\/wp-content\/uploads\/2024\/07\/osinos-ecuela-infantil-proaza.jpeg\" width=\"1080\" height=\"1080\" \/><\/a><!--more--><\/p>\n<p>La escuela infantil de Proaza inaugur\u00f3 ayeri les dos aules coles que va cuntar el pr\u00f3ximu cursu, que van llevar el nome de les oses Paca y Molina. La osa m\u00e1s mayor va dar el so nome a l&#8217;aula de los mayores, y la de los \u00f1\u00e1caros recibe&#8217;l de la m\u00e1s nueva, Molina. Personal de la Fundaci\u00f3n Oso d&#8217;Asturies alleg\u00f3 a la escuela pal actu oficial, nel que nun falt\u00f3 una alcordanza pa Tola, hermana de Paca que morri\u00f3 va unos a\u00f1os. La FOA regal\u00f3 a los peque\u00f1os y pequenes dos peluches de les oses, que van ser les mascotes de les aules l&#8217;a\u00f1u que vien.<\/p>\n<p>&nbsp;<\/p>\n","protected":false},"excerpt":{"rendered":"<p>Fonte: La Voz del Trubia \/ La Fundaci\u00f3n Oso d&#8217;Asturies apurri\u00f3 a los peque\u00f1os y pequenes dos peluches de les oses, que van ser les mascotes de la escuela infantil. Representantes de la Fundaci\u00f3n Oso d&#8217;Asturies na inauguraci\u00f3n de les aules de la escuela infantil de Proaza.<\/p>\n","protected":false},"author":117,"featured_media":0,"comment_status":"open","ping_status":"open","sticky":false,"template":"","format":"standard","meta":{"footnotes":""},"categories":[341],"tags":[],"class_list":["post-28597","post","type-post","status-publish","format-standard","hentry","category-escuelines"],"_links":{"self":[{"href":"https:\/\/edublog.educastur.es\/ixuxu\/wp-json\/wp\/v2\/posts\/28597","targetHints":{"allow":["GET"]}}],"collection":[{"href":"https:\/\/edublog.educastur.es\/ixuxu\/wp-json\/wp\/v2\/posts"}],"about":[{"href":"https:\/\/edublog.educastur.es\/ixuxu\/wp-json\/wp\/v2\/types\/post"}],"author":[{"embeddable":true,"href":"https:\/\/edublog.educastur.es\/ixuxu\/wp-json\/wp\/v2\/users\/117"}],"replies":[{"embeddable":true,"href":"https:\/\/edublog.educastur.es\/ixuxu\/wp-json\/wp\/v2\/comments?post=28597"}],"version-history":[{"count":1,"href":"https:\/\/edublog.educastur.es\/ixuxu\/wp-json\/wp\/v2\/posts\/28597\/revisions"}],"predecessor-version":[{"id":28598,"href":"https:\/\/edublog.educastur.es\/ixuxu\/wp-json\/wp\/v2\/posts\/28597\/revisions\/28598"}],"wp:attachment":[{"href":"https:\/\/edublog.educastur.es\/ixuxu\/wp-json\/wp\/v2\/media?parent=28597"}],"wp:term":[{"taxonomy":"category","embeddable":true,"href":"https:\/\/edublog.educastur.es\/ixuxu\/wp-json\/wp\/v2\/categories?post=28597"},{"taxonomy":"post_tag","embeddable":true,"href":"https:\/\/edublog.educastur.es\/ixuxu\/wp-json\/wp\/v2\/tags?post=28597"}],"curies":[{"name":"wp","href":"https:\/\/api.w.org\/{rel}","templated":true}]}}