{"id":28610,"date":"2024-07-27T09:00:18","date_gmt":"2024-07-27T07:00:18","guid":{"rendered":"https:\/\/edublog.educastur.es\/ixuxu\/?p=28610"},"modified":"2024-07-28T12:37:46","modified_gmt":"2024-07-28T10:37:46","slug":"28610","status":"publish","type":"post","link":"https:\/\/edublog.educastur.es\/ixuxu\/2024\/07\/28610\/","title":{"rendered":"Los hermanos Montgolfier, pioneros franceses del globu aerost\u00e1ticu"},"content":{"rendered":"<p>Asina amanez Par\u00eds. Como la ceremonia tuvo infintes referencies a una cultura tan pero tan prol\u00edfica, equ\u00ed una m\u00e1s: el pebeteru ol\u00edmpicu, que va allumar la nueche parisina tol mes,<strong> inspirase nos hermanos Montgolfier, pioneros franceses del globu aerost\u00e1ticu.<\/strong><\/p>\n<ul>\n<li><a href=\"https:\/\/www.facebook.com\/photo\/?fbid=904121521731680&amp;set=a.441677617976075\">Semeya<\/a><strong> \/ <\/strong><a href=\"https:\/\/www.telemadrid.es\/2024\/07\/27\/deportes\/_2691940782_46472951_1300x731.jpg\">encendido<\/a><strong> \/<br \/>\n<\/strong><\/li>\n<li><a href=\"https:\/\/es.wikipedia.org\/wiki\/Globo_aerost%C3%A1tico\">Globu aerost\u00e1ticu: wiki<\/a> \/ semeyes\/<\/li>\n<\/ul>\n<p style=\"text-align: center\"><a href=\"https:\/\/static-live.nmas.com.mx\/nmas-video\/s3fs-public\/styles\/large\/cloud-storage\/2024-07\/pebetero%20globo%20paris%202024.jpg?itok=_kiOG2bc\"><img loading=\"lazy\" decoding=\"async\" class=\"aligncenter size-full\" src=\"https:\/\/static-live.nmas.com.mx\/nmas-video\/s3fs-public\/styles\/large\/cloud-storage\/2024-07\/pebetero%20globo%20paris%202024.jpg?itok=_kiOG2bc\" width=\"1920\" height=\"1080\" \/><\/a><!--more--><\/p>\n<p style=\"text-align: center\">\n<!-- iframe plugin v.6.0 wordpress.org\/plugins\/iframe\/ -->\n<iframe loading=\"lazy\" src=\"https:\/\/www.facebook.com\/plugins\/post.php?href=https%3A%2F%2Fwww.facebook.com%2Fesfera.publica%2Fposts%2Fpfbid0X4B3JkTTrRyXtKKGVqtt4iodB83tRsxHK2xW6iCaehzsSHVDghgKNEDG4WdcSfdJl&#038;show_text=false&#038;width=500\" width=\"500\" height=\"375\" style=\"border:none;overflow:hidden\" scrolling=\"no\" frameborder=\"0\" allowfullscreen=\"true\" allow=\"autoplay; clipboard-write; encrypted-media; picture-in-picture; web-share\" 0=\"\/iframe\" class=\"iframe-class\"><\/iframe>\n<\/p>\n<p>&nbsp;<\/p>\n<p style=\"text-align: center\">\n<!-- iframe plugin v.6.0 wordpress.org\/plugins\/iframe\/ -->\n<iframe loading=\"lazy\" width=\"100%\" height=\"395\" src=\"https:\/\/www.youtube.com\/embed\/fZvwi9wOdz8\" title=\"Iniciaron los Juegos Ol\u00edmpicos de 2024 en Par\u00eds con una \u00e9pica e hist\u00f3rica ceremonia | El Espectador\" frameborder=\"0\" allow=\"accelerometer; autoplay; clipboard-write; encrypted-media; gyroscope; picture-in-picture; web-share\" referrerpolicy=\"strict-origin-when-cross-origin\" 0=\"allowfullscreen\" 1=\"\/iframe\" scrolling=\"yes\" class=\"iframe-class\"><\/iframe>\n<\/p>\n<p>&nbsp;<\/p>\n<p>Los hermanos Montgolfier realizaron la primer demostraci\u00f3n p\u00fablica del so nuevu inventu&#8217;l 4 de xunu de 1783 en Francia. El so sua\u00f1u de llegar hasta&#8217;l cielu fixo realid\u00e1. La idea del globu aerost\u00e1ticu empez\u00f3 a crease cuando los hermanos taben sentaos frente a una foguera.<\/p>\n<p style=\"text-align: center\"><a href=\"https:\/\/upload.wikimedia.org\/wikipedia\/commons\/thumb\/9\/98\/Air-balloons.jpg\/800px-Air-balloons.jpg\"><img loading=\"lazy\" decoding=\"async\" class=\"aligncenter size-full\" src=\"https:\/\/upload.wikimedia.org\/wikipedia\/commons\/thumb\/9\/98\/Air-balloons.jpg\/800px-Air-balloons.jpg\" width=\"800\" height=\"1040\" \/><\/a><\/p>\n<p style=\"text-align: center\"><a href=\"https:\/\/upload.wikimedia.org\/wikipedia\/commons\/thumb\/8\/82\/Ascensi%C3%B3n_de_un_Montgolfier_en_Aranjuez.jpg\/1920px-Ascensi%C3%B3n_de_un_Montgolfier_en_Aranjuez.jpg\"><img loading=\"lazy\" decoding=\"async\" class=\"aligncenter size-full\" src=\"https:\/\/upload.wikimedia.org\/wikipedia\/commons\/thumb\/8\/82\/Ascensi%C3%B3n_de_un_Montgolfier_en_Aranjuez.jpg\/1920px-Ascensi%C3%B3n_de_un_Montgolfier_en_Aranjuez.jpg\" width=\"1920\" height=\"1140\" \/><\/a><\/p>\n","protected":false},"excerpt":{"rendered":"<p>Asina amanez Par\u00eds. Como la ceremonia tuvo infintes referencies a una cultura tan pero tan prol\u00edfica, equ\u00ed una m\u00e1s: el pebeteru ol\u00edmpicu, que va allumar la nueche parisina tol mes, inspirase nos hermanos Montgolfier, pioneros franceses del globu aerost\u00e1ticu. Semeya \/ encendido \/ Globu aerost\u00e1ticu: wiki \/ semeyes\/<\/p>\n","protected":false},"author":117,"featured_media":0,"comment_status":"open","ping_status":"open","sticky":false,"template":"","format":"standard","meta":{"footnotes":""},"categories":[99,186],"tags":[],"class_list":["post-28610","post","type-post","status-publish","format-standard","hentry","category-inventos","category-xuegos-olimpicos"],"_links":{"self":[{"href":"https:\/\/edublog.educastur.es\/ixuxu\/wp-json\/wp\/v2\/posts\/28610","targetHints":{"allow":["GET"]}}],"collection":[{"href":"https:\/\/edublog.educastur.es\/ixuxu\/wp-json\/wp\/v2\/posts"}],"about":[{"href":"https:\/\/edublog.educastur.es\/ixuxu\/wp-json\/wp\/v2\/types\/post"}],"author":[{"embeddable":true,"href":"https:\/\/edublog.educastur.es\/ixuxu\/wp-json\/wp\/v2\/users\/117"}],"replies":[{"embeddable":true,"href":"https:\/\/edublog.educastur.es\/ixuxu\/wp-json\/wp\/v2\/comments?post=28610"}],"version-history":[{"count":7,"href":"https:\/\/edublog.educastur.es\/ixuxu\/wp-json\/wp\/v2\/posts\/28610\/revisions"}],"predecessor-version":[{"id":28644,"href":"https:\/\/edublog.educastur.es\/ixuxu\/wp-json\/wp\/v2\/posts\/28610\/revisions\/28644"}],"wp:attachment":[{"href":"https:\/\/edublog.educastur.es\/ixuxu\/wp-json\/wp\/v2\/media?parent=28610"}],"wp:term":[{"taxonomy":"category","embeddable":true,"href":"https:\/\/edublog.educastur.es\/ixuxu\/wp-json\/wp\/v2\/categories?post=28610"},{"taxonomy":"post_tag","embeddable":true,"href":"https:\/\/edublog.educastur.es\/ixuxu\/wp-json\/wp\/v2\/tags?post=28610"}],"curies":[{"name":"wp","href":"https:\/\/api.w.org\/{rel}","templated":true}]}}