{"id":28696,"date":"2024-07-26T21:00:30","date_gmt":"2024-07-26T19:00:30","guid":{"rendered":"https:\/\/edublog.educastur.es\/ixuxu\/?p=28696"},"modified":"2024-08-02T17:49:59","modified_gmt":"2024-08-02T15:49:59","slug":"28696","status":"publish","type":"post","link":"https:\/\/edublog.educastur.es\/ixuxu\/2024\/07\/28696\/","title":{"rendered":""},"content":{"rendered":"<p><strong><span style=\"font-size: 20px;color: #ffff99\"><em>Yo me nazo, yo mesma llev\u00e1ntome, <\/em><\/span><\/strong><br \/>\n<strong><span style=\"font-size: 20px;color: #ffff99\"><em>organizao la mio forma y determino<\/em><\/span><\/strong><br \/>\n<strong><span style=\"font-size: 20px;color: #ffff99\"><em> la mio cantid\u00e1, el mio n\u00famberu div\u00edn, <\/em><\/span><\/strong><br \/>\n<strong><span style=\"font-size: 20px;color: #ffff99\"><em>el mio r\u00e9xime de paz, el mio azar de lloru.<\/em><\/span><\/strong><\/p>\n<p><strong><span style=\"font-size: 20px;color: #ffff99\"><em>Establezo&#8217;l mio orixe\u00a0 y termino <\/em><\/span><\/strong><br \/>\n<strong><span style=\"font-size: 20px;color: #ffff99\"><em>porque s\u00ed, pa nunca, polo tantu.<\/em><\/span><\/strong><\/p>\n<p><strong><span style=\"font-size: 20px;color: #ffff99\"><em>Soi lo que m&#8217;asocede cuando canto.<\/em><\/span><\/strong><br \/>\n<strong><span style=\"font-size: 20px;color: #ffff99\"><em>Nun tengo ganes de tener dest\u00edn.<\/em><\/span><\/strong><br \/>\n<strong><span style=\"font-size: 20px;color: #ffff99\"><em>El mio coraz\u00f3n toi ellaborando;<\/em><\/span><\/strong><br \/>\n<strong><span style=\"font-size: 20px;color: #ffff99\"><em>ordeno sufrimientu a la so midida, <\/em><\/span><\/strong><br \/>\n<strong><span style=\"font-size: 20px;color: #ffff99\"><em>educo al odiu y al amor lo mando.<\/em><\/span><\/strong><\/p>\n<p><strong><span style=\"font-size: 20px;color: #ffff99\"><em>Autor\u00edzome a morrer solo de vida.<\/em><\/span><\/strong><br \/>\n<strong><span style=\"font-size: 20px;color: #ffff99\"><em>van escaeceme ensin dulda, pero cuando&#8217;l<\/em><\/span><\/strong><br \/>\n<strong><span style=\"font-size: 20px;color: #ffff99\"><em>mio soterr\u00e1u caprichu lo decida.<\/em><\/span><\/strong><\/p>\n<p><span style=\"color: #ffffff\"><strong>\u00a0Mar\u00eda Elena Walsh<\/strong> |Asunci\u00f3n de la poes\u00eda<\/span><\/p>\n<p>&nbsp;<\/p>\n<div class=\"x11i5rnm xat24cr x1mh8g0r x1vvkbs xtlvy1s x126k92a\"><\/div>\n<div class=\"x11i5rnm xat24cr x1mh8g0r x1vvkbs xtlvy1s x126k92a\">\n<div dir=\"auto\"><\/div>\n<\/div>\n","protected":false},"excerpt":{"rendered":"<p>Yo me nazo, yo mesma llev\u00e1ntome, organizao la mio forma y determino la mio cantid\u00e1, el mio n\u00famberu div\u00edn, el mio r\u00e9xime de paz, el mio azar de lloru. Establezo&#8217;l mio orixe\u00a0 y termino porque s\u00ed, pa nunca, polo tantu. Soi lo que m&#8217;asocede cuando canto. Nun tengo ganes de tener dest\u00edn. El mio coraz\u00f3n [&hellip;]<\/p>\n","protected":false},"author":117,"featured_media":0,"comment_status":"open","ping_status":"open","sticky":false,"template":"","format":"aside","meta":{"footnotes":""},"categories":[1],"tags":[],"class_list":["post-28696","post","type-post","status-publish","format-aside","hentry","category-sin-categoria","post_format-post-format-aside"],"_links":{"self":[{"href":"https:\/\/edublog.educastur.es\/ixuxu\/wp-json\/wp\/v2\/posts\/28696","targetHints":{"allow":["GET"]}}],"collection":[{"href":"https:\/\/edublog.educastur.es\/ixuxu\/wp-json\/wp\/v2\/posts"}],"about":[{"href":"https:\/\/edublog.educastur.es\/ixuxu\/wp-json\/wp\/v2\/types\/post"}],"author":[{"embeddable":true,"href":"https:\/\/edublog.educastur.es\/ixuxu\/wp-json\/wp\/v2\/users\/117"}],"replies":[{"embeddable":true,"href":"https:\/\/edublog.educastur.es\/ixuxu\/wp-json\/wp\/v2\/comments?post=28696"}],"version-history":[{"count":2,"href":"https:\/\/edublog.educastur.es\/ixuxu\/wp-json\/wp\/v2\/posts\/28696\/revisions"}],"predecessor-version":[{"id":28702,"href":"https:\/\/edublog.educastur.es\/ixuxu\/wp-json\/wp\/v2\/posts\/28696\/revisions\/28702"}],"wp:attachment":[{"href":"https:\/\/edublog.educastur.es\/ixuxu\/wp-json\/wp\/v2\/media?parent=28696"}],"wp:term":[{"taxonomy":"category","embeddable":true,"href":"https:\/\/edublog.educastur.es\/ixuxu\/wp-json\/wp\/v2\/categories?post=28696"},{"taxonomy":"post_tag","embeddable":true,"href":"https:\/\/edublog.educastur.es\/ixuxu\/wp-json\/wp\/v2\/tags?post=28696"}],"curies":[{"name":"wp","href":"https:\/\/api.w.org\/{rel}","templated":true}]}}