{"id":28730,"date":"2024-07-30T09:00:04","date_gmt":"2024-07-30T07:00:04","guid":{"rendered":"https:\/\/edublog.educastur.es\/ixuxu\/?p=28730"},"modified":"2024-07-30T14:56:43","modified_gmt":"2024-07-30T12:56:43","slug":"28730","status":"publish","type":"post","link":"https:\/\/edublog.educastur.es\/ixuxu\/2024\/07\/28730\/","title":{"rendered":"G\u00fcei martes esperamos otru d\u00eda de calor intenso"},"content":{"rendered":"<ul>\n<li>El <a href=\"https:\/\/www.tiempo.es\/asturias-es6355236.html\">Tiempo.es<\/a>\/ <a href=\"https:\/\/www.elcomercio.es\/asturias\/tiempo-martes-julio-asturias-picos-europa-llanes-20240729210747-nt.html\">El Comercio.es<\/a> \/<\/li>\n<\/ul>\n<p style=\"text-align: center\"><a href=\"https:\/\/s3.ppllstatics.com\/elcomercio\/www\/multimedia\/2024\/07\/29\/tiempo.jpg\"><img loading=\"lazy\" decoding=\"async\" class=\"aligncenter size-full\" src=\"https:\/\/s3.ppllstatics.com\/elcomercio\/www\/multimedia\/2024\/07\/29\/tiempo.jpg\" width=\"978\" height=\"429\" \/><\/a><\/p>\n<p>El llunes empezamos la selmana con un d\u00eda tal que taba previstu. Les temperatures esperimentaron un ascensu xeneraliz\u00e1u y notable de tala forma que llegar\u00e1n a algamar los 34,7 \u00baC na rex\u00f3n. Uvi\u00e9u qued\u00f3se a les puertes n&#8217;anotando 29,7 \u00baC a les 15:20 hores de la tarde. En Xix\u00f3n el term\u00f3metru lleg\u00f3 a amosar 27,3 \u00baC.<\/p>\n<p><!--more--><\/p>\n<p>Pela tarde atroparon un mayor protagonismu los bastios tormentosos que llegaron a atropar hasta 28 llitros per metru cuadr\u00e1u en Cabrales y 16 llitros per metru cuadr\u00e1u en Tin\u00e9u, como zones m\u00e1s afectaes.<\/p>\n<p>El martes esperamos otru d\u00eda de calor intenso cuidao que apenes van variar les temperatures. Ello ye que na zona central del Princip\u00e1u podr\u00eden xubir llixeramente un pocu m\u00e1s. Tocantes a la probabilid\u00e1 de bastios, anque nun se refuguen, van ser menos intensos que los del llunes. Pela ma\u00f1ana ent\u00e1 podr\u00eden dase dellos bastios locales que van unviar r\u00e1pido. Pela tarde podr\u00eda escapase dalgunu m\u00e1s pero, como dic\u00edamos, nun van ser del calibre de los sufiertos el llunes. En ll\u00ednees xenerales, va haber m\u00e1s ratos de sol. Los vientos van ser fluexos.<\/p>\n<p style=\"text-align: center\">\n","protected":false},"excerpt":{"rendered":"<p>El Tiempo.es\/ El Comercio.es \/ El llunes empezamos la selmana con un d\u00eda tal que taba previstu. Les temperatures esperimentaron un ascensu xeneraliz\u00e1u y notable de tala forma que llegar\u00e1n a algamar los 34,7 \u00baC na rex\u00f3n. Uvi\u00e9u qued\u00f3se a les puertes n&#8217;anotando 29,7 \u00baC a les 15:20 hores de la tarde. En Xix\u00f3n el [&hellip;]<\/p>\n","protected":false},"author":117,"featured_media":0,"comment_status":"open","ping_status":"open","sticky":false,"template":"","format":"standard","meta":{"footnotes":""},"categories":[1,5],"tags":[],"class_list":["post-28730","post","type-post","status-publish","format-standard","hentry","category-sin-categoria","category-tiempu"],"_links":{"self":[{"href":"https:\/\/edublog.educastur.es\/ixuxu\/wp-json\/wp\/v2\/posts\/28730","targetHints":{"allow":["GET"]}}],"collection":[{"href":"https:\/\/edublog.educastur.es\/ixuxu\/wp-json\/wp\/v2\/posts"}],"about":[{"href":"https:\/\/edublog.educastur.es\/ixuxu\/wp-json\/wp\/v2\/types\/post"}],"author":[{"embeddable":true,"href":"https:\/\/edublog.educastur.es\/ixuxu\/wp-json\/wp\/v2\/users\/117"}],"replies":[{"embeddable":true,"href":"https:\/\/edublog.educastur.es\/ixuxu\/wp-json\/wp\/v2\/comments?post=28730"}],"version-history":[{"count":3,"href":"https:\/\/edublog.educastur.es\/ixuxu\/wp-json\/wp\/v2\/posts\/28730\/revisions"}],"predecessor-version":[{"id":28737,"href":"https:\/\/edublog.educastur.es\/ixuxu\/wp-json\/wp\/v2\/posts\/28730\/revisions\/28737"}],"wp:attachment":[{"href":"https:\/\/edublog.educastur.es\/ixuxu\/wp-json\/wp\/v2\/media?parent=28730"}],"wp:term":[{"taxonomy":"category","embeddable":true,"href":"https:\/\/edublog.educastur.es\/ixuxu\/wp-json\/wp\/v2\/categories?post=28730"},{"taxonomy":"post_tag","embeddable":true,"href":"https:\/\/edublog.educastur.es\/ixuxu\/wp-json\/wp\/v2\/tags?post=28730"}],"curies":[{"name":"wp","href":"https:\/\/api.w.org\/{rel}","templated":true}]}}