{"id":28740,"date":"2024-08-01T12:00:34","date_gmt":"2024-08-01T10:00:34","guid":{"rendered":"https:\/\/edublog.educastur.es\/ixuxu\/?p=28740"},"modified":"2024-08-06T15:08:27","modified_gmt":"2024-08-06T13:08:27","slug":"paco-4-228-metros-cuadraos-dagua-color-y-diversion","status":"publish","type":"post","link":"https:\/\/edublog.educastur.es\/ixuxu\/2024\/08\/paco-4-228-metros-cuadraos-dagua-color-y-diversion\/","title":{"rendered":"PACO, 4.228 metros cuadraos d&#8217;agua, color y diversi\u00f3n"},"content":{"rendered":"<p style=\"text-align: center\"><a href=\"https:\/\/www.corvera.es\/documents\/3955278\/0\/cabecera-paco.jpg\/5d47d0be-3ab4-1cad-ab4b-cac2dfdba759?t=1722318491108&amp;download=true\"><img loading=\"lazy\" decoding=\"async\" class=\"aligncenter size-full\" src=\"https:\/\/www.corvera.es\/documents\/3955278\/0\/cabecera-paco.jpg\/5d47d0be-3ab4-1cad-ab4b-cac2dfdba759?t=1722318491108&amp;download=true\" width=\"3000\" height=\"820\" \/><\/a><\/p>\n<ul>\n<li><a href=\"https:\/\/www.elcomercio.es\/asturias\/corvera\/paco-4228-metros-cuadrados-agua-color-diversion-20240731162444-nt.html\">Fonte: El Comercio<\/a> \/ <a href=\"https:\/\/www.corvera.es\/paco-parque-acuatico-de-corvera\">web<\/a> \/ <a href=\"https:\/\/www.rtpa.es\/noticias-sociedad-ast:Los-primeros-ba%C3%B1istes-esfruten-del-PACO_111722511318.html\">RTPA y videu<\/a> \/<a href=\"https:\/\/www.facebook.com\/jorge.cantoschicon\/videos\/1026323222007385?idorvanity=189974821027391\"> VIDEU OFICIAL<\/a><\/li>\n<\/ul>\n<p>El Conceyu present\u00f3 les instalaciones de <strong>PACO (Parque Acu\u00e1ticu de Corvera)<\/strong> que y\u00e1 s&#8217;atopen en plenu funcionamientu para recibir a los primeres ba\u00f1istes.<\/p>\n<p><!--more--><\/p>\n<div id=\"noticiacompleta\" class=\"parragraph-padding font-c-conent\">\n<h3 class=\"font-size-m padding-b-20 font-weight-b margin-t-16\">Les ganes d&#8217;estrenar el Parque Acu\u00e1ticu de Corvera ganaron al agua<\/h3>\n<p>El Parque Acu\u00e1ticu de Corvera abri\u00f3 les sos puertes. A les 12:00 de la ma\u00f1ana empezaron a llanzase los primeros ba\u00f1istes pelos toboganes del PACO. Les ganes por estrenalu ganaron al agua y dalgunos, dempu\u00e9s de delles baxaes, y\u00e1 tienen el so tobog\u00e1n favoritu.<\/p>\n<p>Un parque que solo na primera media hora vendi\u00f3 200 entraes pela web y que celebr\u00f3, de la meyor forma posible, el <strong>D\u00eda Mundial de l&#8217;Allegr\u00eda.<\/strong><\/p>\n<\/div>\n<p>Tres les sos palabres el grupu visit\u00f3 la recepci\u00f3n, nel edificiu acondicion\u00e1u de la Casa del Deporte onde am\u00e1s de la taquilla para mercar les entraes, at\u00f3pense los ba\u00f1os, que tami\u00e9n sirven para&#8217;l chigre del parque, los vestuarios y el botiqu\u00edn. La zona ye am\u00e1s compatible colos usos habituales de la casa del Deporte mientres tol a\u00f1u como les clases de box\u00e9u.<\/p>\n<p>Y una vegada pas\u00e1u&#8217;l tornu, el gran reclamu. Los cinco toboganes, la piscina y la zona infantil fixeron que los vecinos sacaren llueu los m\u00f3viles para inmortalizar el momentu. Nun ye para menos, pos tres casi tr\u00e9s a\u00f1os d&#8217;obres el PACO y\u00e1 ye una realid\u00e1. \u00abLos que y\u00e1 tenemos unos a\u00f1os recordamos les piscines al campu y recuperando l&#8217;espaciu recuper\u00e1base l&#8217;esp\u00edritu d&#8217;eses piscines como un llugar d&#8217;alcuentru para families, amigos, vecinos\u2026\u00bb se\u00f1al\u00f3 l&#8217;alcalde, arguyosu de recuperar un espaciu abandon\u00e1u mientres a\u00f1os.<\/p>\n<p style=\"text-align: center\"><span style=\"color: #0000ff\">Sobro&#8217;l<strong> Parque Acu\u00e1ticu de Corvera (PACO)<\/strong><\/span><\/p>\n<p>El Parque Acu\u00e1ticu de Corvera PACO, allug\u00e1u ente les cais San Pablo y Miguel \u00c1ngel Blanco de Les Vegues, en Corvera d&#8217;Asturies, ocupa xuna superficie de 4.228 m2 qu&#8217;incl\u00fai zones verdes de descansu, merenderu, sol\u00e1rium, terraza con serviciu de restauraci\u00f3n y l&#8217;\u00e1rea de piscines con distintes instalaciones acu\u00e1tiques.<\/p>\n<p>El PACO dispon de cinco toboganes: tr\u00e9s pistes paraleles de 22 metros de llargor y xuna cayida de 5,6 metros; un tobog\u00e1n n&#8217;espiral cola mesma cayida y xuna llargor de 44 metros y otru tobog\u00e1n zarr\u00e1u o tubu con 7,5 metros de cayida y 26 metros de llargor. Tolos toboganes rematen nuna piscina de 145 metros cuadraos amiesta a otra de mayor cal\u00e1u destinada al ba\u00f1u. L&#8217;altor m\u00ednimu que tienen de tener les persones usuaries pal usu d&#8217;estos toboganes ye de 1,20 metros (ye obligatoriu que los as menores de 10 a\u00f1os tean acompa\u00f1aos\/as d&#8217;una persona mayor d&#8217;ed\u00e1).<\/p>\n<p>La zona de piscines incl\u00fai am\u00e1s un \u00e1rea pa xuegos acu\u00e1ticos infantiles de remexos d&#8217;agua: unu con forma de delf\u00edn; otru con forma de pez; otros dos con forma de palmera \u2013una d&#8217;elles con un cubu d&#8217;agua con forma de cocu incorpor\u00e1u- y otru asonsa\u00f1ando xuna tabla de surf. Hai am\u00e1s dos arcos acu\u00e1ticos de suelu con pulverizaci\u00f3n d&#8217;agua y otros tr\u00e9s con remexos verticales. La \u00e1rea acu\u00e1tica infantil compl\u00e9tase con una torre con dos toboganes y tr\u00e9s xuegos d&#8217;agua con un altor total de 4,44 metros.<\/p>\n<p>La \u00e1rea de vestuarios ufierta taquilles d&#8217;usu llibre y gratuitu con peslleres pa cand\u00e1u.<\/p>\n","protected":false},"excerpt":{"rendered":"<p>Fonte: El Comercio \/ web \/ RTPA y videu \/ VIDEU OFICIAL El Conceyu present\u00f3 les instalaciones de PACO (Parque Acu\u00e1ticu de Corvera) que y\u00e1 s&#8217;atopen en plenu funcionamientu para recibir a los primeres ba\u00f1istes.<\/p>\n","protected":false},"author":117,"featured_media":0,"comment_status":"open","ping_status":"open","sticky":false,"template":"","format":"standard","meta":{"footnotes":""},"categories":[291],"tags":[],"class_list":["post-28740","post","type-post","status-publish","format-standard","hentry","category-parques"],"_links":{"self":[{"href":"https:\/\/edublog.educastur.es\/ixuxu\/wp-json\/wp\/v2\/posts\/28740","targetHints":{"allow":["GET"]}}],"collection":[{"href":"https:\/\/edublog.educastur.es\/ixuxu\/wp-json\/wp\/v2\/posts"}],"about":[{"href":"https:\/\/edublog.educastur.es\/ixuxu\/wp-json\/wp\/v2\/types\/post"}],"author":[{"embeddable":true,"href":"https:\/\/edublog.educastur.es\/ixuxu\/wp-json\/wp\/v2\/users\/117"}],"replies":[{"embeddable":true,"href":"https:\/\/edublog.educastur.es\/ixuxu\/wp-json\/wp\/v2\/comments?post=28740"}],"version-history":[{"count":7,"href":"https:\/\/edublog.educastur.es\/ixuxu\/wp-json\/wp\/v2\/posts\/28740\/revisions"}],"predecessor-version":[{"id":29052,"href":"https:\/\/edublog.educastur.es\/ixuxu\/wp-json\/wp\/v2\/posts\/28740\/revisions\/29052"}],"wp:attachment":[{"href":"https:\/\/edublog.educastur.es\/ixuxu\/wp-json\/wp\/v2\/media?parent=28740"}],"wp:term":[{"taxonomy":"category","embeddable":true,"href":"https:\/\/edublog.educastur.es\/ixuxu\/wp-json\/wp\/v2\/categories?post=28740"},{"taxonomy":"post_tag","embeddable":true,"href":"https:\/\/edublog.educastur.es\/ixuxu\/wp-json\/wp\/v2\/tags?post=28740"}],"curies":[{"name":"wp","href":"https:\/\/api.w.org\/{rel}","templated":true}]}}