{"id":28756,"date":"2024-08-01T09:00:10","date_gmt":"2024-08-01T07:00:10","guid":{"rendered":"https:\/\/edublog.educastur.es\/ixuxu\/?p=28756"},"modified":"2024-08-02T17:25:16","modified_gmt":"2024-08-02T15:25:16","slug":"dia-mundial-de-lallegria-2","status":"publish","type":"post","link":"https:\/\/edublog.educastur.es\/ixuxu\/2024\/08\/dia-mundial-de-lallegria-2\/","title":{"rendered":"D\u00eda Internacional de l&#8217;Allegr\u00eda"},"content":{"rendered":"<p>Esti d\u00eda<strong> convida a fortalecer les relaciones humanes y reconoz l&#8217;impactu positivu de l&#8217;allegr\u00eda na nuesa socied\u00e1 y nes rutines diaries.<\/strong><\/p>\n<p style=\"text-align: center\"><a href=\"https:\/\/www.infobae.com\/new-resizer\/jkrjR0CKs-OW34UgxRbWhdoRfp0=\/1200x675\/filters:format(webp):quality(85)\/cloudfront-us-east-1.images.arcpublishing.com\/infobae\/C4CTE3QYEZCR7F6A4T76GMM2Q4.jpg\"><img loading=\"lazy\" decoding=\"async\" class=\"aligncenter size-full\" src=\"https:\/\/www.infobae.com\/new-resizer\/jkrjR0CKs-OW34UgxRbWhdoRfp0=\/1200x675\/filters:format(webp):quality(85)\/cloudfront-us-east-1.images.arcpublishing.com\/infobae\/C4CTE3QYEZCR7F6A4T76GMM2Q4.jpg\" width=\"1200\" height=\"675\" \/><\/a><\/p>\n<p>El D\u00eda Internacional de l&#8217;Allegr\u00eda, que se celebra cada \u20181 d&#8217;agostu\u2019, tien como prop\u00f3situ recordar la relevancia del bienestar emocional na vida cotidiana. Naci\u00f3 en 2008, pero empez\u00f3 a conmemorase a partir del 2010, esta fecha busca promover la reflex\u00f3n sobro la felicid\u00e1 y fomentar actividaes que xeneren sentimientos positivos.<\/p>\n<p>Esti d\u00eda foi escoy\u00edu col enfotu de empezar el mes d&#8217;agostu con una perspectiva festivo y positivo. L&#8217;oxetivu central d&#8217;esta celebraci\u00f3n ye <strong>resaltar la importancia del bienestar y la felicid\u00e1, na vida diaria<\/strong>. La revista UNAM Global destaca nel so \u00faltimu n\u00famberu actividaes y charres destinaes a entender la psicolox\u00eda positiva y a fomentar pr\u00e1ctiques saludables ente la comunid\u00e1. Espertos na materia, como psic\u00f3logos y educadores, participen nesta xornada ufiertando talleres y conferencies sobro estratexes p&#8217;ameyorar la calid\u00e1 de vida.<\/p>\n","protected":false},"excerpt":{"rendered":"<p>Esti d\u00eda convida a fortalecer les relaciones humanes y reconoz l&#8217;impactu positivu de l&#8217;allegr\u00eda na nuesa socied\u00e1 y nes rutines diaries. El D\u00eda Internacional de l&#8217;Allegr\u00eda, que se celebra cada \u20181 d&#8217;agostu\u2019, tien como prop\u00f3situ recordar la relevancia del bienestar emocional na vida cotidiana. Naci\u00f3 en 2008, pero empez\u00f3 a conmemorase a partir del 2010, [&hellip;]<\/p>\n","protected":false},"author":117,"featured_media":0,"comment_status":"open","ping_status":"open","sticky":false,"template":"","format":"standard","meta":{"footnotes":""},"categories":[6],"tags":[],"class_list":["post-28756","post","type-post","status-publish","format-standard","hentry","category-dia-de"],"_links":{"self":[{"href":"https:\/\/edublog.educastur.es\/ixuxu\/wp-json\/wp\/v2\/posts\/28756","targetHints":{"allow":["GET"]}}],"collection":[{"href":"https:\/\/edublog.educastur.es\/ixuxu\/wp-json\/wp\/v2\/posts"}],"about":[{"href":"https:\/\/edublog.educastur.es\/ixuxu\/wp-json\/wp\/v2\/types\/post"}],"author":[{"embeddable":true,"href":"https:\/\/edublog.educastur.es\/ixuxu\/wp-json\/wp\/v2\/users\/117"}],"replies":[{"embeddable":true,"href":"https:\/\/edublog.educastur.es\/ixuxu\/wp-json\/wp\/v2\/comments?post=28756"}],"version-history":[{"count":5,"href":"https:\/\/edublog.educastur.es\/ixuxu\/wp-json\/wp\/v2\/posts\/28756\/revisions"}],"predecessor-version":[{"id":28761,"href":"https:\/\/edublog.educastur.es\/ixuxu\/wp-json\/wp\/v2\/posts\/28756\/revisions\/28761"}],"wp:attachment":[{"href":"https:\/\/edublog.educastur.es\/ixuxu\/wp-json\/wp\/v2\/media?parent=28756"}],"wp:term":[{"taxonomy":"category","embeddable":true,"href":"https:\/\/edublog.educastur.es\/ixuxu\/wp-json\/wp\/v2\/categories?post=28756"},{"taxonomy":"post_tag","embeddable":true,"href":"https:\/\/edublog.educastur.es\/ixuxu\/wp-json\/wp\/v2\/tags?post=28756"}],"curies":[{"name":"wp","href":"https:\/\/api.w.org\/{rel}","templated":true}]}}