{"id":28785,"date":"2024-08-01T17:02:03","date_gmt":"2024-08-01T15:02:03","guid":{"rendered":"https:\/\/edublog.educastur.es\/ixuxu\/?p=28785"},"modified":"2024-08-02T18:06:44","modified_gmt":"2024-08-02T16:06:44","slug":"nerea-mafarki-cantante-asturiana","status":"publish","type":"post","link":"https:\/\/edublog.educastur.es\/ixuxu\/2024\/08\/nerea-mafarki-cantante-asturiana\/","title":{"rendered":"Nerea Mafarki, cantante asturiana."},"content":{"rendered":"<ul>\n<li>Fonte: <a href=\"https:\/\/fusionasturias.com\/otras-secciones\/musica\/nerea-mafarki-la-musica-no-entiende-del-color-de-piel-ni-de-ideologias.htm\">Fusi\u00f3n Asturias \/ Marta M.<\/a><\/li>\n<\/ul>\n<p style=\"text-align: center\"><a href=\"https:\/\/fusionasturias.com\/wp-content\/uploads\/2024\/08\/nerea-mafarki-1-min.jpg\"><img loading=\"lazy\" decoding=\"async\" class=\"aligncenter \" src=\"https:\/\/fusionasturias.com\/wp-content\/uploads\/2024\/08\/nerea-mafarki-1-min.jpg\" width=\"618\" height=\"585\" \/><\/a>Semeya: Dar\u00edo Cavero<\/p>\n<blockquote><p><strong><span style=\"color: #008080;font-size: 20px\"><em>\u00a0\u201cLa m\u00fasica nun entiende<br \/>\ndel color de piel nin d&#8217;ideolox\u00edes\u201d<\/em><\/span><\/strong><\/p><\/blockquote>\n<p>Tres un viaxe personal transitando emociones y mestizajes, Nerea Mafarki public\u00f3 de manera independiente&#8217;l so primer \u00e1lbum. <strong>Kelintupuah<\/strong> ye un viaxe alredor del mundu al travi\u00e9s de los son\u00edos y les cultures de cada llugar. Parsi, espa\u00f1ol, \u00e1rabe, quechua, armeniu, asturianu, ingl\u00e9s, hebr\u00e9u, bengal\u00ed, urdu, exipciu antiguu, griegu y wolof. Los trelce cantares que dan forma a esti trabayu, son un homenaxe a la vida tal que ella entiende.<\/p>\n<ul>\n<li><a href=\"https:\/\/www.nereamafarki.com\/es\/producto\/kelintupuah-digital-album\/\">Web<\/a> \/<strong><a href=\"https:\/\/www.nereamafarki.com\/es\/\"> https:\/\/www.nereamafarki.com\/es\/<\/a><\/strong><\/li>\n<\/ul>\n<p style=\"text-align: center\"><a href=\"https:\/\/www.nereamafarki.com\/wp-content\/uploads\/2024\/04\/cropped-LOGO-NEREA-transparente-1.png\"><img loading=\"lazy\" decoding=\"async\" class=\"aligncenter \" src=\"https:\/\/www.nereamafarki.com\/wp-content\/uploads\/2024\/04\/cropped-LOGO-NEREA-transparente-1.png\" width=\"530\" height=\"206\" \/><\/a><\/p>\n<p><!--more--><\/p>\n<p>Diz que nun recuerda un momentu esactu nel que decidiera dedicase a la m\u00fasica. Ye como si fueren una mesma cosa desque naci\u00f3. Nerea sonri ensin parar. Tresmite a la perfecci\u00f3n l&#8217;allegr\u00eda d&#8217;eses persones qu&#8217;atoparon el so cam\u00edn y percuerre colos g\u00fceyos y el coraz\u00f3n bien abiertos porque nun quier perdese nada. Trabay\u00f3 enforma para llegar hasta onde ta agora y, anque reconoz qu&#8217;hai vegaes que la so parte insegura toma les riendes, atop\u00f3 en Bruno Travi, m\u00fasicu, productor y compositor peruanu, un alma ximielga que-y da tranquilid\u00e1 y col que s&#8217;entiende a la perfecci\u00f3n a la de crear, componer o grabar los v\u00eddeos de los cantares.<\/p>\n<p>Nerea sonri ensin parar. Tresmite a la perfecci\u00f3n l&#8217;allegr\u00eda d&#8217;eses persones qu&#8217;atoparon el so cam\u00edn y percuerreorrer colos g\u00fceyos y el coraz\u00f3n bien abiertos porque nun quier perdese nada.<\/p>\n<p style=\"text-align: center\">\n<!-- iframe plugin v.6.0 wordpress.org\/plugins\/iframe\/ -->\n<iframe loading=\"lazy\" width=\"552\" height=\"310\" src=\"https:\/\/www.youtube.com\/embed\/RMoiU4kJklI\" title=\"Nerea Mafarki - Sue\u00f1os\" frameborder=\"0\" allow=\"accelerometer; autoplay; clipboard-write; encrypted-media; gyroscope; picture-in-picture; web-share\" referrerpolicy=\"strict-origin-when-cross-origin\" 0=\"allowfullscreen\" 1=\"\/iframe\" scrolling=\"yes\" class=\"iframe-class\"><\/iframe>\n<\/p>\n<p><strong><em>\u00abSua\u00f1os\u00bb combina son\u00edos celtes y armenios. El v\u00eddeu foi grab\u00e1u en llugares m\u00e1xicos d&#8217;Asturies, para espresar el sentimientu on\u00edricu del cantar, y la conex\u00f3n colos nuesos raiga\u00f1os m\u00e1s fondos<\/em><\/strong><\/p>\n<p>&nbsp;<\/p>\n<blockquote><p><span style=\"color: #008080\">\u201cToos les mios alcordances de peque\u00f1a xiren en redol a querer dedicame a la m\u00fasica, pero d&#8217;una manera supernatural. Casi como si oblig\u00e1rame la vida\u201d<\/span><\/p><\/blockquote>\n<p>&nbsp;<\/p>\n<blockquote><p><span style=\"color: #008080\">\u201cLa m\u00fasica llev\u00f3me a conectar coles persones. Y, gracies a faelo, ayud\u00f3me a conoceme m\u00e1s. Sobremanera, p\u00e1same cola xente que ye m\u00e1s distinta a mi, les que tienen distintes costumes\u201d<\/span><\/p><\/blockquote>\n<p style=\"text-align: center\">\n<!-- iframe plugin v.6.0 wordpress.org\/plugins\/iframe\/ -->\n<iframe loading=\"lazy\" width=\"552\" height=\"310\" src=\"https:\/\/www.youtube.com\/embed\/0XFuojy9jqg\" title=\"Nerea Mafarki - Concierto &amp;quot;El Viaje&amp;quot;\" frameborder=\"0\" allow=\"accelerometer; autoplay; clipboard-write; encrypted-media; gyroscope; picture-in-picture; web-share\" referrerpolicy=\"strict-origin-when-cross-origin\" 0=\"allowfullscreen\" 1=\"\/iframe\" scrolling=\"yes\" class=\"iframe-class\"><\/iframe>\n<\/p>\n","protected":false},"excerpt":{"rendered":"<p>Fonte: Fusi\u00f3n Asturias \/ Marta M. Semeya: Dar\u00edo Cavero \u00a0\u201cLa m\u00fasica nun entiende del color de piel nin d&#8217;ideolox\u00edes\u201d Tres un viaxe personal transitando emociones y mestizajes, Nerea Mafarki public\u00f3 de manera independiente&#8217;l so primer \u00e1lbum. Kelintupuah ye un viaxe alredor del mundu al travi\u00e9s de los son\u00edos y les cultures de cada llugar. Parsi, [&hellip;]<\/p>\n","protected":false},"author":117,"featured_media":0,"comment_status":"open","ping_status":"open","sticky":false,"template":"","format":"standard","meta":{"footnotes":""},"categories":[35],"tags":[],"class_list":["post-28785","post","type-post","status-publish","format-standard","hentry","category-musica"],"_links":{"self":[{"href":"https:\/\/edublog.educastur.es\/ixuxu\/wp-json\/wp\/v2\/posts\/28785","targetHints":{"allow":["GET"]}}],"collection":[{"href":"https:\/\/edublog.educastur.es\/ixuxu\/wp-json\/wp\/v2\/posts"}],"about":[{"href":"https:\/\/edublog.educastur.es\/ixuxu\/wp-json\/wp\/v2\/types\/post"}],"author":[{"embeddable":true,"href":"https:\/\/edublog.educastur.es\/ixuxu\/wp-json\/wp\/v2\/users\/117"}],"replies":[{"embeddable":true,"href":"https:\/\/edublog.educastur.es\/ixuxu\/wp-json\/wp\/v2\/comments?post=28785"}],"version-history":[{"count":6,"href":"https:\/\/edublog.educastur.es\/ixuxu\/wp-json\/wp\/v2\/posts\/28785\/revisions"}],"predecessor-version":[{"id":28791,"href":"https:\/\/edublog.educastur.es\/ixuxu\/wp-json\/wp\/v2\/posts\/28785\/revisions\/28791"}],"wp:attachment":[{"href":"https:\/\/edublog.educastur.es\/ixuxu\/wp-json\/wp\/v2\/media?parent=28785"}],"wp:term":[{"taxonomy":"category","embeddable":true,"href":"https:\/\/edublog.educastur.es\/ixuxu\/wp-json\/wp\/v2\/categories?post=28785"},{"taxonomy":"post_tag","embeddable":true,"href":"https:\/\/edublog.educastur.es\/ixuxu\/wp-json\/wp\/v2\/tags?post=28785"}],"curies":[{"name":"wp","href":"https:\/\/api.w.org\/{rel}","templated":true}]}}