{"id":28885,"date":"2024-08-02T11:40:57","date_gmt":"2024-08-02T09:40:57","guid":{"rendered":"https:\/\/edublog.educastur.es\/ixuxu\/?p=28885"},"modified":"2024-08-04T11:46:24","modified_gmt":"2024-08-04T09:46:24","slug":"28885","status":"publish","type":"post","link":"https:\/\/edublog.educastur.es\/ixuxu\/2024\/08\/28885\/","title":{"rendered":"Amuesa qu&#8217;acueye&#8217;l Pabell\u00f3n del Princip\u00e1u d&#8217;Asturies na Feria Internacional d&#8217;Amueses d&#8217;Asturies"},"content":{"rendered":"<div class=\"html-div xdj266r x11i5rnm xat24cr x1mh8g0r xexx8yu x4uap5 x18d9i69 xkhd6sd x1iyjqo2\">\n<div class=\"x78zum5 xdt5ytf xz62fqu x16ldp7u\">\n<div class=\"xu06os2 x1ok221b\">\n<ul>\n<li class=\"html-h3 x11i5rnm xat24cr x1mh8g0r xexx8yu x4uap5 x18d9i69 xkhd6sd x1vvkbs x1heor9g x1qlqyl8 x1pd3egz x1a2a7pz x1gslohp x1yc453h\"><span class=\"xt0psk2\"><a class=\"x1i10hfl xjbqb8w x1ejq31n xd10rxx x1sy0etr x17r0tee x972fbf xcfux6l x1qhh985 xm0m39n x9f619 x1ypdohk xt0psk2 xe8uvvx xdj266r x11i5rnm xat24cr x1mh8g0r xexx8yu x4uap5 x18d9i69 xkhd6sd x16tdsg8 x1hl2dhg xggy1nq x1a2a7pz x1sur9pj xkrqix3 xzsf02u x1s688f\" role=\"link\" href=\"https:\/\/www.facebook.com\/gobiernodeasturias?__cft__[0]=AZUcBl2dki6xBY_0kT6sOMcOZHsqPnbjGPi0t9ZoSHR9exHIu8xNzIyA6v_eorfZSyOsVPCKHC0_evXO62AiBM_lcl1uN3HZs8WeukK-H7JF8ld9H7alvf_ojdbqftWcNJG_zFTWt74n1KKSxxl4dfPYJMiYpSLTxyiIPKRGy_dw1bobUcINRNML3um0T68YfzQY6i2gObInf19yXG9iLe8UWpl9Zj4T4hlwVJLReCB4Ag&amp;__tn__=-UC%2CP-y-R\"><strong class=\"html-strong xdj266r x11i5rnm xat24cr x1mh8g0r xexx8yu x4uap5 x18d9i69 xkhd6sd x1hl2dhg x16tdsg8 x1vvkbs x1s688f\"><span class=\"html-span xdj266r x11i5rnm xat24cr x1mh8g0r xexx8yu x4uap5 x18d9i69 xkhd6sd x1hl2dhg x16tdsg8 x1vvkbs\">Principado de Asturias<\/span><\/strong><\/a><\/span><span class=\"html-span xdj266r x11i5rnm xat24cr x1mh8g0r xexx8yu x4uap5 x18d9i69 xkhd6sd x1hl2dhg x16tdsg8 x1vvkbs x1dor1uw x1n2onr6\">\u00a0<\/span><\/li>\n<li><a href=\"https:\/\/asturiesculturaenrede.es\/es\/programacion\/6029\/asturies-ye-agua-construyendo-un-maana-sostenible.html?fbclid=IwY2xjawEcLBFleHRuA2FlbQIxMQABHT82sFuVV6Uo6JdcR0ILYFg_rzMXRn-ERKn16qdcdYVxeG_X9ZYzIcH2uA_aem_bQHlkLtDNKyIwumUMcYaPw\">Asturies Cultura en rede<\/a> \/ Del 3 al 18 d&#8217;agostu de 2024<\/li>\n<\/ul>\n<p style=\"text-align: center\"><a href=\"https:\/\/asturiesculturaenrede.es\/uploads\/fotos\/fYEnQAqRavvHdwG8X88YzVd5Q4y7hQUz.png\"><img loading=\"lazy\" decoding=\"async\" class=\"aligncenter size-full\" src=\"https:\/\/asturiesculturaenrede.es\/uploads\/fotos\/fYEnQAqRavvHdwG8X88YzVd5Q4y7hQUz.png\" width=\"1150\" height=\"750\" \/><\/a><em><strong><span style=\"color: #008080;font-size: 20px\">Asturies ye agua. Construyendo un ma\u00f1ana sostenible Xix\u00f3n.<\/span><\/strong><\/em><\/p>\n<\/div>\n<\/div>\n<\/div>\n<div class=\"html-div xdj266r x11i5rnm xat24cr x1mh8g0r xexx8yu x4uap5 x18d9i69 xkhd6sd\" dir=\"auto\">\n<div class=\"html-div xdj266r x11i5rnm xat24cr x1mh8g0r xexx8yu x4uap5 x18d9i69 xkhd6sd\" dir=\"auto\">\n<div class=\"x1iorvi4 x1pi30zi x1l90r2v x1swvt13\" data-ad-comet-preview=\"message\" data-ad-preview=\"message\">\n<div class=\"x78zum5 xdt5ytf xz62fqu x16ldp7u\">\n<div class=\"xu06os2 x1ok221b\">\n<div class=\"xdj266r x11i5rnm xat24cr x1mh8g0r x1vvkbs x126k92a\">\n<p>L&#8217;agua, nel sent\u00edu m\u00e1s ampliu del t\u00e9rminu, centra l&#8217;amuesa espositiva del Gobiernu del Princip\u00e1u na Feria. Nel pabell\u00f3n, bautiz\u00e1u nesta ocasi\u00f3n como La casa de l&#8217;agua, va amosase la vital importancia d&#8217;esti recursu tantu para los seres humanos como para les actividaes econ\u00f3miques, agr\u00edcoles ya industriales y, inclusive, para&#8217;l deporte o la cultura de la rex\u00f3n. Am\u00e1s, pretende ponese de relieve la estratexa del Gobiernu del Princip\u00e1u na xesti\u00f3n d&#8217;esti recursu de gran valor ambiental, que se debe curiar, caltener, da-y un usu racional y devolvelo a la naturaleza en condiciones \u00f3ptimes.<\/p>\n<p><!--more--><\/p>\n<p>El percorr\u00edu empieza introduciendo al visitante n&#8217;una esperiencia inmersiva que-y tresllada al interior d&#8217;unu covar\u00f3n soterra\u00f1u empuestu por una<strong> Xana, ser de la mitolox\u00eda asturiana \u00edntimamente amestada al mediu acu\u00e1ticu.<\/strong> La Xana va acompa\u00f1ar al p\u00fablicu mientres tol percorr\u00edu y va faese presente nos xuegos y desaf\u00edos que se van plantegar a lo llargo de la visita.<\/p>\n<p>Al travi\u00e9s de paneles, maquetes m\u00f3viles, v\u00eddeos o pantalles t\u00e1ctiles,<strong> va esplicase la importancia de l&#8217;agua na nuesa vida,<\/strong> identificando en primer llugar los ecosistemes nos que puede atopase el recursu, la so distribuci\u00f3n y disponibilid\u00e1 nel planeta. van amosase los usos de l&#8217;agua nel llar, l&#8217;agua como fonte d&#8217;ociu, y distintes formes pal so aprovechamientu enerx\u00e9ticu anovable. va ponese am\u00e1s en valor la necesid\u00e1 d&#8217;un consumu consciente y responsable \u00e9nte la so posible escasez y la forma na que se trata l&#8217;agua d&#8217;agua nos n\u00facleos urbanos en bastios intensos, rellacionando la mayor frecuencia d&#8217;estos fen\u00f3menos de resultes del camb\u00e9u clim\u00e1ticu.<\/p>\n<p>Faciendo un chisgo a los inxenios de l&#8217;agua, el p\u00fablicu tami\u00e9n va conocer los elementos que los nuesos antepasaos dise\u00f1aron p&#8217;aprovechar la fuerza de l&#8217;agua y xenerar enerx\u00eda mec\u00e1nica o el\u00e9ctrica; asina, van representase por aciu maquetes m\u00f3viles un torniellu d&#8217;Arqu\u00edmedes, xuna central el\u00e9ctrica, un mol\u00edn, un mazu o un fuelle.<\/p>\n<p>Con distintes animaciones, va representase&#8217;l ciclu urbanu de l&#8217;agua, dende&#8217;l momentu de la captaci\u00f3n y potabilizaci\u00f3n pal suministru hasta la depuraci\u00f3n de les ag\u00fces residuales. Nun van faltar xuegos*interactivos, dispositivos t\u00e1ctiles y dellos elementos venc\u00edos por empreses rellacionaes cola xesti\u00f3n de l&#8217;agua enllantaes na rex\u00f3n, y va haber un espaciu dedic\u00e1u al conceutu de buelga h\u00eddrica y a los sos efectos na xesti\u00f3n del recursu.<\/p>\n<p>Del 3 al 18 d&#8217;agostu am\u00e1s de realizar un percorr\u00edu pola esposici\u00f3n vas poder participar nun mont\u00f3n d&#8217;actividaes pa tolos p\u00fablicos, dalgunes tienen premiu. Y am\u00e1s, los d\u00edes 14 y 16 d&#8217;agostu programaci\u00f3n especial pa celebrar el D\u00eda de l&#8217;agua y D\u00eda del Medioambiente.<\/p>\n<\/div>\n<\/div>\n<\/div>\n<\/div>\n<\/div>\n<\/div>\n<p>&nbsp;<\/p>\n","protected":false},"excerpt":{"rendered":"<p>Principado de Asturias\u00a0 Asturies Cultura en rede \/ Del 3 al 18 d&#8217;agostu de 2024 Asturies ye agua. Construyendo un ma\u00f1ana sostenible Xix\u00f3n. L&#8217;agua, nel sent\u00edu m\u00e1s ampliu del t\u00e9rminu, centra l&#8217;amuesa espositiva del Gobiernu del Princip\u00e1u na Feria. Nel pabell\u00f3n, bautiz\u00e1u nesta ocasi\u00f3n como La casa de l&#8217;agua, va amosase la vital importancia d&#8217;esti [&hellip;]<\/p>\n","protected":false},"author":117,"featured_media":0,"comment_status":"open","ping_status":"open","sticky":false,"template":"","format":"standard","meta":{"footnotes":""},"categories":[167],"tags":[],"class_list":["post-28885","post","type-post","status-publish","format-standard","hentry","category-feries"],"_links":{"self":[{"href":"https:\/\/edublog.educastur.es\/ixuxu\/wp-json\/wp\/v2\/posts\/28885","targetHints":{"allow":["GET"]}}],"collection":[{"href":"https:\/\/edublog.educastur.es\/ixuxu\/wp-json\/wp\/v2\/posts"}],"about":[{"href":"https:\/\/edublog.educastur.es\/ixuxu\/wp-json\/wp\/v2\/types\/post"}],"author":[{"embeddable":true,"href":"https:\/\/edublog.educastur.es\/ixuxu\/wp-json\/wp\/v2\/users\/117"}],"replies":[{"embeddable":true,"href":"https:\/\/edublog.educastur.es\/ixuxu\/wp-json\/wp\/v2\/comments?post=28885"}],"version-history":[{"count":3,"href":"https:\/\/edublog.educastur.es\/ixuxu\/wp-json\/wp\/v2\/posts\/28885\/revisions"}],"predecessor-version":[{"id":28888,"href":"https:\/\/edublog.educastur.es\/ixuxu\/wp-json\/wp\/v2\/posts\/28885\/revisions\/28888"}],"wp:attachment":[{"href":"https:\/\/edublog.educastur.es\/ixuxu\/wp-json\/wp\/v2\/media?parent=28885"}],"wp:term":[{"taxonomy":"category","embeddable":true,"href":"https:\/\/edublog.educastur.es\/ixuxu\/wp-json\/wp\/v2\/categories?post=28885"},{"taxonomy":"post_tag","embeddable":true,"href":"https:\/\/edublog.educastur.es\/ixuxu\/wp-json\/wp\/v2\/tags?post=28885"}],"curies":[{"name":"wp","href":"https:\/\/api.w.org\/{rel}","templated":true}]}}