{"id":28898,"date":"2024-08-04T12:02:29","date_gmt":"2024-08-04T10:02:29","guid":{"rendered":"https:\/\/edublog.educastur.es\/ixuxu\/?p=28898"},"modified":"2024-08-04T12:06:01","modified_gmt":"2024-08-04T10:06:01","slug":"semeya-perfecta-nos-xuegos-olimpicos","status":"publish","type":"post","link":"https:\/\/edublog.educastur.es\/ixuxu\/2024\/08\/semeya-perfecta-nos-xuegos-olimpicos\/","title":{"rendered":"Semeya perfecta nos Xuegos Ol\u00edmpicos"},"content":{"rendered":"<p style=\"text-align: center\"><a href=\"https:\/\/img2.rtve.es\/v\/16202947\/?w=1600\"><img loading=\"lazy\" decoding=\"async\" class=\"aligncenter size-full\" src=\"https:\/\/img2.rtve.es\/v\/16202947\/?w=1600\" width=\"1600\" height=\"900\" \/><\/a><\/p>\n<p>La que probablemente s\u00eda la meyor imaxe de la cita ol\u00edmpica nun ta rellacionada cola Torre Eiffel nin colos espectaculares escenarios que s&#8217;habilitaron en Par\u00eds.\u00a0 El surfista brasile\u00f1u Gabriel Medina esllum\u00f3 nel mar de Teahupo\u2019o, Polinesia Francesa, al llograr una puntuaci\u00f3n de 9.90, la m\u00e1s alta de la historiar competencia, y asegurar el so llugar nos cuartos de final nos Xuegos Ol\u00edmpicos de Par\u00eds 2024.<\/p>\n<ul>\n<li>Semeya \/ <a href=\"https:\/\/www.facebook.com\/photo\/?fbid=910731837734957&amp;set=a.413107150830764\">con testu<\/a> \/ <a href=\"https:\/\/www.facebook.com\/reel\/1707351433428534\">REEL<\/a> \/<\/li>\n<\/ul>\n<p><!--more--><br \/>\nL&#8217;allegr\u00eda posterior produci\u00f3 otru momentu de perfecci\u00f3n: Medina salt\u00f3 de la so tabla, llevant\u00f3&#8217;l deu y la so tabla vol\u00f3 paralela a \u00e9l mientres el fot\u00f3grafu J\u00e9r\u00f4me Brouillet, de l&#8217;Agence France-Presse, tomaba la instant\u00e1nea, convirti\u00e9ndola de manera inmediata n&#8217;una imaxe ic\u00f3nica.<br \/>\nLa estraordinaria semeya espubliz\u00f3se por redes sociales faci\u00e9ndose viral en tol mundu.<\/p>\n<p style=\"text-align: center\"><a href=\"https:\/\/www.lacuarta.com\/resizer\/Ey-WCK0y20JbQP9TptOfhjTMx3I=\/1200x630\/smart\/cloudfront-us-east-1.images.arcpublishing.com\/copesa\/IZJBRDJ6GFBRHPYMUIX7JCO7DU.jpg\"><img loading=\"lazy\" decoding=\"async\" class=\"aligncenter size-full\" src=\"https:\/\/www.lacuarta.com\/resizer\/Ey-WCK0y20JbQP9TptOfhjTMx3I=\/1200x630\/smart\/cloudfront-us-east-1.images.arcpublishing.com\/copesa\/IZJBRDJ6GFBRHPYMUIX7JCO7DU.jpg\" width=\"1200\" height=\"630\" \/><\/a><\/p>\n<p style=\"text-align: center\">\n<!-- iframe plugin v.6.0 wordpress.org\/plugins\/iframe\/ -->\n<iframe loading=\"lazy\" src=\"https:\/\/www.facebook.com\/plugins\/video.php?height=476&#038;href=https%3A%2F%2Fwww.facebook.com%2FCatequilTVcaxas%2Fvideos%2F1707351433428534%2F&#038;show_text=false&#038;width=267&#038;t=0\" width=\"267\" height=\"476\" style=\"border:none;overflow:hidden\" scrolling=\"no\" frameborder=\"0\" allowfullscreen=\"true\" allow=\"autoplay; clipboard-write; encrypted-media; picture-in-picture; web-share\" 0=\"\/iframe\" class=\"iframe-class\"><\/iframe>\n<\/p>\n","protected":false},"excerpt":{"rendered":"<p>La que probablemente s\u00eda la meyor imaxe de la cita ol\u00edmpica nun ta rellacionada cola Torre Eiffel nin colos espectaculares escenarios que s&#8217;habilitaron en Par\u00eds.\u00a0 El surfista brasile\u00f1u Gabriel Medina esllum\u00f3 nel mar de Teahupo\u2019o, Polinesia Francesa, al llograr una puntuaci\u00f3n de 9.90, la m\u00e1s alta de la historiar competencia, y asegurar el so llugar [&hellip;]<\/p>\n","protected":false},"author":117,"featured_media":0,"comment_status":"open","ping_status":"open","sticky":false,"template":"","format":"standard","meta":{"footnotes":""},"categories":[186],"tags":[],"class_list":["post-28898","post","type-post","status-publish","format-standard","hentry","category-xuegos-olimpicos"],"_links":{"self":[{"href":"https:\/\/edublog.educastur.es\/ixuxu\/wp-json\/wp\/v2\/posts\/28898","targetHints":{"allow":["GET"]}}],"collection":[{"href":"https:\/\/edublog.educastur.es\/ixuxu\/wp-json\/wp\/v2\/posts"}],"about":[{"href":"https:\/\/edublog.educastur.es\/ixuxu\/wp-json\/wp\/v2\/types\/post"}],"author":[{"embeddable":true,"href":"https:\/\/edublog.educastur.es\/ixuxu\/wp-json\/wp\/v2\/users\/117"}],"replies":[{"embeddable":true,"href":"https:\/\/edublog.educastur.es\/ixuxu\/wp-json\/wp\/v2\/comments?post=28898"}],"version-history":[{"count":4,"href":"https:\/\/edublog.educastur.es\/ixuxu\/wp-json\/wp\/v2\/posts\/28898\/revisions"}],"predecessor-version":[{"id":28902,"href":"https:\/\/edublog.educastur.es\/ixuxu\/wp-json\/wp\/v2\/posts\/28898\/revisions\/28902"}],"wp:attachment":[{"href":"https:\/\/edublog.educastur.es\/ixuxu\/wp-json\/wp\/v2\/media?parent=28898"}],"wp:term":[{"taxonomy":"category","embeddable":true,"href":"https:\/\/edublog.educastur.es\/ixuxu\/wp-json\/wp\/v2\/categories?post=28898"},{"taxonomy":"post_tag","embeddable":true,"href":"https:\/\/edublog.educastur.es\/ixuxu\/wp-json\/wp\/v2\/tags?post=28898"}],"curies":[{"name":"wp","href":"https:\/\/api.w.org\/{rel}","templated":true}]}}