{"id":28961,"date":"2024-07-27T12:00:35","date_gmt":"2024-07-27T10:00:35","guid":{"rendered":"https:\/\/edublog.educastur.es\/ixuxu\/?p=28961"},"modified":"2024-08-04T15:39:22","modified_gmt":"2024-08-04T13:39:22","slug":"28961","status":"publish","type":"post","link":"https:\/\/edublog.educastur.es\/ixuxu\/2024\/07\/28961\/","title":{"rendered":"El caballu de metal de la inauguraci\u00f3n"},"content":{"rendered":"<p style=\"text-align: center\"><a href=\"https:\/\/elluchador.info\/wp-content\/uploads\/2024\/07\/antorcha-olimpica-paris.webp\"><img loading=\"lazy\" decoding=\"async\" class=\"aligncenter size-full\" src=\"https:\/\/elluchador.info\/wp-content\/uploads\/2024\/07\/antorcha-olimpica-paris.webp\" width=\"1280\" height=\"945\" \/><\/a><\/p>\n<p>\u00bfCu\u00e1l ye&#8217;l dest\u00edn del caballu de metal que parti\u00f3&#8217;l Sena mientres la ceremonia d&#8217;inauguraci\u00f3n de los Xuegos Ol\u00edmpicos de Par\u00eds 2024? Na inauguraci\u00f3n de los Xuegos, el vienres 26 de xunetu, el director art\u00edsticu de los festexos, Thomas Jolly, tir\u00f3 d&#8217;inxeniu. Para la llegada de la bandera ol\u00edmpica, los palombos de la paz y l&#8217;himnu ol\u00edmpicu,<strong> imaxin\u00f3 a una amazona galopiando pol Sena, encarnando los valores del olimpismu: resiliencia, paz, solidarid\u00e1 y unid\u00e1.<\/strong><\/p>\n<p><!--more--><\/p>\n<p>Esti caballu de metal, frutu del remangu art\u00edsticu y cient\u00edficu del Atelier Blam, empresa innovadora con see na rex\u00f3n de Nantes, caus\u00f3 una impresi\u00f3n especialmente fuerte. \u00a1Un s\u00edmbolu d&#8217;audacia cultural made in France!<\/p>\n\n<!-- iframe plugin v.6.0 wordpress.org\/plugins\/iframe\/ -->\n<iframe loading=\"lazy\" src=\"https:\/\/www.facebook.com\/plugins\/post.php?href=https%3A%2F%2Fwww.facebook.com%2Fphoto.php%3Ffbid%3D908241024680857%26set%3Da.644938341011128%26type%3D3&#038;show_text=false&#038;width=500\" width=\"500\" height=\"689\" style=\"border:none;overflow:hidden\" scrolling=\"no\" frameborder=\"0\" allowfullscreen=\"true\" allow=\"autoplay; clipboard-write; encrypted-media; picture-in-picture; web-share\" 0=\"\/iframe\" class=\"iframe-class\"><\/iframe>\n\n<p>Dende&#8217;l puntu de vista tecnol\u00f3xicu, esta estructura, qu&#8217;asonsa\u00f1aba la figura d&#8217;un caballu, riqui\u00f3 un sistema de propulsi\u00f3n especialmente afechu a les condiciones del r\u00edu.<\/p>\n<p>Anque&#8217;l Sena tien una corriente relativamente nidia en comparanza con otros r\u00edos m\u00e1s grandes, el sistema de propulsi\u00f3n ten\u00eda de ser lo suficientemente eficiente para garantizar unu sal\u00e9u seguru.<\/p>\n<p>&nbsp;<\/p>\n","protected":false},"excerpt":{"rendered":"<p>\u00bfCu\u00e1l ye&#8217;l dest\u00edn del caballu de metal que parti\u00f3&#8217;l Sena mientres la ceremonia d&#8217;inauguraci\u00f3n de los Xuegos Ol\u00edmpicos de Par\u00eds 2024? Na inauguraci\u00f3n de los Xuegos, el vienres 26 de xunetu, el director art\u00edsticu de los festexos, Thomas Jolly, tir\u00f3 d&#8217;inxeniu. Para la llegada de la bandera ol\u00edmpica, los palombos de la paz y l&#8217;himnu [&hellip;]<\/p>\n","protected":false},"author":117,"featured_media":0,"comment_status":"open","ping_status":"open","sticky":false,"template":"","format":"standard","meta":{"footnotes":""},"categories":[186],"tags":[],"class_list":["post-28961","post","type-post","status-publish","format-standard","hentry","category-xuegos-olimpicos"],"_links":{"self":[{"href":"https:\/\/edublog.educastur.es\/ixuxu\/wp-json\/wp\/v2\/posts\/28961","targetHints":{"allow":["GET"]}}],"collection":[{"href":"https:\/\/edublog.educastur.es\/ixuxu\/wp-json\/wp\/v2\/posts"}],"about":[{"href":"https:\/\/edublog.educastur.es\/ixuxu\/wp-json\/wp\/v2\/types\/post"}],"author":[{"embeddable":true,"href":"https:\/\/edublog.educastur.es\/ixuxu\/wp-json\/wp\/v2\/users\/117"}],"replies":[{"embeddable":true,"href":"https:\/\/edublog.educastur.es\/ixuxu\/wp-json\/wp\/v2\/comments?post=28961"}],"version-history":[{"count":8,"href":"https:\/\/edublog.educastur.es\/ixuxu\/wp-json\/wp\/v2\/posts\/28961\/revisions"}],"predecessor-version":[{"id":28970,"href":"https:\/\/edublog.educastur.es\/ixuxu\/wp-json\/wp\/v2\/posts\/28961\/revisions\/28970"}],"wp:attachment":[{"href":"https:\/\/edublog.educastur.es\/ixuxu\/wp-json\/wp\/v2\/media?parent=28961"}],"wp:term":[{"taxonomy":"category","embeddable":true,"href":"https:\/\/edublog.educastur.es\/ixuxu\/wp-json\/wp\/v2\/categories?post=28961"},{"taxonomy":"post_tag","embeddable":true,"href":"https:\/\/edublog.educastur.es\/ixuxu\/wp-json\/wp\/v2\/tags?post=28961"}],"curies":[{"name":"wp","href":"https:\/\/api.w.org\/{rel}","templated":true}]}}