{"id":28985,"date":"2024-08-05T09:00:56","date_gmt":"2024-08-05T07:00:56","guid":{"rendered":"https:\/\/edublog.educastur.es\/ixuxu\/?p=28985"},"modified":"2024-08-05T13:27:33","modified_gmt":"2024-08-05T11:27:33","slug":"alianza-stem-pol-talentu-femenin-nenes-en-pie-de-ciencia","status":"publish","type":"post","link":"https:\/\/edublog.educastur.es\/ixuxu\/2024\/08\/alianza-stem-pol-talentu-femenin-nenes-en-pie-de-ciencia\/","title":{"rendered":"\u00abAlianza STEAM pol talentu femen\u00edn. Ne\u00f1es en pie de ciencia\u00bb"},"content":{"rendered":"<div class=\"xu06os2 x1ok221b\">\n<ul>\n<li id=\":ral:\" class=\"html-h4 x11i5rnm xat24cr x1mh8g0r xexx8yu x4uap5 x18d9i69 xkhd6sd x1vvkbs x1heor9g x1qlqyl8 x1pd3egz x1a2a7pz x1gslohp x1yc453h\"><span class=\"xt0psk2\"><a class=\"x1i10hfl xjbqb8w x1ejq31n xd10rxx x1sy0etr x17r0tee x972fbf xcfux6l x1qhh985 xm0m39n x9f619 x1ypdohk xt0psk2 xe8uvvx xdj266r x11i5rnm xat24cr x1mh8g0r xexx8yu x4uap5 x18d9i69 xkhd6sd x16tdsg8 x1hl2dhg xggy1nq x1a2a7pz x1sur9pj xkrqix3 xzsf02u x1s688f\" role=\"link\" href=\"https:\/\/www.facebook.com\/educastur?__cft__[0]=AZWwV-W8LGFnAa9LumU9RCuA01K4y9SlYuyDip1kR40pFfQLvTI9MypVHaGzfjcA4QDfPTSNWr3NQ0sTypRAEdh8NWsRYxFAJnG6ibrz1xeT4xUW9gBEqzjJoKCWQe8PFEBaczBx7AX3Unh6AQVW4k8dF-ZSq12FWGVx5QTM07aKjtAGYhD5Eg3ZHDyzqfh6hxAi8aXmcr-iJds0wknSnfMD&amp;__tn__=-UC%2CP-R\"><strong class=\"html-strong xdj266r x11i5rnm xat24cr x1mh8g0r xexx8yu x4uap5 x18d9i69 xkhd6sd x1hl2dhg x16tdsg8 x1vvkbs x1s688f\"><span class=\"html-span xdj266r x11i5rnm xat24cr x1mh8g0r xexx8yu x4uap5 x18d9i69 xkhd6sd x1hl2dhg x16tdsg8 x1vvkbs\">Conseyer\u00eda d&#8217;Educaci\u00f3n del P.<\/span><\/strong><\/a> \/ <a href=\"https:\/\/alianzasteam.educacionfpydeportes.gob.es\/publicaciones\/informes-alianza-steam.html\">Publicaciones STEAM\u00a0<\/a> \/ <a href=\"https:\/\/www.libreria.educacion.gob.es\/ebook\/181246\/free_download\/\">Ne\u00f1es en pie de ciencia<\/a><a href=\"https:\/\/www.libreria.educacion.gob.es\/ebook\/181246\/free_download\/\"><strong> \/<\/strong><\/a><\/span><strong><span class=\"html-span xexx8yu x4uap5 x18d9i69 xkhd6sd x1hl2dhg x16tdsg8 x1vvkbs x3nfvp2 x1j61x8r x1fcty0u xdj266r xat24cr xgzva0m xhhsvwb xxymvpz xlup9mm x1kky2od\"><img loading=\"lazy\" decoding=\"async\" class=\"xz74otr\" src=\"https:\/\/static.xx.fbcdn.net\/images\/emoji.php\/v9\/t8e\/1\/16\/2139.png\" alt=\"\u2139\ufe0f\" width=\"16\" height=\"16\" \/><\/span><a href=\"https:\/\/alianzasteam.educacionfpydeportes.gob.es\/inicio.html\"> WEB<\/a> \/ <a href=\"https:\/\/acortar.link\/yBNKFR\">INFO<\/a> \/<\/strong><\/li>\n<\/ul>\n<p style=\"text-align: center\"><a href=\"https:\/\/alianzasteam.educacionfpydeportes.gob.es\/.imaging\/mte\/alianzasteam-theme\/contenido-cim-gr\/dam\/micrositios\/alianza-steam\/inicio\/at-mica\/jcr:content\/at-mica.png.png\"><img loading=\"lazy\" decoding=\"async\" class=\"aligncenter \" src=\"https:\/\/alianzasteam.educacionfpydeportes.gob.es\/.imaging\/mte\/alianzasteam-theme\/contenido-cim-gr\/dam\/micrositios\/alianza-steam\/inicio\/at-mica\/jcr:content\/at-mica.png.png\" width=\"418\" height=\"313\" \/><\/a><\/p>\n<p><span style=\"color: #800080\"><em>Avanzamos escontra la iguald\u00e1.\u00a0 La UNESCO incl\u00fai na so Axenda 2030 para&#8217;l Desenvolvimientu Sostenible dos oxetivos nesa ll\u00ednea:<\/em><\/span><\/p>\n<ul>\n<li><span style=\"color: #800080\"><em>El ODS 4, sobro educaci\u00f3n calidable, inclusiva, equitativa y que promueva l&#8217;aprendizaxe continuu pa toos.<\/em><\/span><\/li>\n<li><span style=\"color: #800080\"><em>El ODS 5, sobro iguald\u00e1 de x\u00e9neru y empoderamientu de muyeres y ne\u00f1es.<\/em><\/span><\/li>\n<\/ul>\n<p><strong>Ye una iniciativa que naz coles mires de: Fomentar les ?????????? ????? en ne\u00f1es y nueves y amenorgar la brecha de x\u00e9neru.<\/strong><\/p>\n<p><!--more--><\/p>\n<p>Tan solo&#8217;l 1 % de muyeres emplegaes son especialistes en TIC.\u00a0 La proporci\u00f3n de persones graduaes TIC representa un 4 % del total. Solo un 1,7 % de les ne\u00f1es (TR\u00cdA 2018) vense trabayando nes TIC. Am\u00e1s, la UNESCO ellabor\u00f3 un estudiu que ye la principal referencia nesta materia: \u201cDescifrar el c\u00f3digu: la educaci\u00f3n de les muyeres y les ne\u00f1es en materia de STEM\u201d.<\/p>\n<\/div>\n<p>&nbsp;<\/p>\n","protected":false},"excerpt":{"rendered":"<p>Conseyer\u00eda d&#8217;Educaci\u00f3n del P. \/ Publicaciones STEAM\u00a0 \/ Ne\u00f1es en pie de ciencia \/ WEB \/ INFO \/ Avanzamos escontra la iguald\u00e1.\u00a0 La UNESCO incl\u00fai na so Axenda 2030 para&#8217;l Desenvolvimientu Sostenible dos oxetivos nesa ll\u00ednea: El ODS 4, sobro educaci\u00f3n calidable, inclusiva, equitativa y que promueva l&#8217;aprendizaxe continuu pa toos. El ODS 5, sobro [&hellip;]<\/p>\n","protected":false},"author":117,"featured_media":0,"comment_status":"open","ping_status":"open","sticky":false,"template":"","format":"standard","meta":{"footnotes":""},"categories":[1],"tags":[],"class_list":["post-28985","post","type-post","status-publish","format-standard","hentry","category-sin-categoria"],"_links":{"self":[{"href":"https:\/\/edublog.educastur.es\/ixuxu\/wp-json\/wp\/v2\/posts\/28985","targetHints":{"allow":["GET"]}}],"collection":[{"href":"https:\/\/edublog.educastur.es\/ixuxu\/wp-json\/wp\/v2\/posts"}],"about":[{"href":"https:\/\/edublog.educastur.es\/ixuxu\/wp-json\/wp\/v2\/types\/post"}],"author":[{"embeddable":true,"href":"https:\/\/edublog.educastur.es\/ixuxu\/wp-json\/wp\/v2\/users\/117"}],"replies":[{"embeddable":true,"href":"https:\/\/edublog.educastur.es\/ixuxu\/wp-json\/wp\/v2\/comments?post=28985"}],"version-history":[{"count":8,"href":"https:\/\/edublog.educastur.es\/ixuxu\/wp-json\/wp\/v2\/posts\/28985\/revisions"}],"predecessor-version":[{"id":29011,"href":"https:\/\/edublog.educastur.es\/ixuxu\/wp-json\/wp\/v2\/posts\/28985\/revisions\/29011"}],"wp:attachment":[{"href":"https:\/\/edublog.educastur.es\/ixuxu\/wp-json\/wp\/v2\/media?parent=28985"}],"wp:term":[{"taxonomy":"category","embeddable":true,"href":"https:\/\/edublog.educastur.es\/ixuxu\/wp-json\/wp\/v2\/categories?post=28985"},{"taxonomy":"post_tag","embeddable":true,"href":"https:\/\/edublog.educastur.es\/ixuxu\/wp-json\/wp\/v2\/tags?post=28985"}],"curies":[{"name":"wp","href":"https:\/\/api.w.org\/{rel}","templated":true}]}}