{"id":29015,"date":"2024-08-05T18:30:16","date_gmt":"2024-08-05T16:30:16","guid":{"rendered":"https:\/\/edublog.educastur.es\/ixuxu\/?p=29015"},"modified":"2024-08-06T14:53:46","modified_gmt":"2024-08-06T12:53:46","slug":"subite-a-la-tenobiera-nespinareu","status":"publish","type":"post","link":"https:\/\/edublog.educastur.es\/ixuxu\/2024\/08\/subite-a-la-tenobiera-nespinareu\/","title":{"rendered":"\u00abS\u00fabite a la tenobiera\u00bb n&#8217;Espinar\u00e9u, el 10 d&#8217;agostu"},"content":{"rendered":"<p style=\"text-align: center\"><a href=\"https:\/\/subitealatenobiera.es\/assets\/img\/logo.png\"><img loading=\"lazy\" decoding=\"async\" class=\"aligncenter size-full\" src=\"https:\/\/subitealatenobiera.es\/assets\/img\/logo.png\" width=\"380\" height=\"40\" \/><\/a><\/p>\n<ul>\n<li><a href=\"https:\/\/subitealatenobiera.es\/as\">https:\/\/subitealatenobiera.es\/as<\/a>\u00a0 \/<a href=\"https:\/\/subitealatenobiera.es\/as\"><strong> WEB<\/strong><\/a> \/<a href=\"https:\/\/www.instagram.com\/subitealatenobiera24\/\"> Instagram<\/a> \/ <a href=\"https:\/\/www.instagram.com\/p\/C-SFrbSNLf2\/\">Anunciu<\/a><\/li>\n<li>Cites: <a href=\"https:\/\/subitealatenobiera.es\/as\/navelgas-21-de-xunetu\">Navelgas 21 de xunetu<\/a>\u00a0 \/ <a href=\"https:\/\/subitealatenobiera.es\/as\/espinareu-10-dagostu\">Espinar\u00e9u 10 d&#8217;agostu<\/a> \/<\/li>\n<\/ul>\n<div class=\"row\">\n<div class=\"col-lg-10 col-xl-8 offset-0 offset-sm-0 offset-md-0 offset-lg-1 offset-xl-2 \">\n<div class=\"consult-projectDetail__content\">\n<div class=\"row\">\n<div class=\"col-xl-11 offset-0 offset-sm-0 offset-md-0 offset-lg-0 offset-xl-1 \">\n<p>El viniente d\u00eda 10 d&#8217;agostu va tener llugar na poblaci\u00f3n d&#8217;Espinar\u00e9u (Pilo\u00f1a) la segunda xornada de les ocho que componen el programa <strong>S\u00fabite a la Tenobier<\/strong>a, entam\u00e1u pola compa\u00f1\u00eda profesional d&#8217;espect\u00e1culos asturiana <a href=\"https:\/\/www.nuntristeatro.com\/as\"><strong>Producciones Nun Tris.<\/strong><\/a><\/p>\n<p style=\"text-align: center\"><a href=\"https:\/\/elbuscolu.com\/uploads\/tenobiera.jpg\"><img loading=\"lazy\" decoding=\"async\" class=\"aligncenter \" src=\"https:\/\/elbuscolu.com\/uploads\/tenobiera.jpg\" width=\"702\" height=\"987\" \/><\/a><!--more--><\/p>\n<p>Celebra la so segunda xornada cultural n&#8217;Espinar\u00e9u, destacando&#8217;l patrimoniu de los horros asturianos con actividaes gratuites.<\/p>\n<p>La compa\u00f1\u00eda Producciones Nun Tris entama esti innovador proyectu que&#8217;l so oxetivu principal ye la<strong> esaltaci\u00f3n del horru asturianu al travi\u00e9s d&#8217;acciones culturales nel mediu rural.<\/strong> Esti s\u00e1badu, 10 d&#8217;agostu, va tener llugar la segunda cita d&#8217;esti proyectu n&#8217;Espinar\u00e9u (Pilo\u00f1a). L&#8217;activid\u00e1 central siempres incl\u00fai una visita empuesta con animaci\u00f3n teatral y musical, nesta ocasi\u00f3n, cola participaci\u00f3n de l&#8217;Asociaci\u00f3n d&#8217;Amigos del Horru. Tami\u00e9n se programaron otres actividaes, como esposiciones, talleres y actuaciones. Per primer vegada, va #cuntar cola collaboraci\u00f3n del merc\u00e1u El Raiga\u00f1u. Toles actividaes son gratuites, de llibre accesu y aptes pa tolos p\u00fablicos.<\/p>\n<p><span style=\"color: #008080\"><em>Curtia Esplicaci\u00f3n del Proyectu:<\/em><\/span><br \/>\n<span style=\"color: #008080\"><em>Busca destacar el patrimoniu etnogr\u00e1ficu asturianu, enfoc\u00e1ndose nos horros, al travi\u00e9s de diverses acciones culturales: visites empuestes, actuaciones, charres y representaciones, ente otres. Les actividaes van distribuyise n&#8217;ocho xornaes en distintes localidaes con concentraciones significatives d&#8217;horros. El proyectu tien un enfoque inclusivu y, am\u00e1s del so oxetivu principal, <strong>enceta temes d&#8217;inter\u00e9s xeneral como&#8217;l ecofeminismo, la sostenibilid\u00e1, l&#8217;asociacionismo y la memoria hist\u00f3rica.<\/strong><\/em><\/span><\/p>\n<p><span style=\"color: #008080\"><em>Esti proyectu ta subvencion\u00e1u pola Conseyer\u00eda de Cultura na ll\u00ednea d&#8217;ayudes a proyectos singulares na redolada rural, y busca dar visibilid\u00e1 a los horros y aumentar la ufierta cultural de la zona. Tou esto real\u00edzase en collaboraci\u00f3n con persones, asociaciones, entidaes y recursos locales rellacionaos cola tem\u00e1tica en #cada allugamientu.<\/em><\/span><\/p>\n<p>Tr\u00e1tase d&#8217;unes xornaes onde siendo los conxuntos d&#8217;horros, o unidaes singulares de los mesmos los protagonistes, van plantegase actividaes culturales de bien estrem\u00e1u calter pero que vienen destacar la importancia qu&#8217;estes ic\u00f3niques edificaciones tienen pa la socied\u00e1 asturiana. N&#8217;esi sen, va haber charres, presentaciones, visites guiaes, teatru, m\u00fasica, o esposiciones en ca\u00fana de les sedes, colo qu&#8217;am\u00e1s d\u2019apurrir un calter espec\u00edficu a cada convocatoria, pret\u00e9ndese dinamizarde dalguna forma la vida cultural de cada allugamientu, colaborando con estremaes persones, asociaciones o entidaes. Nesti casu ye solli\u00f1able la collaboraci\u00f3n cola Asociaci\u00f3n El Raiga\u00f1u, qu&#8217;entamar\u00e1 un merc\u00e1u popular que va tar instal\u00e1u tola xornada.<\/p>\n<p style=\"text-align: center\"><a href=\"https:\/\/subitealatenobiera.es\/images\/contenidos\/1722419778_1900x842.jpg\"><img loading=\"lazy\" decoding=\"async\" class=\"aligncenter size-full\" src=\"https:\/\/subitealatenobiera.es\/images\/contenidos\/1722419778_1900x842.jpg\" width=\"1900\" height=\"842\" \/><\/a><\/p>\n<p>Escaleta d&#8217;actividaes:<\/p>\n<ul>\n<li>12:00h Visita guiada al conxuntu d&#8217;horros d&#8217;Espinar\u00e9u, cola collaboraci\u00f3n de l&#8217;Asociaci\u00f3n d&#8217;Amigos del H\u00f3rreo. Incl\u00fai: animaci\u00f3n teatral al cargu de Producciones Nun Tris, una llectura de poemes el autor llocal Armando Vega y amenizada pola bandina de m\u00fasica tradicional Los Gascones. Final na Exposici\u00f3n de maquetes de horros.<\/li>\n<li>&#8211; 12:00h Apertura Exposici\u00f3n maquetes d&#8217;horros, al cargu de Javier Espina. Desplicaci\u00f3n posterior pa les persones que ficieren la visita guiada.<\/li>\n<li>&#8211; 17:00h Visita guiada horros. Mesmu programa que la sesi\u00f3n matinal.<\/li>\n<li>&#8211; 17:00h Maquetes horros. Mesmu programa que la sesi\u00f3n matinal.<\/li>\n<li>&#8211; 19:00h Espect\u00e1culu ll\u00edricu-teatral \u00abSua\u00f1ando cantares\u00bb, de Susana Gud\u00edn Producciones.<\/li>\n<\/ul>\n<p>&nbsp;<\/p>\n<ul>\n<li>&#8211; Durante tol d\u00eda: Merc\u00e1u d&#8217;artesan\u00eda El Raiga\u00f1u<\/li>\n<\/ul>\n<p>Toles actividaes t\u00e1n dirix\u00edes a tolos p\u00fablicos y son de baldre. \u00a1Esper\u00e1mosvos!<\/p>\n<\/div>\n<p style=\"text-align: center\">https:\/\/subitealatenobiera.es\/as<\/p>\n\n<!-- iframe plugin v.6.0 wordpress.org\/plugins\/iframe\/ -->\n<iframe loading=\"lazy\" src=\"https:\/\/www.instagram.com\/reel\/C-SFrbSNLf2\/embed\" width=\"480\" height=\"600\" 0=\"\/iframe\" scrolling=\"yes\" class=\"iframe-class\" frameborder=\"0\"><\/iframe>\n\n<hr \/>\n<\/div>\n<p><strong>Localidaes y Feches del Programa:<\/strong><br \/>\nAdem\u00e1s de Navelgas, donde se celebr\u00f3 la primera jornada, y Espinar\u00e9u, el programa S\u00fabite a la Tenobiera visitar\u00e1 las siguientes localidades:<br \/>\nSietes (Villaviciosa)<br \/>\nG\u00fce\u00f1u (La Ribera)<br \/>\nUri\u00e9s (Ayer)<br \/>\nCadav\u00e9u (Vald\u00e9s)<br \/>\nCarre\u00f1o<br \/>\nSamart\u00edn d\u2019Oscos<\/p>\n<p><strong>Contacto y Redes Sociales:<\/strong><br \/>\nP\u00e1gina web: <a href=\"https:\/\/subitealatenobiera.es\/es\" target=\"_blank\" rel=\"noopener\">www.subitealatenobiera.es\/es<\/a><br \/>\nInstagram: <a href=\"https:\/\/www.instagram.com\/subitealatenobiera24\" target=\"_blank\" rel=\"noopener\">www.instagram.com\/subitealatenobiera24<\/a><br \/>\nFacebook: <a href=\"https:\/\/www.facebook.com\/profile.php?id=61562809358131\" target=\"_blank\" rel=\"noopener\">www.facebook.com\/profile.php?id=61562809358131<\/a><br \/>\nX: <a href=\"https:\/\/x.com\/subitetenobiera?mx=2\" target=\"_blank\" rel=\"noopener\">https:\/\/x.com\/subitetenobiera<\/a><\/p>\n<\/div>\n<\/div>\n<\/div>\n<p>&nbsp;<\/p>\n","protected":false},"excerpt":{"rendered":"<p>https:\/\/subitealatenobiera.es\/as\u00a0 \/ WEB \/ Instagram \/ Anunciu Cites: Navelgas 21 de xunetu\u00a0 \/ Espinar\u00e9u 10 d&#8217;agostu \/ El viniente d\u00eda 10 d&#8217;agostu va tener llugar na poblaci\u00f3n d&#8217;Espinar\u00e9u (Pilo\u00f1a) la segunda xornada de les ocho que componen el programa S\u00fabite a la Tenobiera, entam\u00e1u pola compa\u00f1\u00eda profesional d&#8217;espect\u00e1culos asturiana Producciones Nun Tris.<\/p>\n","protected":false},"author":117,"featured_media":0,"comment_status":"open","ping_status":"open","sticky":false,"template":"","format":"standard","meta":{"footnotes":""},"categories":[354],"tags":[],"class_list":["post-29015","post","type-post","status-publish","format-standard","hentry","category-subite-a-la-tenobiera"],"_links":{"self":[{"href":"https:\/\/edublog.educastur.es\/ixuxu\/wp-json\/wp\/v2\/posts\/29015","targetHints":{"allow":["GET"]}}],"collection":[{"href":"https:\/\/edublog.educastur.es\/ixuxu\/wp-json\/wp\/v2\/posts"}],"about":[{"href":"https:\/\/edublog.educastur.es\/ixuxu\/wp-json\/wp\/v2\/types\/post"}],"author":[{"embeddable":true,"href":"https:\/\/edublog.educastur.es\/ixuxu\/wp-json\/wp\/v2\/users\/117"}],"replies":[{"embeddable":true,"href":"https:\/\/edublog.educastur.es\/ixuxu\/wp-json\/wp\/v2\/comments?post=29015"}],"version-history":[{"count":10,"href":"https:\/\/edublog.educastur.es\/ixuxu\/wp-json\/wp\/v2\/posts\/29015\/revisions"}],"predecessor-version":[{"id":29036,"href":"https:\/\/edublog.educastur.es\/ixuxu\/wp-json\/wp\/v2\/posts\/29015\/revisions\/29036"}],"wp:attachment":[{"href":"https:\/\/edublog.educastur.es\/ixuxu\/wp-json\/wp\/v2\/media?parent=29015"}],"wp:term":[{"taxonomy":"category","embeddable":true,"href":"https:\/\/edublog.educastur.es\/ixuxu\/wp-json\/wp\/v2\/categories?post=29015"},{"taxonomy":"post_tag","embeddable":true,"href":"https:\/\/edublog.educastur.es\/ixuxu\/wp-json\/wp\/v2\/tags?post=29015"}],"curies":[{"name":"wp","href":"https:\/\/api.w.org\/{rel}","templated":true}]}}