{"id":29020,"date":"2024-08-20T12:00:13","date_gmt":"2024-08-20T10:00:13","guid":{"rendered":"https:\/\/edublog.educastur.es\/ixuxu\/?p=29020"},"modified":"2024-08-20T17:17:59","modified_gmt":"2024-08-20T15:17:59","slug":"29020","status":"publish","type":"post","link":"https:\/\/edublog.educastur.es\/ixuxu\/2024\/08\/29020\/","title":{"rendered":"\u00abS\u00fabite a la tenobiera\u00bb en Navelgas, el 21 de xunetu"},"content":{"rendered":"<p style=\"text-align: center\"><a href=\"https:\/\/subitealatenobiera.es\/images\/slides\/3\/1722861518.png\"><img loading=\"lazy\" decoding=\"async\" class=\"aligncenter size-full\" src=\"https:\/\/subitealatenobiera.es\/images\/slides\/3\/1722861518.png\" width=\"1900\" height=\"967\" \/><\/a><\/p>\n<div class=\"row\">\n<div class=\"col-lg-10 col-xl-8 offset-0 offset-sm-0 offset-md-0 offset-lg-1 offset-xl-2 \">\n<div class=\"consult-projectDetail__content\">\n<div class=\"row\">\n<div class=\"col-xl-11 offset-0 offset-sm-0 offset-md-0 offset-lg-0 offset-xl-1 \">\n<p><strong>Esti domingu 21 de xunetu echa a ansar en Navelgas el programa cultural S\u00daBITE A LA TENOBIERA!! Tr\u00e1tase d&#8217;una esbilla multidisciplinar d&#8217;actividaes gratuites nes que l&#8217;horru ye&#8217;l protagonista.<\/strong><\/p>\n<p><strong>11.00 h<\/strong>. \u2013 Receici\u00f3n de visitantes y desplicaci\u00f3n de la visita y actividaes delantre&#8217;l Mus\u00e9u del Oru.<br \/>\nSalida hacia Navelgas d&#8217;Arriba acompa\u00f1aos por la bandina.<br \/>\n<strong>11.30 h.<\/strong>\u00a0\u2013 Amuesa del oficiu tradicional de la forxa nel horru de Casa Businando.<br \/>\n<strong>11.45 h.<\/strong>\u00a0\u2013 Animaci\u00f3n n&#8217;horru Xuaco.<br \/>\n<strong>12.00 h.<\/strong>\u00a0\u2013 Pas\u00e9u de vuelta al Mus\u00e9u acompa\u00f1aos de la bandina Los Gascones y charra abierta.<br \/>\n<strong>12.30 h<\/strong>. \u2013 Desplicaci\u00f3n, demostraci\u00f3n y taller de bat\u00e9u d&#8217;oru.<br \/>\n<strong>13.45 h.<\/strong>\u00a0\u2013 Representaci\u00f3n teatral \u00abHacer o facer\u00bb de Grupu de teatru Los Pintores.<\/p>\n<p><strong>Esper\u00e1mosvos! T\u00e1i sollertes a otres convocatories de #subitealatenobiera\u00a0!<\/strong><\/p>\n<p style=\"text-align: center\"><strong><a href=\"https:\/\/www.nuntristeatro.com\/as\">Producciones Nun Tris<\/a><\/strong><\/p>\n<\/div>\n<\/div>\n<\/div>\n<\/div>\n<\/div>\n","protected":false},"excerpt":{"rendered":"<p>Esti domingu 21 de xunetu echa a ansar en Navelgas el programa cultural S\u00daBITE A LA TENOBIERA!! Tr\u00e1tase d&#8217;una esbilla multidisciplinar d&#8217;actividaes gratuites nes que l&#8217;horru ye&#8217;l protagonista. 11.00 h. \u2013 Receici\u00f3n de visitantes y desplicaci\u00f3n de la visita y actividaes delantre&#8217;l Mus\u00e9u del Oru. Salida hacia Navelgas d&#8217;Arriba acompa\u00f1aos por la bandina. 11.30 h.\u00a0\u2013 [&hellip;]<\/p>\n","protected":false},"author":117,"featured_media":0,"comment_status":"open","ping_status":"open","sticky":false,"template":"","format":"standard","meta":{"footnotes":""},"categories":[354],"tags":[],"class_list":["post-29020","post","type-post","status-publish","format-standard","hentry","category-subite-a-la-tenobiera"],"_links":{"self":[{"href":"https:\/\/edublog.educastur.es\/ixuxu\/wp-json\/wp\/v2\/posts\/29020","targetHints":{"allow":["GET"]}}],"collection":[{"href":"https:\/\/edublog.educastur.es\/ixuxu\/wp-json\/wp\/v2\/posts"}],"about":[{"href":"https:\/\/edublog.educastur.es\/ixuxu\/wp-json\/wp\/v2\/types\/post"}],"author":[{"embeddable":true,"href":"https:\/\/edublog.educastur.es\/ixuxu\/wp-json\/wp\/v2\/users\/117"}],"replies":[{"embeddable":true,"href":"https:\/\/edublog.educastur.es\/ixuxu\/wp-json\/wp\/v2\/comments?post=29020"}],"version-history":[{"count":4,"href":"https:\/\/edublog.educastur.es\/ixuxu\/wp-json\/wp\/v2\/posts\/29020\/revisions"}],"predecessor-version":[{"id":29023,"href":"https:\/\/edublog.educastur.es\/ixuxu\/wp-json\/wp\/v2\/posts\/29020\/revisions\/29023"}],"wp:attachment":[{"href":"https:\/\/edublog.educastur.es\/ixuxu\/wp-json\/wp\/v2\/media?parent=29020"}],"wp:term":[{"taxonomy":"category","embeddable":true,"href":"https:\/\/edublog.educastur.es\/ixuxu\/wp-json\/wp\/v2\/categories?post=29020"},{"taxonomy":"post_tag","embeddable":true,"href":"https:\/\/edublog.educastur.es\/ixuxu\/wp-json\/wp\/v2\/tags?post=29020"}],"curies":[{"name":"wp","href":"https:\/\/api.w.org\/{rel}","templated":true}]}}