{"id":29055,"date":"2024-08-06T15:13:46","date_gmt":"2024-08-06T13:13:46","guid":{"rendered":"https:\/\/edublog.educastur.es\/ixuxu\/?p=29055"},"modified":"2024-08-06T15:16:54","modified_gmt":"2024-08-06T13:16:54","slug":"29055","status":"publish","type":"post","link":"https:\/\/edublog.educastur.es\/ixuxu\/2024\/08\/29055\/","title":{"rendered":"Jerome Brouillet, l&#8217;autor de la ic\u00f3nica imaxe de Gabriel Medina."},"content":{"rendered":"<p style=\"text-align: center\"><a href=\"https:\/\/www.semana.com\/resizer\/v2\/5HR2YFLHKNFJRKTVQNZA4BIQ2Q.jpg?auth=2c01a89b47c4c04dd6d285892c719a7d2a53e8d7ca3bf02c37a112f275501382&amp;smart=true&amp;quality=75&amp;width=1280&amp;fitfill=false\"><img loading=\"lazy\" decoding=\"async\" class=\"aligncenter size-full\" src=\"https:\/\/www.semana.com\/resizer\/v2\/5HR2YFLHKNFJRKTVQNZA4BIQ2Q.jpg?auth=2c01a89b47c4c04dd6d285892c719a7d2a53e8d7ca3bf02c37a112f275501382&amp;smart=true&amp;quality=75&amp;width=1280&amp;fitfill=false\" width=\"1280\" height=\"853\" \/><\/a><\/p>\n<p>Te presentamos al fot\u00f3grafu <strong>Jerome Brouillet<\/strong>, l&#8217;autor de la ic\u00f3nica imaxe de Gabriel Medina. El surfista brasile\u00f1u convirti\u00f3se nel protagonista d&#8217;una de les semeyes m\u00e1s destacaes de los Xuegos Ol\u00edmpicos de #Par\u00eds 2024. I<a href=\"https:\/\/www.facebook.com\/photo\/?fbid=963120169158210&amp;set=a.447229767413922\">maxe<\/a><\/p>\n<ul>\n<li><strong>Jerome Brouillet:<\/strong><a href=\"https:\/\/www.instagram.com\/jeromebrouilletphotography\/?hl=es\"> Instagram<\/a><strong> \/<br \/>\n<\/strong><\/li>\n<\/ul>\n<p><!--more--><a href=\"https:\/\/www.atv.pe\/wp-content\/uploads\/2024\/07\/Jerome-Brouillet.jpg\"><img loading=\"lazy\" decoding=\"async\" class=\"aligncenter size-full\" src=\"https:\/\/www.atv.pe\/wp-content\/uploads\/2024\/07\/Jerome-Brouillet.jpg\" width=\"1000\" height=\"600\" \/><\/a><\/p>\n<p style=\"text-align: center\">\n<!-- iframe plugin v.6.0 wordpress.org\/plugins\/iframe\/ -->\n<iframe loading=\"lazy\" src=\"https:\/\/www.facebook.com\/plugins\/post.php?href=https%3A%2F%2Fwww.facebook.com%2FElmonoinformativo%2Fposts%2Fpfbid02ioydLqgc9MB1mqTFKhRBjaua6kvQy7N8f9LXMzqvPHk81ThutNHbbAtWdowwVChzl&#038;show_text=false&#038;width=500\" width=\"500\" height=\"498\" style=\"border:none;overflow:hidden\" scrolling=\"no\" frameborder=\"0\" allowfullscreen=\"true\" allow=\"autoplay; clipboard-write; encrypted-media; picture-in-picture; web-share\" 0=\"\/iframe\" class=\"iframe-class\"><\/iframe>\n<\/p>\n","protected":false},"excerpt":{"rendered":"<p>Te presentamos al fot\u00f3grafu Jerome Brouillet, l&#8217;autor de la ic\u00f3nica imaxe de Gabriel Medina. El surfista brasile\u00f1u convirti\u00f3se nel protagonista d&#8217;una de les semeyes m\u00e1s destacaes de los Xuegos Ol\u00edmpicos de #Par\u00eds 2024. Imaxe Jerome Brouillet: Instagram \/<\/p>\n","protected":false},"author":117,"featured_media":0,"comment_status":"open","ping_status":"open","sticky":false,"template":"","format":"standard","meta":{"footnotes":""},"categories":[17,186],"tags":[],"class_list":["post-29055","post","type-post","status-publish","format-standard","hentry","category-semeyes","category-xuegos-olimpicos"],"_links":{"self":[{"href":"https:\/\/edublog.educastur.es\/ixuxu\/wp-json\/wp\/v2\/posts\/29055","targetHints":{"allow":["GET"]}}],"collection":[{"href":"https:\/\/edublog.educastur.es\/ixuxu\/wp-json\/wp\/v2\/posts"}],"about":[{"href":"https:\/\/edublog.educastur.es\/ixuxu\/wp-json\/wp\/v2\/types\/post"}],"author":[{"embeddable":true,"href":"https:\/\/edublog.educastur.es\/ixuxu\/wp-json\/wp\/v2\/users\/117"}],"replies":[{"embeddable":true,"href":"https:\/\/edublog.educastur.es\/ixuxu\/wp-json\/wp\/v2\/comments?post=29055"}],"version-history":[{"count":5,"href":"https:\/\/edublog.educastur.es\/ixuxu\/wp-json\/wp\/v2\/posts\/29055\/revisions"}],"predecessor-version":[{"id":29060,"href":"https:\/\/edublog.educastur.es\/ixuxu\/wp-json\/wp\/v2\/posts\/29055\/revisions\/29060"}],"wp:attachment":[{"href":"https:\/\/edublog.educastur.es\/ixuxu\/wp-json\/wp\/v2\/media?parent=29055"}],"wp:term":[{"taxonomy":"category","embeddable":true,"href":"https:\/\/edublog.educastur.es\/ixuxu\/wp-json\/wp\/v2\/categories?post=29055"},{"taxonomy":"post_tag","embeddable":true,"href":"https:\/\/edublog.educastur.es\/ixuxu\/wp-json\/wp\/v2\/tags?post=29055"}],"curies":[{"name":"wp","href":"https:\/\/api.w.org\/{rel}","templated":true}]}}